{"id":149195,"date":"2021-11-29T10:12:07","date_gmt":"2021-11-29T13:12:07","guid":{"rendered":"https:\/\/www.novaconcursos.com.br\/portal\/?p=149195"},"modified":"2021-11-29T17:51:29","modified_gmt":"2021-11-29T20:51:29","slug":"concurso-senado-federal-cargos-vagos","status":"publish","type":"post","link":"https:\/\/www.novaconcursos.com.br\/portal\/noticias\/concurso-senado-federal-cargos-vagos\/","title":{"rendered":"Concurso Senado Federal: Tem mais de 1.400 cargos vagos!"},"content":{"rendered":"<p>Aguardado desde 2020, o\u00a0<a href=\"https:\/\/www.novaconcursos.com.br\/portal\/concursos\/concurso-senado-federal\/\">concurso Senado Federal<\/a>\u00a0tem previs\u00e3o de ser publicado<strong> em 2022<\/strong>, uma vez consta no Projeto de Lei Or\u00e7ament\u00e1ria. <\/p>\n\n\n\n<p>Enquanto isso, os cargos vagos aumentam e j\u00e1 passam dos 4 mil. S\u00e3o esperadas\u00a0<strong>40 vagas\u00a0<\/strong>para cargos de\u00a0<strong>n\u00edvel m\u00e9dio e superior<\/strong>.<\/p>\n\n\n\n<ul class=\"wp-block-list\"><li><strong>Confira:<\/strong> <a href=\"https:\/\/www.novaconcursos.com.br\/eventos\/guia-definitivo-como-montar-um-mapa-mental\/\" target=\"_blank\" rel=\"noreferrer noopener\" aria-label=\" (abre numa nova aba)\">Guia como montar um mapa mental (Gr\u00e1tis)<\/a><\/li><\/ul><p><\/p>\n\n\n\n<h2 class=\"wp-block-heading\" id=\"concurso-senado-federal-cargos-vagos-aumentam\">Concurso Senado Federal: cargos vagos aumentam<\/h2>\n\n\n\n<p>Aguardando a abertura de um novo edital de <a href=\"https:\/\/www.novaconcursos.com.br\/portal\/concursos-abertos\/nacional\">concurso p\u00fablico<\/a>, o Senado Federal v\u00ea seus <strong>cargos cada vez mais vagos. <\/strong><\/p>\n\n\n\n<p>J\u00e1 s\u00e3o<strong> 1.486 vac\u00e2ncias<\/strong> registradas! As informa\u00e7\u00f5es s\u00e3o do Portal da Transpar\u00eancia, referente ao m\u00eas de novembro, e \u00e9 devido \u00e0 aposentadorias, mortes e desligamentos em geral.<\/p>\n\n\n\n<p>Entretanto, essa vac\u00e2ncia n\u00e3o apresenta uma <strong>reposi\u00e7\u00e3o constante<\/strong> com o ingresso de aprovados no concurso Senado.\u00a0Foram <strong>19 sa\u00eddas <\/strong>registradas em um ano, novembro de 2020 a novembro deste ano. Confira:<\/p>\n\n\n\n<ul class=\"wp-block-list\"><li>Novembro de 2020: 1.467 cargos vagos;<\/li><li>Novembro de 2021: 1.486 cargos vagos.<\/li><\/ul><p><\/p>\n\n\n\n<p>Apenas para Policial Legislativo, cargo de n\u00edvel m\u00e9dio, faltam <strong>185 servidores. <\/strong><\/p>\n\n\n\n<p>Al\u00e9m disso, faltam <strong>05 Advogados<\/strong> (n\u00edvel superior em Direito); 231 vac\u00e2ncias na \u00e1rea de Processo Legislativo e <strong>586 Analistas Legislativo (<\/strong>n\u00edvel superior), em diversas especialidades.<\/p>\n\n\n\n<h2 class=\"wp-block-heading\" id=\"concurso-senado-federal-comisso-chegou-a-ser-formada\">Concurso Senado Federal: comiss\u00e3o chegou a ser formada<\/h2>\n\n\n\n<p>Vale destacar que todos os cargos mencionados constam na<strong> autoriza\u00e7\u00e3o para o concurso Senado<\/strong>, concedida em 2019 pelo ent\u00e3o presidente da Casa, Rodrigo Alcolumbre (DEM), para 40 vagas.<\/p>\n\n\n\n<p>Anteriormente, uma comiss\u00e3o chegou a ser formada para os <strong>preparativos do edital<\/strong>, chegou a desenvolver o projeto b\u00e1sico e receber propostas de bancas organizadoras.<\/p>\n\n\n\n<p>Na \u00e9poca, o <strong>Cebraspe <\/strong>foi indicado como institui\u00e7\u00e3o\u00a0a ser contratada para aplica\u00e7\u00e3o das provas. Por\u00e9m, no auge da <strong>pandemia<\/strong>, em agosto de 2020, a comiss\u00e3o foi suspensa. <\/p>\n\n\n\n<h3 class=\"wp-block-heading\"><strong>Aval da presid\u00eancia<\/strong> \u00e9 esperado<\/h3>\n\n\n\n<p>Assim, para que os tr\u00e2mites do <a href=\"https:\/\/www.novaconcursos.com.br\/portal\/concursos-previstos\/nacional\">concurso <\/a>retornem, \u00e9 aguardado um aval do presidente da Casa, <strong>Rodrigo Pacheco (PSD)<\/strong> e da Comiss\u00e3o Diretora.<\/p>\n\n\n\n<p>Mas ainda n\u00e3o h\u00e1 nenhuma decis\u00e3o sobre o ingresso de servidores este ano, ou seja, isso <strong>deve sair somente no pr\u00f3ximo ano.<\/strong><\/p>\n\n\n\n<p>Isso porque no <strong>Projeto de Lei Or\u00e7ament\u00e1ria Anual <\/strong>(PLOA) de 2022, consta que h\u00e1 previs\u00e3o de 40 vagas para ingresso no Senado.<\/p>\n\n\n\n<p>Entretanto, o projeto ainda <strong>ser\u00e1 debatido e votado<\/strong> pelo Congresso Nacional, o que poder\u00e1 gerar altera\u00e7\u00e3o no n\u00famero de vagas previsto. <\/p>\n\n\n\n<h2 class=\"wp-block-heading\" id=\"concurso-senado-salrios-iniciais-chegam-a-r-34-mil\"><strong>Concurso Senado: sal\u00e1rios iniciais chegam a R$ 34 mil<\/strong><\/h2>\n\n\n\n<p>Em 2019, a autoriza\u00e7\u00e3o tamb\u00e9m era pra <strong>40 vagas de n\u00edveis m\u00e9dio<\/strong> <strong>e superior,<\/strong> sendo que 24 eram pra T\u00e9cnico, 12 para Analistas e 04 para Advogado. Confira os sal\u00e1rios:<\/p>\n\n\n\n<ul class=\"wp-block-list\"><li><strong>N\u00edvel m\u00e9dio<\/strong><ul><li>T\u00e9cnico \u2013 Policial Legislativo \u2013 24 vagas \u2013  R$ 20.410,07<\/li><\/ul><\/li><li><strong>N\u00edvel superior<\/strong><ul><li>Advogado \u2013 04 vagas \u2013 R$ 34.443,96 <ul><li>Analista Legislativo \u2013 12 vagas \u2013 R$ 26.880,04<\/li><\/ul><ul><li>Administra\u00e7\u00e3o \u2013 02<\/li><li>Arquivologia \u2013 01<\/li><li>Assist\u00eancia Social \u2013 01<\/li><li>Contabilidade \u2013 01<\/li><li>Enfermagem \u2013 01<\/li><li>Inform\u00e1tica Legislativa \u2013 01<\/li><li>Processo Legislativo \u2013 02<\/li><li>Registro e Reda\u00e7\u00e3o Parlamentar \u2013 01<\/li><li>Engenharia do Trabalho \u2013 01<\/li><li>Engenharia Eletr\u00f4nica e Telecomunica\u00e7\u00f5es \u2013 01<\/li><\/ul><\/li><\/ul><\/li><\/ul><p><\/p>\n\n\n\n<p>Ademais, vale destacar que os valores acima j\u00e1 est\u00e3o acrescidos com o aux\u00edlio-alimenta\u00e7\u00e3o de <strong>R$ 982,28. <\/strong><\/p>","protected":false},"excerpt":{"rendered":"<p>Aguardado desde 2020, o\u00a0concurso Senado Federal\u00a0tem previs\u00e3o de ser publicado em 2022, uma vez consta no Projeto de Lei Or\u00e7ament\u00e1ria. Enquanto isso, os cargos vagos aumentam e j\u00e1 passam dos 4 mil. S\u00e3o esperadas\u00a040 vagas\u00a0para cargos de\u00a0n\u00edvel m\u00e9dio e superior. Confira: Guia como montar um mapa mental (Gr\u00e1tis) Concurso Senado Federal: cargos vagos aumentam Aguardando [&hellip;]<\/p>\n","protected":false},"author":54671,"featured_media":127668,"comment_status":"closed","ping_status":"closed","sticky":false,"template":"","format":"standard","meta":{"_acf_changed":false,"footnotes":"","_wp_rev_ctl_limit":""},"categories":[228],"tags":[24390,27268,37844,41106,36573,3726,198,2578,35816,41105,35323,37845,37846],"class_list":["post-149195","post","type-post","status-publish","format-standard","has-post-thumbnail","hentry","category-noticias","tag-concurso-senado","tag-concurso-senado-federal","tag-concurso-senado-readmite-servidores-aposentados","tag-concurso-senado-orcamento-2022","tag-concursos-2021","tag-concursos-abertos","tag-concursos-previstos","tag-concursos-publicos","tag-concursos-suspensos","tag-orcamento-2022","tag-senado-federal","tag-senado-readmite-servidores-aposentados","tag-servidores-aposentados-senado"],"acf":[],"_links":{"self":[{"href":"https:\/\/www.novaconcursos.com.br\/portal\/wp-json\/wp\/v2\/posts\/149195","targetHints":{"allow":["GET"]}}],"collection":[{"href":"https:\/\/www.novaconcursos.com.br\/portal\/wp-json\/wp\/v2\/posts"}],"about":[{"href":"https:\/\/www.novaconcursos.com.br\/portal\/wp-json\/wp\/v2\/types\/post"}],"author":[{"embeddable":true,"href":"https:\/\/www.novaconcursos.com.br\/portal\/wp-json\/wp\/v2\/users\/54671"}],"replies":[{"embeddable":true,"href":"https:\/\/www.novaconcursos.com.br\/portal\/wp-json\/wp\/v2\/comments?post=149195"}],"version-history":[{"count":7,"href":"https:\/\/www.novaconcursos.com.br\/portal\/wp-json\/wp\/v2\/posts\/149195\/revisions"}],"predecessor-version":[{"id":149443,"href":"https:\/\/www.novaconcursos.com.br\/portal\/wp-json\/wp\/v2\/posts\/149195\/revisions\/149443"}],"wp:featuredmedia":[{"embeddable":true,"href":"https:\/\/www.novaconcursos.com.br\/portal\/wp-json\/wp\/v2\/media\/127668"}],"wp:attachment":[{"href":"https:\/\/www.novaconcursos.com.br\/portal\/wp-json\/wp\/v2\/media?parent=149195"}],"wp:term":[{"taxonomy":"category","embeddable":true,"href":"https:\/\/www.novaconcursos.com.br\/portal\/wp-json\/wp\/v2\/categories?post=149195"},{"taxonomy":"post_tag","embeddable":true,"href":"https:\/\/www.novaconcursos.com.br\/portal\/wp-json\/wp\/v2\/tags?post=149195"}],"curies":[{"name":"wp","href":"https:\/\/api.w.org\/{rel}","templated":true}]}}