{"id":149231,"date":"2021-11-26T15:29:06","date_gmt":"2021-11-26T18:29:06","guid":{"rendered":"https:\/\/www.novaconcursos.com.br\/portal\/?p=149231"},"modified":"2021-11-26T15:29:28","modified_gmt":"2021-11-26T18:29:28","slug":"concurso-detran-df-o-que-cai-na-prova-de-agente","status":"publish","type":"post","link":"https:\/\/www.novaconcursos.com.br\/portal\/noticias\/concurso-detran-df-o-que-cai-na-prova-de-agente\/","title":{"rendered":"Concurso Detran DF: O que cai na prova de Agente?"},"content":{"rendered":"<p>Concurseiros que aguardam o <a href=\"https:\/\/www.novaconcursos.com.br\/portal\/concursos\/concurso-detran-df\/\">concurso Detran DF<\/a> para Agente, aten\u00e7\u00e3o! Para iniciar a prepara\u00e7\u00e3o, \u00e9 essencial conhecer <strong>como foram as avalia\u00e7\u00f5es do \u00faltimo edital.<\/strong> Sendo assim, confira o que cai na prova de <strong>Agente.<\/strong><\/p>\n\n\n\n<ul class=\"wp-block-list\"><li><strong>Confira: <\/strong><a href=\"https:\/\/www.novaconcursos.com.br\/eventos\/guia-definitivo-como-fazer-uma-boa-revisao\/\" target=\"_blank\" rel=\"noreferrer noopener\" aria-label=\" (abre numa nova aba)\">Como fazer uma boa revis\u00e3o \u2013 Gr\u00e1tis<\/a><\/li><\/ul><p><\/p>\n\n\n\n<p>Ser\u00e3o publicados em breve <strong>dois editais<\/strong> para concurso do Departamento de Tr\u00e2nsito do Distrito Federal. Al\u00e9m disso, o primeiro deles deve sair <strong>at\u00e9 dezembro<\/strong>, ofertando vagas para os cargos de <strong>Analista e T\u00e9cnico de Tr\u00e2nsito.<\/strong><\/p>\n\n\n\n<ul class=\"wp-block-list\"><li><strong>Adquira: <\/strong><a href=\"https:\/\/www.novaconcursos.com.br\/concurso\/detran-df\/apostila\">Apostila Concurso Detran DF<\/a><\/li><\/ul><p><\/p>\n\n\n\n<p>Al\u00e9m disso, tamb\u00e9m dever\u00e1 ser publicado <strong>em 2022 <\/strong>um edital com oferta de oportunidades para os cargos de <strong>Agente e Especialista de Tr\u00e2nsito<\/strong>. Dessa forma, confira o que cai na prova de Agente!<\/p>\n\n\n\n<h2 class=\"wp-block-heading\" id=\"concurso-detran-df-panorama-geral\"><strong>Concurso Detran DF: panorama geral<\/strong><\/h2>\n\n\n\n<p>Primeiramente, \u00e9 importante que os concurseiros saibam que ainda <strong>n\u00e3o h\u00e1 uma data espec\u00edfica<\/strong> acerca de quando ser\u00e1 publicado o edital do <a href=\"https:\/\/www.novaconcursos.com.br\/portal\/concursos-previstos\/df\/\">concurso<\/a> para o cargo de Agente do Detran DF.<\/p>\n\n\n\n<p>Entretanto, estima-se que ser\u00e3o ofertadas <strong>85 oportunidades<\/strong> para a carreira, de acordo com o projeto da Lei de Diretrizes Or\u00e7ament\u00e1rias (LDO) <strong>para 2022.<\/strong><\/p>\n\n\n\n<h2 class=\"wp-block-heading\" id=\"ltimo-concurso-detran-df-para-agente\"><strong>\u00daltimo concurso Detran DF para Agente<\/strong><\/h2>\n\n\n\n<p>Portanto, os concurseiros que aguardam ansiosamente pelo pr\u00f3ximo <a href=\"https:\/\/www.novaconcursos.com.br\/portal\/concursos-abertos\/df\/\">concurso<\/a> do Departamento de Tr\u00e2nsito do Distrito Federal para o cargo de <strong>Agente de Tr\u00e2nsito <\/strong>podem come\u00e7ar a se preparar com base no <strong>\u00faltimo edital.<\/strong><\/p>\n\n\n\n<p>Sendo assim, o \u00faltimo concurso Detran DF para a carreira aconteceu <strong>em 2011<\/strong> sob a organiza\u00e7\u00e3o da <strong>Funda\u00e7\u00e3o Universa<\/strong>. Na \u00e9poca, foram ofertadas <strong>100 oportunidades para Agente<\/strong>, que exigia o <strong>n\u00edvel superior<\/strong> de escolaridade.<\/p>\n\n\n\n<p>Al\u00e9m disso, a <strong>remunera\u00e7\u00e3o<\/strong> dos aprovados contava com o valor de <strong>R$5.485,24,<\/strong> de forma que atualmente os sal\u00e1rios devem ser maiores.<\/p>\n\n\n\n<h2 class=\"wp-block-heading\" id=\"como-foram-as-provas-do-concurso\"><strong>Como foram as provas do concurso?<\/strong><\/h2>\n\n\n\n<p>Por fim, os candidatos do concurso Detran DF 2011 foram avaliados por meio de uma s\u00e9rie de <strong>etapas avaliativas<\/strong>, sendo elas:<\/p>\n\n\n\n<ul class=\"wp-block-list\"><li>Prova objetiva e prova discursiva;<\/li><li>Prova de capacidade f\u00edsica:<\/li><li>Avalia\u00e7\u00e3o Psicol\u00f3gica;<\/li><li>Investiga\u00e7\u00e3o social;<\/li><li>Curso de forma\u00e7\u00e3o profissional.<\/li><\/ul><p><\/p>\n\n\n\n<p>Al\u00e9m disso, para a <strong>prova objetiva <\/strong>os inscritos na sele\u00e7\u00e3o tiveram <strong>4 horas<\/strong> para responder a <strong>60 quest\u00f5es<\/strong> de m\u00faltipla escolha acerca de Conhecimentos Gerais e Conhecimentos Espec\u00edficos. Ademais, confira as <strong>disciplinas<\/strong> cobradas e seus <strong>conte\u00fados program\u00e1ticos<\/strong>:<\/p>\n\n\n\n<h3 class=\"wp-block-heading\">Conhecimentos Gerais<\/h3>\n\n\n\n<p><strong>L\u00edngua Portuguesa<\/strong><\/p>\n\n\n\n<ul class=\"wp-block-list\"><li>Compreens\u00e3o e intelec\u00e7\u00e3o de textos;<\/li><li>Tipologia textual;<\/li><li>Coes\u00e3o e coer\u00eancia;<\/li><li>Figuras de linguagem;<\/li><li>Ortografia;<\/li><li>Acentua\u00e7\u00e3o gr\u00e1fica;<\/li><li>Emprego do sinal indicativo de crase;<\/li><li>Forma\u00e7\u00e3o, classe e emprego de palavras;<\/li><li>Sintaxe da ora\u00e7\u00e3o e do per\u00edodo;<\/li><li>Pontua\u00e7\u00e3o;<\/li><li>Concord\u00e2ncia nominal e verbal;<\/li><li>Coloca\u00e7\u00e3o pronominal;<\/li><li>Reg\u00eancia nominal e verbal;<\/li><li>Equival\u00eancia e transforma\u00e7\u00e3o de estruturas;<\/li><li>Paralelismo sint\u00e1tico;<\/li><li>Rela\u00e7\u00f5es de sinon\u00edmia e anton\u00edmia.<\/li><\/ul><p><\/p>\n\n\n\n<p><strong>Atualidades<\/strong><\/p>\n\n\n\n<ul class=\"wp-block-list\"><li>Dom\u00ednio de t\u00f3picos atuais e relevantes de diversas \u00e1reas, tais como desenvolvimento sustent\u00e1vel, ecologia, tecnologia, energia, pol\u00edtica, economia, sociedade, rela\u00e7\u00f5es internacionais, educa\u00e7\u00e3o, seguran\u00e7a e artes e literatura e suas vincula\u00e7\u00f5es hist\u00f3ricas.<\/li><li>Atualidades e contextos hist\u00f3ricos, geogr\u00e1ficos, sociais, pol\u00edticos, econ\u00f4micos e culturais referentes ao Distrito Federal e Regi\u00e3o Integrada de Desenvolvimento do Entorno \u2013 RIDE.<\/li><li>No\u00e7\u00f5es de cidadania.<\/li><\/ul><p><\/p>\n\n\n\n<p><strong>No\u00e7\u00f5es de Direito\nConstitucional<\/strong><\/p>\n\n\n\n<ul class=\"wp-block-list\"><li>Direitos e deveres fundamentais: direitos e deveres individuais e coletivos; direito \u00e0 vida, \u00e0 liberdade, \u00e0 igualdade, \u00e0 seguran\u00e7a e \u00e0 propriedade; direitos sociais; nacionalidade; cidadania e direitos pol\u00edticos; partidos pol\u00edticos; garantias constitucionais individuais; garantias dos direitos coletivos, sociais e pol\u00edticos. <\/li><li>Ordem social: base e objetivos da ordem social; seguridade social; educa\u00e7\u00e3o, cultura e desporto; ci\u00eancia e tecnologia; comunica\u00e7\u00e3o social; meio ambiente; fam\u00edlia, crian\u00e7a, adolescente e idoso.<\/li><\/ul><p><\/p>\n\n\n\n<p><strong>Lei Org\u00e2nica do Distrito\nFederal<\/strong><\/p>\n\n\n\n<ul class=\"wp-block-list\"><li>Dos Fundamentos da Organiza\u00e7\u00e3o dos Poderes e do Distrito Federal;<\/li><li>Da organiza\u00e7\u00e3o do Distrito Federal;<\/li><li>Da Organiza\u00e7\u00e3o Administrativa do Distrito Federal;<\/li><li>Dos Servidores P\u00fablicos.<\/li><\/ul><p><\/p>\n\n\n\n<p><strong>No\u00e7\u00f5es de Direito Penal<\/strong><\/p>\n\n\n\n<ul class=\"wp-block-list\"><li>Infra\u00e7\u00e3o penal: elementos, esp\u00e9cies;<\/li><li>Sujeito ativo e sujeito passivo da infra\u00e7\u00e3o penal;<\/li><li>Tipicidade, ilicitude, culpabilidade, punibilidade;<\/li><li>Erro de tipo; <\/li><li>Erro de proibi\u00e7\u00e3o; <\/li><li>Imputabilidade penal;<\/li><li>Crimes contra a Administra\u00e7\u00e3o P\u00fablica;<\/li><li>Abuso de autoridade (Lei n\u00ba 4.898\/1965).<\/li><\/ul><p><\/p>\n\n\n\n<p><strong>No\u00e7\u00f5es de Direito Processual\nPenal<\/strong><\/p>\n\n\n\n<ul class=\"wp-block-list\"><li>Inqu\u00e9rito policial; <\/li><li>Notitia criminis;<\/li><li>A\u00e7\u00e3o penal, esp\u00e9cies. <\/li><li>Jurisdi\u00e7\u00e3o, compet\u00eancia. <\/li><li>Prova (artigos 158 a 184 do CPP);<\/li><li>Pris\u00e3o em flagrante;<\/li><li>Processos dos crimes de responsabilidade dos funcion\u00e1rios p\u00fablicos;<\/li><li>Lei n\u00ba 9.099\/1995;<\/li><li>Lei n\u00ba 10.826, de 22 de dezembro de 2003.<\/li><\/ul><p><\/p>\n\n\n\n<p><strong>No\u00e7\u00f5es de Direito\nAdministrativo<\/strong><\/p>\n\n\n\n<ul class=\"wp-block-list\"><li>Estado, governo e administra\u00e7\u00e3o p\u00fablica: conceitos, elementos, poderes e organiza\u00e7\u00e3o; natureza, fins e princ\u00edpios. <\/li><li>Organiza\u00e7\u00e3o administrativa da Uni\u00e3o; administra\u00e7\u00e3o direta e indireta. <\/li><li>Agentes p\u00fablicos: esp\u00e9cies e classifica\u00e7\u00e3o; poderes, deveres e prerrogativas; cargo, emprego e fun\u00e7\u00e3o p\u00fablicos.<\/li><li>Regime jur\u00eddico \u00fanico: provimento, vac\u00e2ncia, remo\u00e7\u00e3o, redistribui\u00e7\u00e3o e substitui\u00e7\u00e3o; direitos e vantagens; regime disciplinar; responsabilidade civil, criminal e administrativa. <\/li><li>Poderes administrativos: poder hier\u00e1rquico; poder disciplinar, regulamentar e de pol\u00edcia; uso e abuso do poder. <\/li><li>Servi\u00e7os P\u00fablicos: conceito, classifica\u00e7\u00e3o, regulamenta\u00e7\u00e3o e controle; forma, meios e requisitos.<\/li><li>Delega\u00e7\u00e3o: concess\u00e3o, permiss\u00e3o, autoriza\u00e7\u00e3o. <\/li><li>Controle e responsabiliza\u00e7\u00e3o da administra\u00e7\u00e3o: controle administrativo, judicial e legislativo; responsabilidade civil do Estado. <\/li><li>Regime Disciplinar dos Servidores P\u00fablicos do Distrito Federal (Lei n\u00ba 8.112\/1990, aplic\u00e1vel ao Distrito Federal, no que couber, por for\u00e7a da Lei Distrital n\u00ba 197\/1991).<\/li><\/ul><p><\/p>\n\n\n\n<p><strong>Microinform\u00e1tica<\/strong><\/p>\n\n\n\n<ul class=\"wp-block-list\"><li>Sistema Operacional Windows Vista;<\/li><li>Microsoft Office Word 2007;<\/li><li>Conceitos, servi\u00e7os e tecnologias relacionados a Internet e a correio eletr\u00f4nico;<\/li><li> Microsoft Office PowerPoint 2007; <\/li><li>Internet Explorer;<\/li><li> Microsoft Office Excel 2007.<\/li><\/ul><p><\/p>\n\n\n\n<h3 class=\"wp-block-heading\">Conhecimentos Espec\u00edficos<\/h3>\n\n\n\n<ul class=\"wp-block-list\"><li>Lei n\u00ba 5.553, de 6 de dezembro de 1968.<\/li><li>Lei n\u00ba 4.898, de 9 de dezembro de 1965.<\/li><li>Estatuto da Crian\u00e7a e do Adolescente \u2013 Lei n\u00ba 8.069, de 13 de julho de 1990.<\/li><li>Lei n.\u00ba 9.503, de 23 de setembro de 1997, C\u00f3digo de Tr\u00e2nsito Brasileiro e altera\u00e7\u00f5es.<\/li><li>Portaria Interministerial n\u00ba 4.226, de 31 de dezembro de 2010.<\/li><li>Resolu\u00e7\u00f5es do Conselho Nacional de Tr\u00e2nsito (CONTRAN): n\u00ba 248, de 27 de agosto de 2007; n\u00ba 14, de 6 de fevereiro de 1998; n\u00ba 362, de 15 de outubro de 2010; n\u00ba 206, de 20 de outubro de 2006; n\u00ba 110, de 24 de fevereiro de 2000; n\u00ba 203, de 29 de setembro de 2006 e altera\u00e7\u00f5es; n\u00ba 277, de 28 de maio de 2008; n\u00ba 149, de 19 de setembro de 2003; n\u00ba 269, de 15 de fevereiro de 2008; n\u00ba 383, de 2 de junho de 2011; n\u00ba 384, de 2 de junho de 2011; e n\u00ba 386, de 2 de junho de 2011.<\/li><\/ul><p><\/p>","protected":false},"excerpt":{"rendered":"<p>Concurseiros que aguardam o concurso Detran DF para Agente, aten\u00e7\u00e3o! Para iniciar a prepara\u00e7\u00e3o, \u00e9 essencial conhecer como foram as avalia\u00e7\u00f5es do \u00faltimo edital. Sendo assim, confira o que cai na prova de Agente. Confira: Como fazer uma boa revis\u00e3o \u2013 Gr\u00e1tis Ser\u00e3o publicados em breve dois editais para concurso do Departamento de Tr\u00e2nsito do [&hellip;]<\/p>\n","protected":false},"author":54674,"featured_media":126546,"comment_status":"closed","ping_status":"closed","sticky":false,"template":"","format":"standard","meta":{"_acf_changed":false,"footnotes":"","_wp_rev_ctl_limit":""},"categories":[228],"tags":[39108,3632,43671,43670,40330,43674,37200,43673,43675,37201,28255,43672,39347],"class_list":["post-149231","post","type-post","status-publish","format-standard","has-post-thumbnail","hentry","category-noticias","tag-cargos-concurso-detran-df","tag-concurso-detran","tag-concurso-detran-df-2011","tag-concurso-detran-df-agente","tag-concurso-detran-df-autorizado","tag-concurso-detran-df-etapas","tag-concurso-detran-df-previsto","tag-concurso-detran-df-provas","tag-concurso-detran-df-salarios","tag-concurso-detran-df-vagas","tag-concurso-detran-df","tag-o-que-cai-na-prova-detran-df","tag-ultimo-concurso-detran-df"],"acf":[],"_links":{"self":[{"href":"https:\/\/www.novaconcursos.com.br\/portal\/wp-json\/wp\/v2\/posts\/149231","targetHints":{"allow":["GET"]}}],"collection":[{"href":"https:\/\/www.novaconcursos.com.br\/portal\/wp-json\/wp\/v2\/posts"}],"about":[{"href":"https:\/\/www.novaconcursos.com.br\/portal\/wp-json\/wp\/v2\/types\/post"}],"author":[{"embeddable":true,"href":"https:\/\/www.novaconcursos.com.br\/portal\/wp-json\/wp\/v2\/users\/54674"}],"replies":[{"embeddable":true,"href":"https:\/\/www.novaconcursos.com.br\/portal\/wp-json\/wp\/v2\/comments?post=149231"}],"version-history":[{"count":7,"href":"https:\/\/www.novaconcursos.com.br\/portal\/wp-json\/wp\/v2\/posts\/149231\/revisions"}],"predecessor-version":[{"id":149238,"href":"https:\/\/www.novaconcursos.com.br\/portal\/wp-json\/wp\/v2\/posts\/149231\/revisions\/149238"}],"wp:featuredmedia":[{"embeddable":true,"href":"https:\/\/www.novaconcursos.com.br\/portal\/wp-json\/wp\/v2\/media\/126546"}],"wp:attachment":[{"href":"https:\/\/www.novaconcursos.com.br\/portal\/wp-json\/wp\/v2\/media?parent=149231"}],"wp:term":[{"taxonomy":"category","embeddable":true,"href":"https:\/\/www.novaconcursos.com.br\/portal\/wp-json\/wp\/v2\/categories?post=149231"},{"taxonomy":"post_tag","embeddable":true,"href":"https:\/\/www.novaconcursos.com.br\/portal\/wp-json\/wp\/v2\/tags?post=149231"}],"curies":[{"name":"wp","href":"https:\/\/api.w.org\/{rel}","templated":true}]}}