{"id":149304,"date":"2021-11-27T14:35:17","date_gmt":"2021-11-27T17:35:17","guid":{"rendered":"https:\/\/www.novaconcursos.com.br\/portal\/?p=149304"},"modified":"2021-11-27T14:35:23","modified_gmt":"2021-11-27T17:35:23","slug":"concursos-publicos-selecoes-autorizadas-editais","status":"publish","type":"post","link":"https:\/\/www.novaconcursos.com.br\/portal\/noticias\/concursos-publicos-selecoes-autorizadas-editais\/","title":{"rendered":"Concursos P\u00fablicos: 7 sele\u00e7\u00f5es autorizadas e editais na mira!"},"content":{"rendered":"<p>Aten\u00e7\u00e3o, concurseiros! Os <a href=\"https:\/\/www.novaconcursos.com.br\/portal\/concursos-abertos\/nacional\/\">concursos p\u00fablicos<\/a> 2022 estar\u00e3o muito movimentados. Fizemos uma lista com <strong>sete editais que est\u00e3o previstos<\/strong> para manter voc\u00ea, leitor, muito bem informado!<\/p>\n\n\n\n<ul class=\"wp-block-list\"><li><strong>Confira<\/strong>: <a href=\"https:\/\/www.novaconcursos.com.br\/eventos\/guia-definitivo-como-montar-um-mapa-mental\/\" target=\"_blank\" rel=\"noreferrer noopener\" aria-label=\"Guia Definitivo - Como Montar Mapas Mentais (GR\u00c1TIS) (abre numa nova aba)\">Guia Definitivo \u2013 Como Montar Mapas Mentais (GR\u00c1TIS)<\/a><\/li><\/ul><p><\/p>\n\n\n\n<p>Vale apontar que, por conta da pandemia de COVID-19, muitas institui\u00e7\u00f5es p\u00fablicas acabaram sofrendo <strong>deficits <\/strong>em seus quadros de funcion\u00e1rios, por isso novas <strong>sele\u00e7\u00f5es em 2022 <\/strong>ser\u00e3o de extrema necessidade.<\/p>\n\n\n\n<p>\u00a0Al\u00e9m disso, 2022 ser\u00e1 um ano eleitoral, o que gera um aumento de demanda de trabalho nos \u00f3rg\u00e3os p\u00fablicos. Ou seja, <strong>novos funcion\u00e1rios ser\u00e3o cruciais <\/strong>no \u00e2mbito nacional.<\/p>\n\n\n\n<p>Tendo em vista esses pontos, confira alguns <a href=\"https:\/\/www.novaconcursos.com.br\/portal\/concursos-previstos\/nacional\/\">concursos <\/a>que acontecer\u00e3o em 2022 e j\u00e1 <strong>se prepare<\/strong> para ser um concursado!<\/p>\n\n\n\n<h2 class=\"wp-block-heading\" id=\"concurso-pm-am-e-pc-am-\">Concurso PM AM e PC AM <\/h2>\n\n\n\n<p>O <a href=\"https:\/\/www.novaconcursos.com.br\/portal\/concursos\/concurso-pm-am\/\">concurso PM AM<\/a> foi autorizado em julho pelo governador do Estado, Wilson Lima, que tamb\u00e9m confirmou o lan\u00e7amento do edital at\u00e9 o final de outubro de 2021. No entanto, a abertura do concurso n\u00e3o aconteceu e a <strong>sele\u00e7\u00e3o deve ficar para o in\u00edcio do ano que vem<\/strong>.<\/p>\n\n\n\n<p>Apesar do atraso, o certame j\u00e1 tem uma<strong> comiss\u00e3o organizadora<\/strong> formada e, durante o an\u00fancio dos nomes que comp\u00f5em o grupo, informa\u00e7\u00f5es sobre <strong>vagas e cargos<\/strong> foram confirmadas. Veja mais detalhes:<\/p>\n\n\n\n<ul class=\"wp-block-list\"><li><strong>Oficial<\/strong>: 320 vagas; sal\u00e1rio de R$ 12.468,18;<\/li><li><strong>Oficial da sa\u00fade<\/strong>: 30 vagas; sal\u00e1rio de R$ 12.468,18; e<\/li><li><strong>Pra\u00e7a<\/strong>: 1.000 vagas; sal\u00e1rio de R$ 4.831,43.<\/li><\/ul><p><\/p>\n\n\n\n<p>J\u00e1 para o <a href=\"https:\/\/www.novaconcursos.com.br\/portal\/concursos\/concurso-pc-am\/\">concurso PC AM<\/a>, a expectativa \u00e9 de que o edital que ser\u00e1 lan\u00e7ado oferte <strong>362 vagas<\/strong> de n\u00edvel superior para os cargos:<\/p>\n\n\n\n<ul class=\"wp-block-list\"><li><strong>Delegado<\/strong> (62 vagas);<\/li><li><strong>Escriv\u00e3o <\/strong>(62 vagas);<\/li><li><strong>Investigador <\/strong>(200 vagas); e<\/li><li><strong>Perito <\/strong>(38 vagas).<\/li><\/ul><p><\/p>\n\n\n\n<p>A carreira de <strong>Perito <\/strong>ter\u00e1 oferta nas \u00e1reas de Criminal, Legista e de Odontologia e o sal\u00e1rio para os profissionais desse cargo ser\u00e1, inicialmente, de <strong>R$ 16.237,85.<\/strong><\/p>\n\n\n\n<p>Enquanto isso, os aprovados para Escriv\u00e3o e Investigador, receber\u00e3o <strong>R$ 11.281,26<\/strong>, e os Delegados ter\u00e3o ganho de <strong>R$ 20.449,05<\/strong>.<\/p>\n\n\n\n<h2 class=\"wp-block-heading\" id=\"concurso-pm-sp-oficiais-\">Concurso PM SP Oficiais <\/h2>\n\n\n\n<p>Recentemente, o governado de S\u00e3o Paulo, Jo\u00e3o D\u00f3ria autorizou o <a href=\"https:\/\/www.novaconcursos.com.br\/portal\/concursos\/concurso-pm-sp\/\">concurso PM SP<\/a> para o cargo de <strong>Oficial<\/strong>. Segundo a autoriza\u00e7\u00e3o, poder\u00e3o ser preenchidas <strong>220 vagas.<\/strong><\/p>\n\n\n\n<p>Apesar de ter a autoriza\u00e7\u00e3o dada somente no m\u00eas de novembro, a PM j\u00e1 havia contratado at\u00e9 mesmo uma banca organizadora, a <strong>Vunesp<\/strong>. Com isso, a expectativa \u00e9 de que o concurso seja aberto logo<strong> no in\u00edcio de 2022.<\/strong><\/p>\n\n\n\n<h2 class=\"wp-block-heading\" id=\"concurso-pc-sp-\">Concurso PC SP <\/h2>\n\n\n\n<p>Assim como o concurso da PM SP, o da <a href=\"https:\/\/www.novaconcursos.com.br\/portal\/concursos\/concurso-policia-civil-sp\/\">Pol\u00edcia Civil de S\u00e3o Paulo<\/a> j\u00e1 tem a <strong>Vunesp <\/strong>contratada como banca organizadora. Por\u00e9m, nesse caso, o contrato j\u00e1 foi divulgado e o <strong>edital<\/strong> pode ser lan\u00e7ado a qualquer instante!<\/p>\n\n\n\n<p>No total, ser\u00e3o ofertadas<strong> 2.939 <\/strong>vagas para os cargos de <strong>Escriv\u00e3o <\/strong>de Pol\u00edcia (1.600 vagas); <strong>Investigador <\/strong>de Pol\u00edcia (900); <strong>Delegado <\/strong>(250) e <strong>M\u00e9dico Legista<\/strong> (189).<\/p>\n\n\n\n<p>Vale ressaltar que todas as <strong>oportunidades <\/strong>ser\u00e3o para candidatos com n\u00edvel superior de forma\u00e7\u00e3o. Os sal\u00e1rios iniciais podem chegar at\u00e9 a <strong>R$ 11,1 mil<\/strong> e o preenchimento das vagas deve acontecer at\u00e9 2023.<\/p>\n\n\n\n<h2 class=\"wp-block-heading\" id=\"concurso-senado-federal-\">Concurso Senado Federal <\/h2>\n\n\n\n<p>O <a href=\"https:\/\/www.novaconcursos.com.br\/portal\/concursos\/concurso-senado-federal\/\">concurso do Senado Federal<\/a> foi adiado por duas vezes devido \u00e0 pandemia, mas sair\u00e1 do papel, finalmente, em 2022. Isso porque o <strong>Projeto de Lei Or\u00e7ament\u00e1ria Federal Anual<\/strong> inclui a sele\u00e7\u00e3o.<\/p>\n\n\n\n<p>O documento prev\u00ea o preenchimento de<strong> 40 vagas,<\/strong> sendo 24 para o n\u00edvel m\u00e9dio e 16 para o n\u00edvel superior. Al\u00e9m das vagas imediatas, tamb\u00e9m ser\u00e1 formado um cadastro de reserva e os sal\u00e1rios podem chegar a <strong>R$ 34,4 mil.<\/strong><\/p>\n\n\n\n<h2 class=\"wp-block-heading\" id=\"concurso-dpe-mt-\">Concurso DPE MT <\/h2>\n\n\n\n<p>O <a href=\"https:\/\/www.novaconcursos.com.br\/portal\/concursos\/concurso-dpe-mt\/\">concurso DPE MT<\/a> tamb\u00e9m est\u00e1 incluso no <strong>Projeto de Lei Or\u00e7ament\u00e1ria<\/strong> de 2022. A pretens\u00e3o do edital \u00e9 contratar <strong>68 funcion\u00e1rios<\/strong>, de n\u00edveis m\u00e9dio (para cargo de T\u00e9cnico) e superior (para Analistas, Defensores e Procuradores).<\/p>\n\n\n\n<p>As <strong>especialidades <\/strong>dos cargos ainda ser\u00e3o confirmadas.<\/p>\n\n\n\n<h2 class=\"wp-block-heading\" id=\"concurso-cge-ms-\">Concurso CGE MS <\/h2>\n\n\n\n<p>O <strong>concurso CGE MS<\/strong> est\u00e1 autorizado desde julho e deve preencher<strong> 28 vagas de Auditor<\/strong>. O concurso n\u00e3o tem ainda muito detalhes, bem como n\u00e3o h\u00e1 previs\u00e3o exta para a publica\u00e7\u00e3o do edital.<\/p>\n\n\n\n<p>No entanto, a <strong>expectativa <\/strong>\u00e9 de que o edital n\u00e3o tarde a sair, pois o \u00f3rg\u00e3o apresenta deficits devido \u00e0 pandemia.<\/p>\n\n\n\n<h2 class=\"wp-block-heading\" id=\"concurso-tj-mg-\">Concurso TJ MG <\/h2>\n\n\n\n<p>O <a href=\"https:\/\/www.novaconcursos.com.br\/portal\/concursos\/concurso-tj-mg\/\">concurso TJ MG <\/a>est\u00e1 muito perto de ser aberto! Isso porque o desembargador Gilson S. Leme afirmou que o <strong>edital deve sair ainda em 2021<\/strong>. No entanto, o Tribunal tem passado por algumas <strong>movimenta\u00e7\u00f5es internas<\/strong>, o que deve atrasar o lan\u00e7amento do edital.<\/p>\n\n\n\n<p>Vale ressaltar que a <strong>banca <\/strong>do certame j\u00e1 est\u00e1 contratada, ser\u00e1 a <strong>Consulplan<\/strong>, e que assim que os tr\u00e2mites internos forem finalizados, o concurso poder\u00e1 ser aberto.<\/p>\n\n\n\n<p>Os cargos ofertados ser\u00e3o para <strong>T\u00e9cnicos e Analistas Judici\u00e1rios,<\/strong> de n\u00edveis m\u00e9dio e superior, respectivamente. At\u00e9 agora o quantitativo de vagas n\u00e3o foi divulgado.<\/p>","protected":false},"excerpt":{"rendered":"<p>Aten\u00e7\u00e3o, concurseiros! Os concursos p\u00fablicos 2022 estar\u00e3o muito movimentados. Fizemos uma lista com sete editais que est\u00e3o previstos para manter voc\u00ea, leitor, muito bem informado! Confira: Guia Definitivo \u2013 Como Montar Mapas Mentais (GR\u00c1TIS) Vale apontar que, por conta da pandemia de COVID-19, muitas institui\u00e7\u00f5es p\u00fablicas acabaram sofrendo deficits em seus quadros de funcion\u00e1rios, por [&hellip;]<\/p>\n","protected":false},"author":54673,"featured_media":148947,"comment_status":"closed","ping_status":"closed","sticky":false,"template":"","format":"standard","meta":{"_acf_changed":false,"footnotes":"","_wp_rev_ctl_limit":""},"categories":[228],"tags":[40245,1432,23122,3524,442,22638,27268,12044,39217,14699,198,2578,37134,41982,43573,539,37802,43723,43722,26987,17837,6499,23833,43721,16901],"class_list":["post-149304","post","type-post","status-publish","format-standard","has-post-thumbnail","hentry","category-noticias","tag-concurso-cge-ms","tag-concurso-dpe-mt","tag-concurso-pc-am","tag-concurso-pc-sp","tag-concurso-pm-sp","tag-concurso-pm-am","tag-concurso-senado-federal","tag-concurso-tj-mg","tag-concursos-2022","tag-concursos-autorizados","tag-concursos-previstos","tag-concursos-publicos","tag-concursos-publicos-2021","tag-editais-2022","tag-editais-autorizados","tag-editais-de-concursos-publicos","tag-editais-previstos","tag-edital-cge-ms","tag-edital-dpe-mt","tag-edital-pc-am","tag-edital-pc-sp","tag-edital-pm-sp","tag-edital-pm-am","tag-edital-senado-federal","tag-edital-tj-mg"],"acf":[],"_links":{"self":[{"href":"https:\/\/www.novaconcursos.com.br\/portal\/wp-json\/wp\/v2\/posts\/149304","targetHints":{"allow":["GET"]}}],"collection":[{"href":"https:\/\/www.novaconcursos.com.br\/portal\/wp-json\/wp\/v2\/posts"}],"about":[{"href":"https:\/\/www.novaconcursos.com.br\/portal\/wp-json\/wp\/v2\/types\/post"}],"author":[{"embeddable":true,"href":"https:\/\/www.novaconcursos.com.br\/portal\/wp-json\/wp\/v2\/users\/54673"}],"replies":[{"embeddable":true,"href":"https:\/\/www.novaconcursos.com.br\/portal\/wp-json\/wp\/v2\/comments?post=149304"}],"version-history":[{"count":5,"href":"https:\/\/www.novaconcursos.com.br\/portal\/wp-json\/wp\/v2\/posts\/149304\/revisions"}],"predecessor-version":[{"id":149309,"href":"https:\/\/www.novaconcursos.com.br\/portal\/wp-json\/wp\/v2\/posts\/149304\/revisions\/149309"}],"wp:featuredmedia":[{"embeddable":true,"href":"https:\/\/www.novaconcursos.com.br\/portal\/wp-json\/wp\/v2\/media\/148947"}],"wp:attachment":[{"href":"https:\/\/www.novaconcursos.com.br\/portal\/wp-json\/wp\/v2\/media?parent=149304"}],"wp:term":[{"taxonomy":"category","embeddable":true,"href":"https:\/\/www.novaconcursos.com.br\/portal\/wp-json\/wp\/v2\/categories?post=149304"},{"taxonomy":"post_tag","embeddable":true,"href":"https:\/\/www.novaconcursos.com.br\/portal\/wp-json\/wp\/v2\/tags?post=149304"}],"curies":[{"name":"wp","href":"https:\/\/api.w.org\/{rel}","templated":true}]}}