{"id":149371,"date":"2021-11-29T12:49:20","date_gmt":"2021-11-29T15:49:20","guid":{"rendered":"https:\/\/www.novaconcursos.com.br\/portal\/?p=149371"},"modified":"2025-05-06T16:45:41","modified_gmt":"2025-05-06T19:45:41","slug":"concurso-pm-es-oferta-de-vagas-passa-de-671-para-1111-confira","status":"publish","type":"post","link":"https:\/\/www.novaconcursos.com.br\/portal\/noticias\/concurso-pm-es-oferta-de-vagas-passa-de-671-para-1111-confira\/","title":{"rendered":"Concurso PM ES: Oferta de vagas passa de 671 para 1.111, confira!"},"content":{"rendered":"<p>Boas not\u00edcias para os concurseiros capixabas! O governador do Esp\u00edrito Santo <strong>elevou o n\u00famero de vagas<\/strong> a serem ofertadas pelo pr\u00f3ximo <a href=\"https:\/\/www.novaconcursos.com.br\/portal\/concursos\/concurso-pm-es\/\">concurso PM ES<\/a>. Ademais, a nova sele\u00e7\u00e3o j\u00e1 conta com <strong>comiss\u00e3o organizadora<\/strong>.<\/p>\n\n\n\n<ul class=\"wp-block-list\"><li><strong>Confira: <\/strong><a aria-label=\" (abre numa nova aba)\" href=\"https:\/\/www.novaconcursos.com.br\/eventos\/guia-definitivo-como-montar-um-mapa-mental\/\" target=\"_blank\" rel=\"noreferrer noopener\">Como montar um mapa mental \u2013 Gr\u00e1tis<\/a><\/li>\n<\/ul><p><\/p>\n\n\n\n<p>Na \u00faltima sexta-feira, <strong>26 de novembro<\/strong>, o governador do Esp\u00edrito Santo, Renato Casagrande, anunciou o <strong>novo quantitativo de vagas<\/strong> que ser\u00e1 ofertado pelo concurso da Pol\u00edcia Militar do estado. Ademais, o valor \u00e9 <strong>quase o dobro<\/strong> daquele que havia sido anteriormente anunciado!<\/p>\n\n\n\n<p>Al\u00e9m disso, o processo seletivo j\u00e1 conta com <strong>comiss\u00e3o organizadora<\/strong> formada desde<strong> setembro<\/strong>, de forma que o que ainda impede a publica\u00e7\u00e3o do edital \u00e9 o processo de <strong>escolha e contrata\u00e7\u00e3o de uma banca organizadora<\/strong>.<\/p>\n\n\n\n<h2 class=\"wp-block-heading\" id=\"concurso-pm-es-aumento-das-vagas\"><strong>Concurso PM ES: aumento das vagas<\/strong><\/h2>\n\n\n\n<p>Primeiramente, \u00e9 importante recordar que no <strong>m\u00eas de agosto<\/strong> o quantitativo de vagas anunciado para o <a href=\"https:\/\/www.novaconcursos.com.br\/portal\/concursos-abertos\/es\/\">concurso<\/a> PM ES era de <strong>671 oportunidades. <\/strong>Entretanto, recentemente esse n\u00famero foi <strong>aumentado.<\/strong><\/p>\n\n\n\n<p>Al\u00e9m disso, a amplia\u00e7\u00e3o aconteceu na \u00faltima sexta-feira, <strong>26 de novembro<\/strong>, pelo governador Renato Casagrande, por meio das<strong> redes sociais<\/strong> e na formatura dos alunos do Curso de Forma\u00e7\u00e3o de Soldados da Pol\u00edcia Militar, do <strong>concurso de 2018.<\/strong><\/p>\n\n\n\n<p>Ademais, na ocasi\u00e3o o governador anunciou que ser\u00e3o ofertadas <strong>mais 440 oportunidades<\/strong> al\u00e9m daquelas informadas anteriormente, de forma que o pr\u00f3ximo concurso contar\u00e1 com uma oferta de <strong>1.111 vagas:<\/strong><\/p>\n\n\n\n<p><em>\u201cA norma das nossas op\u00e7\u00f5es de seguran\u00e7a \u00e9 uma constante em nosso governo. Hoje, 252 novos soldados ingressam nos quadros da PM. Tamb\u00e9m anunciamos a amplia\u00e7\u00e3o para 1.111 vagas ofertadas no novo concurso. Estamos recompondo o nosso efetivo. Mais seguran\u00e7a para os capixabas\u201d,<\/em> disse Casagrande.<\/p>\n\n\n\n<h2 class=\"wp-block-heading\" id=\"vagas-cargos-e-remuneraes\"><strong>Vagas, cargos e remunera\u00e7\u00f5es<\/strong><\/h2>\n\n\n\n<p>Portanto, o novo concurso da Pol\u00edcia Militar do <a href=\"https:\/\/www.novaconcursos.com.br\/portal\/concursos-previstos\/es\/\">Esp\u00edrito Santo<\/a> ofertar\u00e1 <strong>1.111 oportunidades para Soldados e Oficiais<\/strong>. Ademais, o destaque vai para a carreira de Soldado, que contar\u00e1 com <strong>1.000 das vagas.<\/strong> Consequentemente, as demais ser\u00e3o distribu\u00eddas da seguinte forma:<\/p>\n\n\n\n<ul class=\"wp-block-list\"><li>Oficiais M\u00e9dicos \u2013 20;<\/li>\n\n\n\n<li>Oficiais Dentistas \u2013 20;<\/li>\n\n\n\n<li>Pra\u00e7as M\u00fasicos \u2013 22;<\/li>\n\n\n\n<li>Oficiais Farmac\u00eauticos\/Bioqu\u00edmicos \u2013 5;<\/li>\n\n\n\n<li>Oficiais M\u00e9dicos Veterin\u00e1rios \u2013 2;<\/li>\n\n\n\n<li>Pra\u00e7as Especialistas de Sa\u00fade \u2013 30;<\/li>\n\n\n\n<li>Oficiais Enfermeiros \u2013 10;<\/li>\n\n\n\n<li>Oficiais M\u00fasicos \u2013 2.<\/li>\n<\/ul><p><\/p>\n\n\n\n<p>Al\u00e9m disso, as <strong>remunera\u00e7\u00f5es<\/strong> para Aluno Oficial no Curso de Forma\u00e7\u00e3o s\u00e3o de R$2.548,16 no 1\u00ba ano, de R$3.158,42 no 2\u00ba ano e de R$3.445,55 no 3\u00ba ano. Entretanto, no cargo de <strong>Aspirante a Oficial<\/strong> os sal\u00e1rios passam a ser de <strong>R$5.823,07.<\/strong><\/p>\n\n\n\n<p>Por outro lado, os ganhos para <strong>Soldado<\/strong> enquanto Aluno s\u00e3o de R$1.220,30. Ademais, ap\u00f3s a incorpora\u00e7\u00e3o, tal valor passa a ser de <strong>R$2.778,42.<\/strong><\/p>\n\n\n\n<h2 class=\"wp-block-heading\" id=\"ltimo-concurso-pm-es\"><strong>\u00daltimo concurso PM ES<\/strong><\/h2>\n\n\n\n<p>Por fim, enquanto o edital do novo concurso ainda n\u00e3o \u00e9 publicado os concurseiros interessados no concurso PM ES podem iniciar seus estudos com base no <strong>\u00faltimo edital.<\/strong><\/p>\n\n\n\n<p>Sendo assim, o \u00faltimo concurso aconteceu <strong>em 2018<\/strong>, quando foram ofertadas <strong>310 vagas<\/strong> sob a organiza\u00e7\u00e3o do Instituto AOCP. Ademais, as oportunidades foram distribu\u00eddas entre os seguintes <strong>cargos:<\/strong><\/p>\n\n\n\n<ul class=\"wp-block-list\"><li>Soldado Combatente (250 vagas);<\/li>\n\n\n\n<li>Soldado M\u00fasico (10 vagas);<\/li>\n\n\n\n<li>Oficial Combatente (30 vagas);<\/li>\n\n\n\n<li>1\u00ba Tenente M\u00e9dico (20 vagas).<\/li>\n<\/ul><p><\/p>\n\n\n\n<p>Ademais, <strong>os candidatos passaram por <\/strong>provas objetivas e discursivas, teste de aptid\u00e3o f\u00edsica, avalia\u00e7\u00e3o psicol\u00f3gica, inspe\u00e7\u00e3o de sa\u00fade\/exame toxicol\u00f3gico, investiga\u00e7\u00e3o social, apresenta\u00e7\u00e3o de documenta\u00e7\u00e3o para fins de matr\u00edcula, classifica\u00e7\u00e3o e matr\u00edcula e curso de forma\u00e7\u00e3o.<\/p>\n\n\n\n<p>Nesse sentido, as <strong>disciplinas cobradas<\/strong> durante a etapa de <strong>provas objetivas<\/strong> foram as seguintes:<\/p>\n\n\n\n<ul class=\"wp-block-list\"><li>L\u00edngua Portuguesa;<\/li>\n\n\n\n<li>Matem\u00e1tica e Racioc\u00ednio L\u00f3gico;<\/li>\n\n\n\n<li>No\u00e7\u00f5es de Inform\u00e1tica;<\/li>\n\n\n\n<li>Conhecimentos Espec\u00edficos.<\/li>\n<\/ul>","protected":false},"excerpt":{"rendered":"<p>Boas not\u00edcias para os concurseiros capixabas! O governador do Esp\u00edrito Santo elevou o n\u00famero de vagas a serem ofertadas pelo pr\u00f3ximo concurso PM ES. Ademais, a nova sele\u00e7\u00e3o j\u00e1 conta com comiss\u00e3o organizadora. Na \u00faltima sexta-feira, 26 de novembro, o governador do Esp\u00edrito Santo, Renato Casagrande, anunciou o novo quantitativo de vagas que ser\u00e1 ofertado [&hellip;]<\/p>\n","protected":false},"author":54674,"featured_media":0,"comment_status":"closed","ping_status":"closed","sticky":false,"template":"","format":"standard","meta":{"_acf_changed":false,"footnotes":"","_wp_rev_ctl_limit":""},"categories":[228],"tags":[12299,37333,38492,40685,37334,38491,43745,40686,40684,24277,22158,23331,24279,43743],"class_list":["post-149371","post","type-post","status-publish","format-standard","hentry","category-noticias","tag-concurso-pm-es","tag-concurso-pm-es-2021","tag-concurso-pm-es-aumento-de-vagas","tag-concurso-pm-es-cargos","tag-concurso-pm-es-confirmado","tag-concurso-pm-es-oficial","tag-concurso-pm-es-previsto","tag-concurso-pm-es-salarios","tag-concurso-pm-es-vagas","tag-concurso-pm-es-2018","tag-concurso-previsto-pm-es","tag-pm-es","tag-provas-concurso-pm-es","tag-ultimo-concurso-pm-es"],"acf":[],"_links":{"self":[{"href":"https:\/\/www.novaconcursos.com.br\/portal\/wp-json\/wp\/v2\/posts\/149371","targetHints":{"allow":["GET"]}}],"collection":[{"href":"https:\/\/www.novaconcursos.com.br\/portal\/wp-json\/wp\/v2\/posts"}],"about":[{"href":"https:\/\/www.novaconcursos.com.br\/portal\/wp-json\/wp\/v2\/types\/post"}],"author":[{"embeddable":true,"href":"https:\/\/www.novaconcursos.com.br\/portal\/wp-json\/wp\/v2\/users\/54674"}],"replies":[{"embeddable":true,"href":"https:\/\/www.novaconcursos.com.br\/portal\/wp-json\/wp\/v2\/comments?post=149371"}],"version-history":[{"count":5,"href":"https:\/\/www.novaconcursos.com.br\/portal\/wp-json\/wp\/v2\/posts\/149371\/revisions"}],"predecessor-version":[{"id":281810,"href":"https:\/\/www.novaconcursos.com.br\/portal\/wp-json\/wp\/v2\/posts\/149371\/revisions\/281810"}],"wp:attachment":[{"href":"https:\/\/www.novaconcursos.com.br\/portal\/wp-json\/wp\/v2\/media?parent=149371"}],"wp:term":[{"taxonomy":"category","embeddable":true,"href":"https:\/\/www.novaconcursos.com.br\/portal\/wp-json\/wp\/v2\/categories?post=149371"},{"taxonomy":"post_tag","embeddable":true,"href":"https:\/\/www.novaconcursos.com.br\/portal\/wp-json\/wp\/v2\/tags?post=149371"}],"curies":[{"name":"wp","href":"https:\/\/api.w.org\/{rel}","templated":true}]}}