{"id":149631,"date":"2021-12-01T10:51:58","date_gmt":"2021-12-01T13:51:58","guid":{"rendered":"https:\/\/www.novaconcursos.com.br\/portal\/?p=149631"},"modified":"2025-12-08T10:20:46","modified_gmt":"2025-12-08T13:20:46","slug":"concurso-depen-resultado-final-avaliacao-psicologica","status":"publish","type":"post","link":"https:\/\/www.novaconcursos.com.br\/portal\/noticias\/concurso-depen-resultado-final-avaliacao-psicologica\/","title":{"rendered":"Concurso Depen tem resultado final da avalia\u00e7\u00e3o psicol\u00f3gica divulgado!"},"content":{"rendered":"<p>Aten\u00e7\u00e3o concurseiros! Mais uma fase do\u00a0<a href=\"https:\/\/www.novaconcursos.com.br\/portal\/concursos\/senappen\/\">concurso Depen\u00a0<\/a>(Departamento Penitenci\u00e1rio Nacional) foi\u00a0<strong>conclu\u00edda<\/strong>. O\u00a0<strong>resultado final<\/strong>\u00a0da avalia\u00e7\u00e3o psicol\u00f3gica foi\u00a0<strong>liberado<\/strong>. Saiba como consultar!<\/p>\n\n\n\n<ul class=\"wp-block-list\"><li><strong>Confira:<\/strong> <a aria-label=\" (abre numa nova aba)\" href=\"https:\/\/www.novaconcursos.com.br\/eventos\/guia-definitivo-como-montar-um-mapa-mental\/\" target=\"_blank\" rel=\"noreferrer noopener\">Guia como montar um mapa mental (Gr\u00e1tis)<\/a> <\/li>\n<\/ul><p><\/p>\n\n\n\n<h2 class=\"wp-block-heading\" id=\"concurso-depen-confira-o-resultado-divulgado-nesta-semana\">Concurso Depen: confira o resultado divulgado nesta semana<\/h2>\n\n\n\n<p>O <strong>resultado final<\/strong> da avalia\u00e7\u00e3o psicol\u00f3gica do <a href=\"https:\/\/www.novaconcursos.com.br\/portal\/concursos-abertos\/nacional\">concurso <\/a>do Departamento Penitenci\u00e1rio Nacional foi publicado nesta quarta-feira (1\u00b0).<\/p>\n\n\n\n<ul class=\"wp-block-list\"><li><strong>Adquira<\/strong>:\u00a0<a href=\"https:\/\/www.novaconcursos.com.br\/concurso\/depen-departamento-penitenciario-nacional\/apostila\">Apostilas Completas Depen<\/a><\/li>\n\n\n\n<li><strong>Adquira<\/strong>:\u00a0<a href=\"https:\/\/www.novaconcursos.com.br\/concurso\/depen-departamento-penitenciario-nacional\/curso-online\">Cursos Online Completo Depen<\/a><\/li>\n<\/ul><p><\/p>\n\n\n\n<p>Al\u00e9m disso, tamb\u00e9m foi liberada a <strong>convoca\u00e7\u00e3o para a investiga\u00e7\u00e3o social, <\/strong>pr\u00f3xima etapa do concurso.<\/p>\n\n\n\n<p>O resultado e a convoca\u00e7\u00e3o podem ser <strong>conferidos <\/strong>no <a rel=\"noreferrer noopener\" href=\"https:\/\/www.cebraspe.org.br\/concursos\/DEPEN_20\" target=\"_blank\">site do Cebraspe<\/a>. O documento foi publicado no Di\u00e1rio Oficial da Uni\u00e3o. <\/p>\n\n\n\n<p><em>\u201cO envio da documenta\u00e7\u00e3o \u00e9 de responsabilidade exclusiva do candidato. O Cebraspe n\u00e3o se responsabiliza por qualquer tipo de problema que impe\u00e7a a chegada dessa documenta\u00e7\u00e3o a seu destino, seja de ordem t\u00e9cnica dos computadores, seja decorrente de falhas de comunica\u00e7\u00e3o, bem como por outros fatores que impossibilitem o envio\u201d,<\/em> afirmou a banca.<\/p>\n\n\n\n<p><em>\u201cEsses documentos, que valer\u00e3o somente para esse processo, n\u00e3o ser\u00e3o devolvidos nem deles ser\u00e3o fornecidas c\u00f3pias. Ser\u00e1 eliminado o candidato que n\u00e3o entregar os documentos necess\u00e1rios \u00e0 investiga\u00e7\u00e3o social na forma e no prazo estipulados no edital de abertura e neste edital\u201d<\/em>, completou.<\/p>\n\n\n\n<h3 class=\"wp-block-heading\">Recursos<\/h3>\n\n\n\n<p>As justificativas da banca para quem entrou com algum tipo de <strong>recurso <\/strong>contra o resultado provis\u00f3rio da avalia\u00e7\u00e3o psicol\u00f3gica estar\u00e3o \u00e0 disposi\u00e7\u00e3o a partir de<strong> 8 de dezembro.<\/strong><\/p>\n\n\n\n<h3 class=\"wp-block-heading\">Investiga\u00e7\u00e3o Social<\/h3>\n\n\n\n<p>Os aprovados na fase da avalia\u00e7\u00e3o psicol\u00f3gica dever\u00e3o enviar agora uma imagem leg\u00edvel da documenta\u00e7\u00e3o referente \u00e0\u00a0<strong>investiga\u00e7\u00e3o social<\/strong>. <\/p>\n\n\n\n<p>Assim, o <strong>per\u00edodo <\/strong>para <strong>envio <\/strong>vai das 10h do dia 2 de dezembro \u00e0s 18h de 6 de dezembro, por meio de link espec\u00edfico na p\u00e1gina do concurso.<\/p>\n\n\n\n<p>Al\u00e9m disso, o <strong>resultado provis\u00f3rio da investiga\u00e7\u00e3o<\/strong> ser\u00e1 anunciado no dia 22 de dezembro, conforme cronograma. <\/p>\n\n\n\n<p>Por outro lado, a <strong>divulga\u00e7\u00e3o da convoca\u00e7\u00e3o<\/strong> para o envio dos documentos necess\u00e1rios \u00e0 matr\u00edcula no <strong>curso de forma\u00e7\u00e3o <\/strong>segue prevista para 15 de fevereiro de 2022.<\/p>\n\n\n\n<h2 class=\"wp-block-heading\" id=\"h-concurso-depen-panorama\">Concurso Depen: vagas e sal\u00e1rios ofertados<\/h2>\n\n\n\n<p>O <a href=\"https:\/\/www.novaconcursos.com.br\/portal\/concursos-previstos\/nacional\">concurso <\/a>Depen foi publicado em <strong>maio de 2020 <\/strong>e contou com a oferta de 309 vagas no total. <\/p>\n\n\n\n<p>Portanto, as oportunidades estavam <strong>divididas entre os cargos<\/strong> de Agente Federal (294) e Especialista Federal em Assist\u00eancia \u00e0 Execu\u00e7\u00e3o Penal (15).<\/p>\n\n\n\n<p>Ademais, as remunera\u00e7\u00f5es iniciais para a carreira ficam entre\u00a0<strong>R$ 5.865,70 a R$ 6.030,23<\/strong>.<\/p>\n\n\n\n<h2 class=\"wp-block-heading\" id=\"concurso-depen-quantos-participaram\">Concurso Depen: quantos participaram?<\/h2>\n\n\n\n<p>Ao todo, segundo dados da banca organizadora da sele\u00e7\u00e3o,\u00a0<strong>179.691 candidatos se inscreveram<\/strong>\u00a0no certame do departamento.<\/p>\n\n\n\n<p>Vale destacar que o cargo de\u00a0<strong>Agente de Execu\u00e7\u00e3o Penal<\/strong>, com 174.067 candidatos, foi o que mais teve inscri\u00e7\u00f5es; entretanto, somente 75.789 compareceram aos exames.<\/p>\n\n\n\n<p>As provas do\u00a0concurso foram aplicadas em\u00a0<strong>27 de junho<\/strong> e registrou mais de\u00a0<strong>50% faltosos<\/strong>, isso nos exames para ambos os cargos.<\/p>\n\n\n\n<p>Al\u00e9m disso, o maior n\u00famero foi para Especialista, com\u00a0<strong>66,25%<\/strong>. J\u00e1 para Agente, o n\u00famero de ausentes foi de\u00a0<strong>56,46%<\/strong>.<\/p>","protected":false},"excerpt":{"rendered":"<p>Aten\u00e7\u00e3o concurseiros! Mais uma fase do\u00a0concurso Depen\u00a0(Departamento Penitenci\u00e1rio Nacional) foi\u00a0conclu\u00edda. O\u00a0resultado final\u00a0da avalia\u00e7\u00e3o psicol\u00f3gica foi\u00a0liberado. Saiba como consultar! Concurso Depen: confira o resultado divulgado nesta semana O resultado final da avalia\u00e7\u00e3o psicol\u00f3gica do concurso do Departamento Penitenci\u00e1rio Nacional foi publicado nesta quarta-feira (1\u00b0). Al\u00e9m disso, tamb\u00e9m foi liberada a convoca\u00e7\u00e3o para a investiga\u00e7\u00e3o social, pr\u00f3xima [&hellip;]<\/p>\n","protected":false},"author":54671,"featured_media":149632,"comment_status":"closed","ping_status":"closed","sticky":false,"template":"","format":"standard","meta":{"_acf_changed":false,"footnotes":"","_wp_rev_ctl_limit":""},"categories":[228],"tags":[39688,6312,6315,42224,36799,39356,42227,579,3726,24100,2506,37580,198,2578,37309,42222,3166,6318,42220,39355,38120,38336,8150,42226,42229,8151,42225,39357,42228,39558,39689,115,19592,22314,42223,37587,39687,7194,42221,34732],"class_list":["post-149631","post","type-post","status-publish","format-standard","has-post-thumbnail","hentry","category-noticias","tag-cargos-concurso-depen","tag-concurso-departamento-penitenciario-nacional","tag-concurso-depen","tag-concurso-depen-pr","tag-concurso-depen-provas","tag-concurso-depen-temporarios","tag-concurso-policia-penal-pr","tag-concursos","tag-concursos-abertos","tag-concursos-cebraspe","tag-concursos-nacionais","tag-concursos-pr","tag-concursos-previstos","tag-concursos-publicos","tag-departamento-penitenciario","tag-departamento-penitenciario-do-parana","tag-departamento-penitenciario-nacional","tag-depen","tag-depen-pr","tag-depen-temporarios","tag-editais-nacionais","tag-editais-pr","tag-edital-concurso-depen","tag-edital-concurso-depen-pr","tag-edital-concurso-policia-penal-pr","tag-edital-depen","tag-edital-depen-pr","tag-edital-depen-temporarios","tag-edital-policia-penal-pr","tag-gabarito-concurso-depen","tag-locais-de-provas-concurso-depen","tag-nova-concursos","tag-pec","tag-policia-penal","tag-policia-penal-pr","tag-provas-concurso-depen","tag-salarios-concurso-depen","tag-ssp","tag-ssp-pr","tag-vagas-concurso-depen"],"acf":[],"_links":{"self":[{"href":"https:\/\/www.novaconcursos.com.br\/portal\/wp-json\/wp\/v2\/posts\/149631","targetHints":{"allow":["GET"]}}],"collection":[{"href":"https:\/\/www.novaconcursos.com.br\/portal\/wp-json\/wp\/v2\/posts"}],"about":[{"href":"https:\/\/www.novaconcursos.com.br\/portal\/wp-json\/wp\/v2\/types\/post"}],"author":[{"embeddable":true,"href":"https:\/\/www.novaconcursos.com.br\/portal\/wp-json\/wp\/v2\/users\/54671"}],"replies":[{"embeddable":true,"href":"https:\/\/www.novaconcursos.com.br\/portal\/wp-json\/wp\/v2\/comments?post=149631"}],"version-history":[{"count":7,"href":"https:\/\/www.novaconcursos.com.br\/portal\/wp-json\/wp\/v2\/posts\/149631\/revisions"}],"predecessor-version":[{"id":299157,"href":"https:\/\/www.novaconcursos.com.br\/portal\/wp-json\/wp\/v2\/posts\/149631\/revisions\/299157"}],"wp:featuredmedia":[{"embeddable":true,"href":"https:\/\/www.novaconcursos.com.br\/portal\/wp-json\/wp\/v2\/media\/149632"}],"wp:attachment":[{"href":"https:\/\/www.novaconcursos.com.br\/portal\/wp-json\/wp\/v2\/media?parent=149631"}],"wp:term":[{"taxonomy":"category","embeddable":true,"href":"https:\/\/www.novaconcursos.com.br\/portal\/wp-json\/wp\/v2\/categories?post=149631"},{"taxonomy":"post_tag","embeddable":true,"href":"https:\/\/www.novaconcursos.com.br\/portal\/wp-json\/wp\/v2\/tags?post=149631"}],"curies":[{"name":"wp","href":"https:\/\/api.w.org\/{rel}","templated":true}]}}