{"id":149655,"date":"2021-12-01T12:18:34","date_gmt":"2021-12-01T15:18:34","guid":{"rendered":"https:\/\/www.novaconcursos.com.br\/portal\/?p=149655"},"modified":"2021-12-01T15:29:55","modified_gmt":"2021-12-01T18:29:55","slug":"concurso-seas-ro-pl-primeira-selecao-aprovado","status":"publish","type":"post","link":"https:\/\/www.novaconcursos.com.br\/portal\/noticias\/concurso-seas-ro-pl-primeira-selecao-aprovado\/","title":{"rendered":"Concurso Seas RO: PL que prev\u00ea 1\u00aa sele\u00e7\u00e3o \u00e9 aprovado!"},"content":{"rendered":"<p>Novidades para os concurseiros! Foi <strong>aprovado<\/strong> o Projeto de Lei que prev\u00ea o primeiro <strong>concurso Seas RO<\/strong> para efetivos. Ademais, a sele\u00e7\u00e3o j\u00e1 conta com <strong>comiss\u00e3o organizadora.<\/strong><\/p>\n\n\n\n<ul class=\"wp-block-list\"><li><strong>Confira: <\/strong><a href=\"https:\/\/www.novaconcursos.com.br\/eventos\/guia-definitivo-como-montar-um-mapa-mental\/\" target=\"_blank\" rel=\"noreferrer noopener\" aria-label=\" (abre numa nova aba)\">Como montar um mapa mental \u2013 Gr\u00e1tis<\/a><\/li><\/ul><p><\/p>\n\n\n\n<p>No \u00faltimo dia <strong>22 de novembro<\/strong> foi aprovado pela Assembleia Legislativa o <strong>Projeto de Lei<\/strong> respons\u00e1vel por <strong>atualizar<\/strong> diversas quest\u00f5es da Secretaria de Assist\u00eancia Social de Rond\u00f4nia. Sendo assim, o primeiro concurso do \u00f3rg\u00e3o <strong>pode ser realizado. <\/strong><\/p>\n\n\n\n<p>Al\u00e9m disso, o Projeto de Lei aprovado atualizou o <strong>Plano de Carreira, Cargos e Remunera\u00e7\u00f5es<\/strong> (PCCR) para os funcion\u00e1rios da Secretaria, de forma que agora o foco poder\u00e1 ser voltado aos<strong> tr\u00e2mites do edital<\/strong> da sele\u00e7\u00e3o em si.<\/p>\n\n\n\n<h2 class=\"wp-block-heading\" id=\"concurso-seas-ro-panorama-geral\"><strong>Concurso Seas RO: panorama geral<\/strong><\/h2>\n\n\n\n<p>Primeiramente, \u00e9 importante que os concurseiros saibam que esse ser\u00e1 o <strong>primeiro concurso p\u00fablico<\/strong> da Secretaria para efetivos. Ademais, atualmente, o \u00f3rg\u00e3o conta apenas com servidores <strong>cedidos e em comiss\u00e3o.<\/strong><\/p>\n\n\n\n<p>Al\u00e9m disso, quando encaminhou \u00e0 Assembleia Legislativa o Projeto de Lei, o governador de <a href=\"https:\/\/www.novaconcursos.com.br\/portal\/concursos-previstos\/ro\/\">Rond\u00f4nia<\/a>, Marcos Rocha, declarou que a sele\u00e7\u00e3o <strong>\u00e9 essencial para a \u00e1rea de Assist\u00eancia Social:<\/strong><\/p>\n\n\n\n<p><em>\u201cA realiza\u00e7\u00e3o do concurso\np\u00fablico possibilitar\u00e1 o aumento de servidores qualificados no corpo t\u00e9cnico da\nSeas, elevando o n\u00edvel de qualidade das entregas \u00e0 sociedade, al\u00e9m de garantir\no exerc\u00edcio do princ\u00edpio da continuidade do servi\u00e7o p\u00fablico, mesmo ap\u00f3s\nmudan\u00e7as de gest\u00f5es, de modo a beneficiar a Administra\u00e7\u00e3o P\u00fablica com\nservidores mais experientes\u201d,<\/em> disse.<\/p>\n\n\n\n<p>Sendo assim, o concurso Seas RO \u00e9 de grande import\u00e2ncia para que a Pol\u00edtica de Assist\u00eancia Social no estado <strong>seja fortalecida por meio de um quadro permanente<\/strong> de funcion\u00e1rios.<\/p>\n\n\n\n<p>Ademais, a equipe t\u00e9cnica da Secretaria j\u00e1 <strong>iniciar\u00e1 os preparativos do edital<\/strong> ap\u00f3s a san\u00e7\u00e3o de Marcos Rocha, sob orienta\u00e7\u00e3o da secret\u00e1ria de Assist\u00eancia Social Luana Rocha.<\/p>\n\n\n\n<h2 class=\"wp-block-heading\" id=\"concurso-seas-ro-conta-com-comisso-organizadora\"><strong>Concurso Seas RO conta com comiss\u00e3o organizadora<\/strong><\/h2>\n\n\n\n<p>\u00c9 igualmente importante destacar que o concurso Seas RO j\u00e1 conta com <strong>comiss\u00e3o organizadora formada<\/strong> desde o m\u00eas de <strong>mar\u00e7o<\/strong> deste ano. Ademais, o grupo foi o respons\u00e1vel por cuidar das <strong>atualiza\u00e7\u00f5es<\/strong> que constam no Projeto de Lei e dos seguintes aspectos:<\/p>\n\n\n\n<ul class=\"wp-block-list\"><li>Identificar os dispositivos que necessitam ser atualizados e\/ou revisados no Plano de Carreira, Cargos e Remunera\u00e7\u00f5es da Seas;<\/li><li>Buscar informa\u00e7\u00f5es acerca da instru\u00e7\u00e3o processual para a realiza\u00e7\u00e3o do concurso, mormente quanto \u00e0 participa\u00e7\u00e3o da SEGEP.<\/li><\/ul><p><\/p>\n\n\n\n<p>Al\u00e9m disso, <strong>com a aprova\u00e7\u00e3o do PL<\/strong>, a comiss\u00e3o formada pode agora focar totalmente nos preparativos do <a href=\"https:\/\/www.novaconcursos.com.br\/portal\/concursos-abertos\/ro\/\">concurso p\u00fablico<\/a>, come\u00e7ando pela elabora\u00e7\u00e3o do <strong>projeto b\u00e1sico<\/strong>, que ser\u00e1 como um <strong>espelho do futuro edital.<\/strong><\/p>\n\n\n\n<p>Ademais, o grupo tamb\u00e9m dever\u00e1 posteriormente cuidar dos procedimentos de <strong>escolha e contrata\u00e7\u00e3o da banca organizadora,<\/strong> para que ap\u00f3s isso os tr\u00e2mites finais possam ser realizados e, por fim, o edital possa ser <strong>publicado.<\/strong><\/p>\n\n\n\n<p>Nesse sentido, vale frisar que ainda <strong>n\u00e3o foram revelados os detalhes<\/strong> acerca da sele\u00e7\u00e3o, como quantitativo de vagas, cargos, sal\u00e1rios ou requisitos. Portanto, para conhecer todas as informa\u00e7\u00f5es \u00e9 necess\u00e1rio <strong>aguardar o projeto b\u00e1sico.<\/strong><\/p>\n\n\n\n<h2 class=\"wp-block-heading\" id=\"secretaria-realizou-processo-seletivo-em-2020\"><strong>Secretaria realizou processo seletivo em 2020<\/strong><\/h2>\n\n\n\n<p>Por fim, tamb\u00e9m vale lembrar que <strong>em 2020<\/strong> a Secretaria de Estado da Assist\u00eancia e do Desenvolvimento Social realizou um <strong>processo seletivo para tempor\u00e1rios.<\/strong><\/p>\n\n\n\n<p>Al\u00e9m disso, as oportunidades ofertadas foram para os cargos de <strong>Servi\u00e7o Social, Psicologia e Sociologia<\/strong>, todos de n\u00edvel superior. Nesse sentido, os aprovados contaram com remunera\u00e7\u00f5es de <strong>R$2.393,97 <\/strong>e jornadas de trabalho de <strong>30 horas semanais.<\/strong><\/p>\n\n\n\n<p>Ademais, os candidatos foram <strong>avaliados<\/strong> por meio de An\u00e1lise Curricular e de Memorial, Prova Te\u00f3rico e\/ou Pr\u00e1tica e Entrevista T\u00e9cnica e\/ou Comportamental. \u00c9 igualmente importante destacar que durante a <strong>Prova Te\u00f3rica<\/strong> os inscritos encontraram quest\u00f5es acerca de:<\/p>\n\n\n\n<ul class=\"wp-block-list\"><li>Reda\u00e7\u00e3o de Documentos;<\/li><li>Administra\u00e7\u00e3o P\u00fablica;<\/li><li>Sistema \u00danico de Assist\u00eancia Social.<\/li><\/ul>","protected":false},"excerpt":{"rendered":"<p>Novidades para os concurseiros! Foi aprovado o Projeto de Lei que prev\u00ea o primeiro concurso Seas RO para efetivos. Ademais, a sele\u00e7\u00e3o j\u00e1 conta com comiss\u00e3o organizadora. Confira: Como montar um mapa mental \u2013 Gr\u00e1tis No \u00faltimo dia 22 de novembro foi aprovado pela Assembleia Legislativa o Projeto de Lei respons\u00e1vel por atualizar diversas quest\u00f5es [&hellip;]<\/p>\n","protected":false},"author":54674,"featured_media":149663,"comment_status":"closed","ping_status":"closed","sticky":false,"template":"","format":"standard","meta":{"_acf_changed":false,"footnotes":"","_wp_rev_ctl_limit":""},"categories":[228],"tags":[43893,43896,43890,43898,43894,43891,43901,43897,43892,43900,43899,43895],"class_list":["post-149655","post","type-post","status-publish","format-standard","has-post-thumbnail","hentry","category-noticias","tag-comissao-concurso-seas-ro","tag-concurso-seas","tag-concurso-seas-ro","tag-concurso-seas-ro-edital","tag-concurso-seas-ro-pl-aprovada","tag-concurso-seas-ro-previsto","tag-concurso-seas-ro-primeira-selecao","tag-concurso-seas-ro-projeto-basico","tag-concurso-seas-rondonia","tag-novo-concurso-seas-ro","tag-preparativos-concurso-seas-ro","tag-primeiro-concurso-seas-ro"],"acf":[],"_links":{"self":[{"href":"https:\/\/www.novaconcursos.com.br\/portal\/wp-json\/wp\/v2\/posts\/149655","targetHints":{"allow":["GET"]}}],"collection":[{"href":"https:\/\/www.novaconcursos.com.br\/portal\/wp-json\/wp\/v2\/posts"}],"about":[{"href":"https:\/\/www.novaconcursos.com.br\/portal\/wp-json\/wp\/v2\/types\/post"}],"author":[{"embeddable":true,"href":"https:\/\/www.novaconcursos.com.br\/portal\/wp-json\/wp\/v2\/users\/54674"}],"replies":[{"embeddable":true,"href":"https:\/\/www.novaconcursos.com.br\/portal\/wp-json\/wp\/v2\/comments?post=149655"}],"version-history":[{"count":5,"href":"https:\/\/www.novaconcursos.com.br\/portal\/wp-json\/wp\/v2\/posts\/149655\/revisions"}],"predecessor-version":[{"id":149715,"href":"https:\/\/www.novaconcursos.com.br\/portal\/wp-json\/wp\/v2\/posts\/149655\/revisions\/149715"}],"wp:featuredmedia":[{"embeddable":true,"href":"https:\/\/www.novaconcursos.com.br\/portal\/wp-json\/wp\/v2\/media\/149663"}],"wp:attachment":[{"href":"https:\/\/www.novaconcursos.com.br\/portal\/wp-json\/wp\/v2\/media?parent=149655"}],"wp:term":[{"taxonomy":"category","embeddable":true,"href":"https:\/\/www.novaconcursos.com.br\/portal\/wp-json\/wp\/v2\/categories?post=149655"},{"taxonomy":"post_tag","embeddable":true,"href":"https:\/\/www.novaconcursos.com.br\/portal\/wp-json\/wp\/v2\/tags?post=149655"}],"curies":[{"name":"wp","href":"https:\/\/api.w.org\/{rel}","templated":true}]}}