{"id":149658,"date":"2021-12-01T12:24:11","date_gmt":"2021-12-01T15:24:11","guid":{"rendered":"https:\/\/www.novaconcursos.com.br\/portal\/?p=149658"},"modified":"2025-12-29T11:28:39","modified_gmt":"2025-12-29T14:28:39","slug":"concurso-pf-aumenta-cargos-vagos-agente-administrativo","status":"publish","type":"post","link":"https:\/\/www.novaconcursos.com.br\/portal\/noticias\/concurso-pf-aumenta-cargos-vagos-agente-administrativo\/","title":{"rendered":"Concurso PF: Cresce n\u00famero de cargos vagos para Agente Administrativo!"},"content":{"rendered":"<p>As <strong>vac\u00e2ncias <\/strong>na estrutura da Pol\u00edcia Federal t\u00eam aumentado muito e, por isso, um novo <a href=\"https:\/\/www.novaconcursos.com.br\/portal\/concursos\/pf-administrativo\/\">concurso PF<\/a> \u00e9 de extrema urg\u00eancia!<\/p>\n\n\n\n<ul class=\"wp-block-list\"><li><strong>Confira<\/strong>: <a aria-label=\"Curso Online GRATUITO Pol\u00edcia Federal (abre numa nova aba)\" href=\"https:\/\/www.novaconcursos.com.br\/curso-online\/gratis-pf-agente-administrativo\" target=\"_blank\" rel=\"noreferrer noopener\">Curso Online GRATUITO Pol\u00edcia Federal<\/a><\/li>\n<\/ul><p><\/p>\n\n\n\n<p>Sabendo da necessidade de pessoal, a PF j\u00e1 pediu at\u00e9 mesmo a <strong>autoriza\u00e7\u00e3o de um novo concurso<\/strong> para o Minist\u00e9rio da Economia, por\u00e9m o aval ainda n\u00e3o dado.<\/p>\n\n\n\n<ul class=\"wp-block-list\"><li><strong>Adquira<\/strong>: <a href=\"https:\/\/www.novaconcursos.com.br\/concurso\/pf-policia-federal\/apostila\">Apostila Concurso Pol\u00edcia Federal<\/a><\/li>\n\n\n\n<li><strong>Adquira<\/strong>:<a href=\"https:\/\/www.novaconcursos.com.br\/concurso\/pf-policia-federal\/curso-online\"> Curso Online Pol\u00edcia Federal<\/a><\/li>\n<\/ul><p><\/p>\n\n\n\n<p>A corpora\u00e7\u00e3o solicitou <strong>557 vagas<\/strong>, quantidade que condiz com as vac\u00e2ncias no quadro de efetivos da Pol\u00edcia Federal. Vale mencionar que somente para o cargo de <strong>Agente Administrativo<\/strong>, foram requisitadas 404 vagas, ou seja, essa \u00e9 a carreira que mais apresenta vagas.<\/p>\n\n\n\n<p>A \u00faltima sele\u00e7\u00e3o da PF para Agentes Administrativos aconteceu em <strong>2013 <\/strong>e a diretora de Gest\u00e3o de Pessoas da Pol\u00edcia Federal, Cec\u00edlia Silva Franco, falou sobre a <strong>necessidade de novos funcion\u00e1rios<\/strong>:<\/p>\n\n\n\n<p>\u201c<em>A\ncada dia que passa, algu\u00e9m se aposenta ou sai. Para esse \u00faltimo concurso\npolicial federal, por exemplo, temos v\u00e1rios servidores administrativos que\nentraram para a carreira policial<\/em>\u201d.<\/p>\n\n\n\n<p>Agora, a <strong>expectativa <\/strong>\u00e9 de que um novo <a href=\"https:\/\/www.novaconcursos.com.br\/portal\/concursos-abertos\/nacional\/\">concurso <\/a>para Agentes Administrativos possa ser lan\u00e7ado muito em breve!<\/p>\n\n\n\n<h2 class=\"wp-block-heading\" id=\"concurso-pf-corporao-sofre-com-vacncias-em-diversos-setores-\">Concurso PF: corpora\u00e7\u00e3o sofre com vac\u00e2ncias em diversos setores! <\/h2>\n\n\n\n<p>Al\u00e9m dos cargos de Agente Administrativos, que sofrem muito com a falta de funcion\u00e1rios, <strong>outros setores da corpora\u00e7\u00e3o <\/strong>tamb\u00e9m est\u00e3o perdendo muitos servidores.<\/p>\n\n\n\n<p>De acordo com informa\u00e7\u00f5es da Fenapef, por exemplo, <strong>mais de 6 mil cargos <\/strong>dentro da estrutura da Pol\u00edcia Federal est\u00e3o <strong>vagos<\/strong>.<\/p>\n\n\n\n<p>Da\u00ed surge a necessidade de novos <a href=\"https:\/\/www.novaconcursos.com.br\/portal\/concursos-previstos\/nacional\/\">concursos <\/a>e de convocar todos os <strong>100% de candidatos excedentes<\/strong> do \u00faltimo concurso da PF.<\/p>\n\n\n\n<p>O problema de realizar essas convoca\u00e7\u00f5es \u00e9 que os primeiros 25% podem ser chamados sem autoriza\u00e7\u00e3o do Governo Federal, por\u00e9m os outros 75% <strong>precisam de um aval presidencial<\/strong>.<\/p>\n\n\n\n<p>A Fenapef ainda ressaltou que seria mais pr\u00e1tico utilizar o <strong>cadastro de reserva formado em 2021<\/strong> do que realizar um novo concurso para Policiais, o que demoraria mais tempo para chegar \u00e0s contrata\u00e7\u00f5es, al\u00e9m de ser mais custoso para o Governo.<\/p>\n\n\n\n<p>O presidente da Federa\u00e7\u00e3o Nacional dos Policiais Federais, Lu\u00eds Boudens, disse que a <strong>convoca\u00e7\u00e3o dos excedentes<\/strong> n\u00e3o comprometeria o desempenho da Pol\u00edcia Federal e que \u201c<em>teremos uma economia muito grande, tanto de esfor\u00e7os quanto de recursos.<\/em>\u201d<\/p>\n\n\n\n<h2 class=\"wp-block-heading\" id=\"cadastro-de-reserva-do-ltimo-concurso-pf-ser-utilizado-\">Cadastro de Reserva do \u00faltimo concurso PF ser\u00e1 utilizado! <\/h2>\n\n\n\n<p>Durante uma reuni\u00e3o entre os contratados do \u00faltimo concurso PF e o presidente do Brasil, o Ministro da Justi\u00e7a, Anderson Torres, afirmou que <strong>\u00e9 poss\u00edvel convocar 100% <\/strong>a mais da quantidade de funcion\u00e1rios j\u00e1 convocados.<\/p>\n\n\n\n<p>Ou seja, podem ser contratados, no total, <strong>3 mil concursados<\/strong>. Essa \u00e9 uma excelente not\u00edcia, considerando que a PF apresenta cerca de <strong>6 mil vac\u00e2ncias.<\/strong><\/p>\n\n\n\n<p>Com a utiliza\u00e7\u00e3o dos candidatos excedentes, as vac\u00e2ncias na corpora\u00e7\u00e3o <strong>podem cair pela metade.<\/strong> No entanto, o Ministro ainda afirmou que convocar <strong>mais do que 1.500 candidatos excedentes <\/strong>talvez seja invi\u00e1vel para a corpora\u00e7\u00e3o e para o Governo. <\/p>\n\n\n\n<p>Por fim, ficamos no aguardo das <strong>convoca\u00e7\u00f5es do CR<\/strong>, al\u00e9m de esperar o aval de uma <strong>nova sele\u00e7\u00e3o para a \u00c1rea Administrativa.<\/strong><\/p>","protected":false},"excerpt":{"rendered":"<p>As vac\u00e2ncias na estrutura da Pol\u00edcia Federal t\u00eam aumentado muito e, por isso, um novo concurso PF \u00e9 de extrema urg\u00eancia! Sabendo da necessidade de pessoal, a PF j\u00e1 pediu at\u00e9 mesmo a autoriza\u00e7\u00e3o de um novo concurso para o Minist\u00e9rio da Economia, por\u00e9m o aval ainda n\u00e3o dado. A corpora\u00e7\u00e3o solicitou 557 vagas, quantidade [&hellip;]<\/p>\n","protected":false},"author":54673,"featured_media":125942,"comment_status":"closed","ping_status":"closed","sticky":false,"template":"","format":"standard","meta":{"_acf_changed":false,"footnotes":"","_wp_rev_ctl_limit":""},"categories":[228],"tags":[15101,42911,43904,9953,43903,43902,280,36577,37074,36944,25932,22777,2506,8669,38120,38298,42951,282,38736,38289,17225,35815,42652,288,35049,43431],"class_list":["post-149658","post","type-post","status-publish","format-standard","has-post-thumbnail","hentry","category-noticias","tag-cadastro-de-reserva","tag-cadastro-de-reserva-concurso-pf","tag-cadastro-de-reserva-do-concurso-pf","tag-cadastro-reserva","tag-candidatos-excedentes-concurso-pf","tag-candidatos-excedentes-pf","tag-concurso-pf","tag-concurso-pf-2021","tag-concurso-pf-administrativo","tag-concurso-pf-provas","tag-concurso-pf-vagas","tag-concurso-policia-federal-pf","tag-concursos-nacionais","tag-concursos-policiais","tag-editais-nacionais","tag-editais-pf","tag-editais-policiais","tag-edital-concurso-pf","tag-edital-concurso-pf-area-administrativa","tag-edital-do-concurso-pf","tag-edital-pf","tag-ministerio-da-economia","tag-ministerio-da-justica","tag-pf","tag-policia-federal-pf","tag-vacancias-pf"],"acf":[],"_links":{"self":[{"href":"https:\/\/www.novaconcursos.com.br\/portal\/wp-json\/wp\/v2\/posts\/149658","targetHints":{"allow":["GET"]}}],"collection":[{"href":"https:\/\/www.novaconcursos.com.br\/portal\/wp-json\/wp\/v2\/posts"}],"about":[{"href":"https:\/\/www.novaconcursos.com.br\/portal\/wp-json\/wp\/v2\/types\/post"}],"author":[{"embeddable":true,"href":"https:\/\/www.novaconcursos.com.br\/portal\/wp-json\/wp\/v2\/users\/54673"}],"replies":[{"embeddable":true,"href":"https:\/\/www.novaconcursos.com.br\/portal\/wp-json\/wp\/v2\/comments?post=149658"}],"version-history":[{"count":8,"href":"https:\/\/www.novaconcursos.com.br\/portal\/wp-json\/wp\/v2\/posts\/149658\/revisions"}],"predecessor-version":[{"id":301509,"href":"https:\/\/www.novaconcursos.com.br\/portal\/wp-json\/wp\/v2\/posts\/149658\/revisions\/301509"}],"wp:featuredmedia":[{"embeddable":true,"href":"https:\/\/www.novaconcursos.com.br\/portal\/wp-json\/wp\/v2\/media\/125942"}],"wp:attachment":[{"href":"https:\/\/www.novaconcursos.com.br\/portal\/wp-json\/wp\/v2\/media?parent=149658"}],"wp:term":[{"taxonomy":"category","embeddable":true,"href":"https:\/\/www.novaconcursos.com.br\/portal\/wp-json\/wp\/v2\/categories?post=149658"},{"taxonomy":"post_tag","embeddable":true,"href":"https:\/\/www.novaconcursos.com.br\/portal\/wp-json\/wp\/v2\/tags?post=149658"}],"curies":[{"name":"wp","href":"https:\/\/api.w.org\/{rel}","templated":true}]}}