{"id":149747,"date":"2021-12-01T17:42:37","date_gmt":"2021-12-01T20:42:37","guid":{"rendered":"https:\/\/www.novaconcursos.com.br\/portal\/?p=149747"},"modified":"2025-12-03T09:39:22","modified_gmt":"2025-12-03T12:39:22","slug":"concurso-policia-penal-mg-legislacao-especial","status":"publish","type":"post","link":"https:\/\/www.novaconcursos.com.br\/portal\/artigos\/concurso-policia-penal-mg-legislacao-especial\/","title":{"rendered":"Concurso Pol\u00edcia Penal MG: Como gabaritar Legisla\u00e7\u00e3o Especial?"},"content":{"rendered":"<p class=\"wp-block-paragraph\">Se aproximam cada vez mais as <strong>avalia\u00e7\u00f5es<\/strong> do <a href=\"https:\/\/www.novaconcursos.com.br\/portal\/concursos\/policia-penal-mg\/\">concurso Pol\u00edcia Penal MG<\/a>, um dos mais aguardados pelos concurseiros. Ademais, entre as <strong>disciplinas<\/strong> cobradas pela <strong>prova objetiva<\/strong> est\u00e1 a de <strong>Legisla\u00e7\u00e3o Especial<\/strong>. Sendo assim, saiba como gabaritar essa mat\u00e9ria!<\/p>\n\n\n\n<p class=\"wp-block-paragraph\"><\/p>\n\n\n\n<p class=\"wp-block-paragraph\">As avalia\u00e7\u00f5es do concurso da Pol\u00edcia Penal de Minas Gerais se aproximam cada dia mais, e por isso os candidatos <strong>devem estar preparados<\/strong>. Ademais, a sele\u00e7\u00e3o oferta <strong>2.420 oportunidades de n\u00edvel m\u00e9dio.<\/strong><\/p>\n\n\n\n<ul class=\"wp-block-list\"><li><strong>Adquira: <\/strong><a href=\"https:\/\/www.novaconcursos.com.br\/concurso\/policia-penal-mg\/apostila\">Apostila Concurso Pol\u00edcia Penal MG<\/a><\/li>\n\n\n\n<li><strong>Adquira:<\/strong> <a href=\"https:\/\/www.novaconcursos.com.br\/concurso\/policia-penal-mg\/curso-online\">Curso Online Concurso Pol\u00edcia Penal MG<\/a><\/li>\n<\/ul><p class=\"wp-block-paragraph\"><\/p>\n\n\n\n<p class=\"wp-block-paragraph\">Al\u00e9m disso, uma das disciplinas a serem cobradas nas provas objetivas da sele\u00e7\u00e3o \u00e9 a de<strong> Legisla\u00e7\u00e3o Especial<\/strong>. Por tanto, saiba os <strong>principais assuntos <\/strong>sobre essa mat\u00e9ria e como gabarit\u00e1-la!<\/p>\n\n\n\n<h2 class=\"wp-block-heading\" id=\"concurso-polcia-penal-mg-legislao-especial\">Concurso Pol\u00edcia Penal MG: Legisla\u00e7\u00e3o Especial<\/h2>\n\n\n\n<p class=\"wp-block-paragraph\">Primeiramente, \u00e9 importante destacar que os candidatos do concurso Pol\u00edcia Penal MG para o cargo de Policial Penal dever\u00e3o responder, entre uma s\u00e9rie de quest\u00f5es, <strong>20 perguntas sobre a disciplina de Legisla\u00e7\u00e3o Especial.<\/strong><\/p>\n\n\n\n<p class=\"wp-block-paragraph\">Al\u00e9m disso, segundo o edital, o <strong>conte\u00fado program\u00e1tico<\/strong> dessa disciplina \u00e9 o seguinte:<\/p>\n\n\n\n<ul class=\"wp-block-list\"><li>Lei n\u00ba 9.455\/1997 e suas altera\u00e7\u00f5es (antitortura). <\/li>\n\n\n\n<li>Lei n\u00ba 12.846\/2013 e suas altera\u00e7\u00f5es (anticorrup\u00e7\u00e3o).<\/li>\n\n\n\n<li>Lei n\u00ba 13.869\/2019 (abuso de autoridade). <\/li>\n\n\n\n<li>Lei n\u00ba 8.429\/1992 e suas altera\u00e7\u00f5es (improbidade administrava). <\/li>\n\n\n\n<li>Lei n\u00ba 10.826\/2003 e suas altera\u00e7\u00f5es (Estatuto do Desarmamento). <\/li>\n\n\n\n<li>Lei n\u00ba 11.343\/2006 e suas altera\u00e7\u00f5es (Lei de Drogas). <\/li>\n\n\n\n<li>Lei n\u00ba 13964\/2019 (aperfei\u00e7oa a legisla\u00e7\u00e3o penal e processual penal). <\/li>\n\n\n\n<li>Lei n\u00ba 7.210\/1984 (Lei de Execu\u00e7\u00e3o Penal). <\/li>\n\n\n\n<li>Lei n\u00ba 13.675\/2018 (disciplina a organiza\u00e7\u00e3o e o funcionamento dos \u00f3rg\u00e3os respons\u00e1veis pela seguran\u00e7a p\u00fablica; cria a Pol\u00edtica Nacional de Seguran\u00e7a P\u00fablica e Defesa Social; institui o Sistema \u00danico de Seguran\u00e7a P\u00fablica) e Decreto de Regulamenta\u00e7\u00e3o n\u00ba 9.489\/2018 e suas altera\u00e7\u00f5es posteriores. <\/li>\n\n\n\n<li>Lei Estadual n\u00ba 869, de 05 de julho de 1.952 e suas altera\u00e7\u00f5es posteriores \u2013 Estatuto dos Funcion\u00e1rios P\u00fablicos Civis do Estado de Minas Gerais; <\/li>\n\n\n\n<li>Lei Estadual n.\u00ba 11.404, de 25 de Janeiro de 1994 (Cont\u00e9m Normas de Execu\u00e7\u00e3o Penal); 12. Lei Estadual n\u00ba 14.695, de 30 de julho de 2.003, que instituiu a carreira de Agente de Seguran\u00e7a Penitenci\u00e1rio; <\/li>\n\n\n\n<li>Regulamentos e Normas de Procedimentos do Sistema Prisional de Minas Gerais (ReNP).<\/li>\n<\/ul><p class=\"wp-block-paragraph\"><\/p>\n\n\n\n<p class=\"wp-block-paragraph\">Portanto, nota-se que ser\u00e3o cobradas na avalia\u00e7\u00e3o <strong>13 diferentes leis da Legisla\u00e7\u00e3o Especial.<\/strong> Por isso, conhe\u00e7a os principais aspectos a serem estudados para a prova!<\/p>\n\n\n\n<h3 class=\"wp-block-heading\"><strong>Lei 11.343\/2006<\/strong><\/h3>\n\n\n\n<p class=\"wp-block-paragraph\">Inicialmente, uma boa dica para os concurseiros que realizar\u00e3o as provas do concurso da Pol\u00edcia Penal de Minas Gerais \u00e9 tentar <strong>interpretar aquilo que o enunciado das quest\u00f5es tem a dizer.<\/strong><\/p>\n\n\n\n<p class=\"wp-block-paragraph\">Isso porque, muitas vezes, o pr\u00f3prio enunciado traz informa\u00e7\u00f5es enriquecedoras e que <strong>facilitam a busca pela alternativa correta. <\/strong><\/p>\n\n\n\n<p class=\"wp-block-paragraph\">Al\u00e9m disso, tratando-se de Legisla\u00e7\u00e3o Especial, o candidato pode saber de que lei a quest\u00e3o fala simplesmente por fazer uma<strong> leitura cr\u00edtica<\/strong> <strong>do enunciado<\/strong>. Por exemplo:<\/p>\n\n\n\n<ul class=\"wp-block-list\"><li>Caio T\u00e1cito coordena o setor antidrogas do munic\u00edpio e busca organizar eventos educativos quanto aos efeitos nocivos da utiliza\u00e7\u00e3o de drogas il\u00edcitas. Nos termos da Lei n\u00ba 11.343\/2006, deve ser institu\u00eddo:<\/li>\n<\/ul><p class=\"wp-block-paragraph\"><\/p>\n\n\n\n<p class=\"wp-block-paragraph\">Portanto, \u00e9 comum que um candidato que n\u00e3o conhe\u00e7a a <strong>Lei n\u00ba 11.343\/2006<\/strong> por essa nomenclatura <strong>se desespere<\/strong> e se sinta perdido. <\/p>\n\n\n\n<p class=\"wp-block-paragraph\">Entretanto, uma leitura cr\u00edtica mostra que <strong>o pr\u00f3prio enunciado<\/strong> j\u00e1 diz de que se trata essa lei, em <strong>\u201csetor antidrogas\u201d<\/strong>. Sendo assim, sabe-se que a lei tratada \u00e9 a Lei de Drogas.<\/p>\n\n\n\n<p class=\"wp-block-paragraph\">Al\u00e9m disso, tomando como exemplo a quest\u00e3o citada acima, \u00e9 importante destacar que os concursos p\u00fablicos frequentemente tratam de quest\u00f5es acerca de <strong>eventos educativos.<\/strong><\/p>\n\n\n\n<p class=\"wp-block-paragraph\">Afinal, s\u00e3o necess\u00e1rias medidas para a<strong> preven\u00e7\u00e3o de drogas e de outras quest\u00f5es<\/strong> existentes na sociedade, de forma que as avalia\u00e7\u00f5es dos concursos geralmente trazem perguntas a esse respeito.<\/p>\n\n\n\n<p class=\"wp-block-paragraph\">\u00c9 igualmente importante destacar, portanto, que a <strong>Lei de Drogas<\/strong> aparece <strong>com frequ\u00eancia<\/strong> entre as provas de concurso p\u00fablico. <\/p>\n\n\n\n<p class=\"wp-block-paragraph\">Ademais, \u00e9 essencial que os candidatos recordem, sobre essa lei, que existe um artigo<strong> (19-A) <\/strong>que instituiu a <strong>Semana Nacional de Pol\u00edticas sobre Drogas<\/strong>, que \u00e9 comemorada <strong>anualmente<\/strong> na quarta semana do m\u00eas de junho.<\/p>\n\n\n\n<h3 class=\"wp-block-heading\"><strong>Lei n\u00ba 10.826\/2003<\/strong><\/h3>\n\n\n\n<p class=\"wp-block-paragraph\">Al\u00e9m disso, outra lei muito comum entre as avalia\u00e7\u00f5es \u00e9 a <strong>Lei n\u00ba 10.826\/2003,<\/strong> o Estatuto do Desarmamento. Sobre essa lei, \u00e9 importante que os concurseiros conhe\u00e7am as quest\u00f5es acerca do <strong>porte de arma de fogo.<\/strong><\/p>\n\n\n\n<p class=\"wp-block-paragraph\">Sendo assim, de acordo com a lei em quest\u00e3o, ser\u00e1 concedido pela <strong>Pol\u00edcia Federal<\/strong> o porte da arma de fogo, na categoria de <strong>ca\u00e7ador de subsist\u00eancia<\/strong>, para o indiv\u00edduo que:<\/p>\n\n\n\n<ul class=\"wp-block-list\"><li>resida em \u00e1reas rurais;<\/li>\n\n\n\n<li>for maior de 25 anos;<\/li>\n\n\n\n<li>comprove depender do emprego da arma de fogo para prover subsist\u00eancia alimentar familiar.<\/li>\n<\/ul><p class=\"wp-block-paragraph\"><\/p>\n\n\n\n<p class=\"wp-block-paragraph\">Ademais, tal indiv\u00edduo receber\u00e1 uma arma de fogo de <strong>tiro simples<\/strong>, com um ou dois canos e de calibre <strong>igual ou inferior a 16.<\/strong><\/p>\n\n\n\n<p class=\"wp-block-paragraph\">Ademais, outra dica importante para os candidatos \u00e9 a de que, nas avalia\u00e7\u00f5es, <strong>raramente<\/strong> \u00e9 usado o termo \u201cPresidente da Rep\u00fablica\u201d. Sendo assim, em seu lugar, as provas costumam trazer a nomenclatura <strong>\u201cChefe do Poder Executivo Federal\u201d.<\/strong><\/p>\n\n\n\n<h3 class=\"wp-block-heading\"><strong>Lei n\u00ba 12.846\/2013<\/strong><\/h3>\n\n\n\n<p class=\"wp-block-paragraph\">Outra lei muito trabalhada pelos concursos p\u00fablicos \u00e9 a de <strong>n\u00ba 12.846\/2013,<\/strong> conhecida como <strong>Lei Anticorrup\u00e7\u00e3o.<\/strong><\/p>\n\n\n\n<p class=\"wp-block-paragraph\">Al\u00e9m disso, \u00e9 comum que nas avalia\u00e7\u00f5es seja empregado o termo <strong>\u201cacordo de leni\u00eancia\u201d<\/strong>, que nada mais \u00e9 do que um acordo que busca <strong>evitar a corrup\u00e7\u00e3o<\/strong>, de forma que o termo est\u00e1 diretamente ligado com a lei citada.<\/p>\n\n\n\n<p class=\"wp-block-paragraph\">Ademais, tal acordo <strong>isenta a pessoa jur\u00eddica da publica\u00e7\u00e3o extraordin\u00e1ria da decis\u00e3o condenat\u00f3ria<\/strong>, uma vez que o indiv\u00edduo inserido nessa situa\u00e7\u00e3o estabelece um acordo com o Estado de que deixar\u00e1 de quebrar os cofres p\u00fablicos.<\/p>\n\n\n\n<h3 class=\"wp-block-heading\"><strong>Lei n\u00ba 869\/52<\/strong><\/h3>\n\n\n\n<p class=\"wp-block-paragraph\">Tamb\u00e9m pode estar presente na prova de Legisla\u00e7\u00e3o Especial do concurso Pol\u00edcia Penal MG a <strong>Lei n\u00ba 869\/52,<\/strong> do Estatuto dos Funcion\u00e1rios P\u00fablicos Civis do Estado de Minas Gerais.<\/p>\n\n\n\n<p class=\"wp-block-paragraph\">Nesse sentido, para esse tema, \u00e9 comum que as quest\u00f5es apresentem frases como <strong>\u201ca readapta\u00e7\u00e3o do servidor\u201d<\/strong> ou semelhantes, que remetem diretamente ao <strong>Estatuto citado.<\/strong><\/p>\n\n\n\n<p class=\"wp-block-paragraph\">Ademais, sobre esse assunto, \u00e9 interessante analisar o <strong>art. 86<\/strong>, que estabelece que tal <strong>readapta\u00e7\u00e3o<\/strong> ser\u00e1 sempre <strong>\u201cex-officio\u201d<\/strong> e acontecer\u00e1 nos termos do regulamento pr\u00f3prio.<\/p>\n\n\n\n<p class=\"wp-block-paragraph\">Por fim, essas s\u00e3o algumas das tem\u00e1ticas mais presentes nos concursos p\u00fablicos para a disciplina de <strong>Legisla\u00e7\u00e3o Especial<\/strong>. Entretanto, as demais leis <strong>tamb\u00e9m devem ser estudadas<\/strong> e possuem grandes possibilidades de estarem presentes <strong>nas avalia\u00e7\u00f5es!<\/strong><\/p>\n\n\n\n<h2 class=\"wp-block-heading\" id=\"concurso-polcia-penal-mg-detalhes\">Concurso Pol\u00edcia Penal MG: detalhes<\/h2>\n\n\n\n<p class=\"wp-block-paragraph\">Em suma, o concurso Pol\u00edcia Penal MG oferta <strong>2.420 oportunidades de n\u00edvel m\u00e9dio<\/strong> para o cargo de Policial Penal. Al\u00e9m disso, a distribui\u00e7\u00e3o acontece conforme abaixo:<\/p>\n\n\n\n<p class=\"wp-block-paragraph\"><strong>Homens \u2013 1.944 vagas<\/strong><\/p>\n\n\n\n<ul class=\"wp-block-list\"><li>1.750 vagas para ampla concorr\u00eancia<\/li>\n\n\n\n<li>194 vagas para pessoas com defici\u00eancia<\/li>\n<\/ul><p class=\"wp-block-paragraph\"><\/p>\n\n\n\n<p class=\"wp-block-paragraph\"><strong>Mulheres \u2013 476 vagas<\/strong><\/p>\n\n\n\n<ul class=\"wp-block-list\"><li>428 vagas para ampla concorr\u00eancia<\/li>\n\n\n\n<li>48 vagas para pessoas com defici\u00eancia<\/li>\n<\/ul><p class=\"wp-block-paragraph\"><\/p>\n\n\n\n<p class=\"wp-block-paragraph\">Ademais, a remunera\u00e7\u00e3o dos aprovados possuir\u00e1 o valor de <strong>R$4.631,25<\/strong>, al\u00e9m dos benef\u00edcios a serem recebidos pelas <strong>40 horas semanais<\/strong> de carga hor\u00e1ria.<\/p>\n\n\n\n<h2 class=\"wp-block-heading\" id=\"como-sero-as-provas\">Como ser\u00e3o as provas?<\/h2>\n\n\n\n<p class=\"wp-block-paragraph\">Por fim, os candidatos do concurso p\u00fablico que conta com a organiza\u00e7\u00e3o do Instituto Selecon ser\u00e3o avaliados por meio das seguintes <strong>etapas avaliativas:<\/strong><\/p>\n\n\n\n<ul class=\"wp-block-list\"><li>Provas objetivas: 16 de janeiro;<\/li>\n\n\n\n<li>Avalia\u00e7\u00f5es de aptid\u00e3o psicol\u00f3gica e psicot\u00e9cnica: 13 de mar\u00e7o;<\/li>\n\n\n\n<li>Exames m\u00e9dicos: 9 a 25 de maio;<\/li>\n\n\n\n<li>Prova de condicionamento f\u00edsico: 22 de junho a 8 de julho;<\/li>\n\n\n\n<li>Comprova\u00e7\u00e3o de idoneidade e conduta ilibada (investiga\u00e7\u00e3o social): 22 de julho a 11 de agosto;<\/li>\n\n\n\n<li>Curso de forma\u00e7\u00e3o t\u00e9cnico-profissional: outubro.<\/li>\n<\/ul><p class=\"wp-block-paragraph\"><\/p>\n\n\n\n<p class=\"wp-block-paragraph\">Al\u00e9m disso, durante as <strong>provas objetivas<\/strong> os candidatos dever\u00e3o responder a <strong>60 quest\u00f5es<\/strong> sobre as disciplinas citadas a seguir:<\/p>\n\n\n\n<ul class=\"wp-block-list\"><li>L\u00edngua Portuguesa \u2013 10 quest\u00f5es;<\/li>\n\n\n\n<li>Inform\u00e1tica \u2013 5 quest\u00f5es;<\/li>\n\n\n\n<li>No\u00e7\u00f5es de Direito \u2013 10 quest\u00f5es;<\/li>\n\n\n\n<li>Direitos Humanos \u2013 10 quest\u00f5es;<\/li>\n\n\n\n<li>Legisla\u00e7\u00e3o Especial \u2013 20 quest\u00f5es;<\/li>\n\n\n\n<li>Racioc\u00ednio L\u00f3gico \u2013 5 quest\u00f5es.<\/li>\n<\/ul><p class=\"wp-block-paragraph\"><\/p>","protected":false},"excerpt":{"rendered":"<p>Se aproximam cada vez mais as avalia\u00e7\u00f5es do concurso Pol\u00edcia Penal MG, um dos mais aguardados pelos concurseiros. Ademais, entre as disciplinas cobradas pela prova objetiva est\u00e1 a de Legisla\u00e7\u00e3o Especial. Sendo assim, saiba como gabaritar essa mat\u00e9ria! As avalia\u00e7\u00f5es do concurso da Pol\u00edcia Penal de Minas Gerais se aproximam cada dia mais, e por [&hellip;]<\/p>\n","protected":false},"author":54674,"featured_media":126096,"comment_status":"closed","ping_status":"closed","sticky":false,"template":"","format":"standard","meta":{"_acf_changed":false,"footnotes":"","_wp_rev_ctl_limit":""},"categories":[33508],"tags":[38340,39534,37112,43957,43563,37508,37113,39492,36578,38177,39856,40264,40263,39490,37507],"class_list":["post-149747","post","type-post","status-publish","format-standard","has-post-thumbnail","hentry","category-artigos","tag-cargos-concurso-policia-penal-mg","tag-como-estudar-para-o-concurso-policia-penal-mg","tag-concurso-policia-penal-mg","tag-concurso-policia-penal-mg-legislacao-especial","tag-concurso-policia-penal-mg-nivel-medio","tag-edital-concurso-policia-penal-mg","tag-edital-policia-penal-mg-2021","tag-etapas-do-concurso-policia-penal-mg","tag-policia-penal-mg","tag-provas-concurso-policia-penal-mg","tag-provas-policia-penal-mg","tag-remuneracao-concurso-policia-penal-mg","tag-requisitos-concurso-policia-penal-mg","tag-salarios-concurso-policia-penal-mg","tag-vagas-concurso-policia-penal-mg"],"acf":[],"_links":{"self":[{"href":"https:\/\/www.novaconcursos.com.br\/portal\/wp-json\/wp\/v2\/posts\/149747","targetHints":{"allow":["GET"]}}],"collection":[{"href":"https:\/\/www.novaconcursos.com.br\/portal\/wp-json\/wp\/v2\/posts"}],"about":[{"href":"https:\/\/www.novaconcursos.com.br\/portal\/wp-json\/wp\/v2\/types\/post"}],"author":[{"embeddable":true,"href":"https:\/\/www.novaconcursos.com.br\/portal\/wp-json\/wp\/v2\/users\/54674"}],"replies":[{"embeddable":true,"href":"https:\/\/www.novaconcursos.com.br\/portal\/wp-json\/wp\/v2\/comments?post=149747"}],"version-history":[{"count":7,"href":"https:\/\/www.novaconcursos.com.br\/portal\/wp-json\/wp\/v2\/posts\/149747\/revisions"}],"predecessor-version":[{"id":298186,"href":"https:\/\/www.novaconcursos.com.br\/portal\/wp-json\/wp\/v2\/posts\/149747\/revisions\/298186"}],"wp:featuredmedia":[{"embeddable":true,"href":"https:\/\/www.novaconcursos.com.br\/portal\/wp-json\/wp\/v2\/media\/126096"}],"wp:attachment":[{"href":"https:\/\/www.novaconcursos.com.br\/portal\/wp-json\/wp\/v2\/media?parent=149747"}],"wp:term":[{"taxonomy":"category","embeddable":true,"href":"https:\/\/www.novaconcursos.com.br\/portal\/wp-json\/wp\/v2\/categories?post=149747"},{"taxonomy":"post_tag","embeddable":true,"href":"https:\/\/www.novaconcursos.com.br\/portal\/wp-json\/wp\/v2\/tags?post=149747"}],"curies":[{"name":"wp","href":"https:\/\/api.w.org\/{rel}","templated":true}]}}