{"id":149982,"date":"2021-12-03T14:10:29","date_gmt":"2021-12-03T17:10:29","guid":{"rendered":"https:\/\/www.novaconcursos.com.br\/portal\/?p=149982"},"modified":"2021-12-03T14:10:34","modified_gmt":"2021-12-03T17:10:34","slug":"concurso-seeduc-rj-novo-edital-vagas-temporarias","status":"publish","type":"post","link":"https:\/\/www.novaconcursos.com.br\/portal\/noticias\/concurso-seeduc-rj-novo-edital-vagas-temporarias\/","title":{"rendered":"Concurso Seeduc RJ: Novo edital ter\u00e1 mais de 9 mil vagas tempor\u00e1rias!"},"content":{"rendered":"<p>Boas not\u00edcias, concurseiros! Est\u00e1 sendo preparado um novo <a href=\"https:\/\/www.novaconcursos.com.br\/portal\/concursos\/concurso-seeduc-rj\/\">concurso Seeduc RJ<\/a> que contar\u00e1 com <strong>mais de 9 mil oportunidades tempor\u00e1rias<\/strong>. Ademais, as vagas s\u00e3o destinadas ao programa M.A.E.<\/p>\n\n\n\n<ul class=\"wp-block-list\"><li><strong>Confira: <\/strong><a href=\"https:\/\/www.novaconcursos.com.br\/eventos\/guia-definitivo-plano-de-estudos-passo-a-passo\/\" target=\"_blank\" rel=\"noreferrer noopener\" aria-label=\" (abre numa nova aba)\">Guia Definitivo Plano de Estudos \u2013 Gr\u00e1tis<\/a><\/li><\/ul><p><\/p>\n\n\n\n<p>Foi anunciado que um novo <strong>processo seletivo<\/strong> para a Secretaria de Estado de Educa\u00e7\u00e3o do Rio de Janeiro ser\u00e1 realizado, com uma grande oferta de oportunidades tempor\u00e1rias. Ademais, ser\u00e3o mais de <strong>9 mil vagas!<\/strong><\/p>\n\n\n\n<p>Al\u00e9m disso, a iniciativa \u00e9 voltada para o <strong>programa M.A.E<\/strong> (Mulheres Apoiando a Educa\u00e7\u00e3o), que tem como objetivo a contrata\u00e7\u00e3o tempor\u00e1ria de <strong>Assistentes Sociais e m\u00e3es de fam\u00edlias de baixa renda.<\/strong><\/p>\n\n\n\n<h2 class=\"wp-block-heading\" id=\"concurso-seeduc-rj-programa-mae\"><strong>Concurso Seeduc RJ: programa M.A.E<\/strong><\/h2>\n\n\n\n<p>Antes de mais nada, \u00e9 importante mencionar que as mais de 9 mil vagas a serem ofertadas pelo <a href=\"https:\/\/www.novaconcursos.com.br\/portal\/concursos-previstos\/rj\/\">concurso<\/a> Seeduc RJ estar\u00e3o destinadas <strong>\u00e0s 1.230 escolas de rede estadual de ensino.<\/strong><\/p>\n\n\n\n<p>Al\u00e9m disso, o objetivo do programa M.A.E \u00e9 auxiliar os alunos no <strong>retorno das atividades presenciais<\/strong>, para que os impactos causados pela pandemia da Covid-19 sejam os <strong>menores poss\u00edveis.<\/strong><\/p>\n\n\n\n<p>Ademais, as responsabilidades das m\u00e3es contratadas por meio do processo seletivo ser\u00e3o os de <strong>apoio e suporte \u00e0 equipe pedag\u00f3gica e social<\/strong>, ou seja, essas mulheres atuar\u00e3o como embaixadoras das escolas.<\/p>\n\n\n\n<p>Por outro lado, tais m\u00e3es tamb\u00e9m ter\u00e3o o objetivo de <strong>fortalecer a rela\u00e7\u00e3o entre a fam\u00edlia dos alunos e a unidade escolar<\/strong>. Ademais, as Assistentes Sociais trabalhar\u00e3o com os estudantes e suas fam\u00edlias principalmente os aspectos <strong>socioecon\u00f4micos.<\/strong><\/p>\n\n\n\n<p><em>\u201cO impacto da pandemia para\ntoda a rede de ensino do estado foi muito grande, mas afetou principalmente os\nestudantes. Agora, com a retomada das atividades, \u00e9 hora de garantir todo o\nsuporte necess\u00e1rio para que eles tenham todas as condi\u00e7\u00f5es de frequentar as\naulas com tranquilidade\u201d,<\/em> disse o governador Cl\u00e1udio Castro.<\/p>\n\n\n\n<p>Al\u00e9m disso, o secret\u00e1rio de Estado da Educa\u00e7\u00e3o, Alexandre Valle, ainda destacou que as contrata\u00e7\u00f5es t\u00eam por objetivo frisar <strong>a import\u00e2ncia<\/strong> que a fam\u00edlia possui no <strong>processo de forma\u00e7\u00e3o<\/strong> dos estudantes:<\/p>\n\n\n\n<p><em>\u201c\u00c9 fundamental que os alunos e suas fam\u00edlias entendam que a escola \u00e9 uma continuidade de seus lares\u201d,<\/em> disse.<\/p>\n\n\n\n<h2 class=\"wp-block-heading\" id=\"vagas-cargos-e-salrios-do-processo-seletivo\"><strong>Vagas, cargos e sal\u00e1rios do processo seletivo<\/strong><\/h2>\n\n\n\n<p>Em resumo, o <a href=\"https:\/\/www.novaconcursos.com.br\/portal\/concursos-abertos\/rj\/\">concurso<\/a> Seeduc RJ ofertar\u00e1 cerca de <strong>1.000 vagas<\/strong> para Assistentes Sociais e <strong>9.000<\/strong> para m\u00e3es de fam\u00edlias de baixa renda. Al\u00e9m disso, as oportunidades s\u00e3o<strong> tempor\u00e1rias.<\/strong><\/p>\n\n\n\n<p>Ademais, as jornadas de trabalho das aprovadas ser\u00e1 de <strong>30 horas semanais<\/strong>, al\u00e9m de <strong>06 horas ao m\u00eas<\/strong> para avalia\u00e7\u00f5es e treinamentos, pelos quais receber\u00e3o uma bolsa mensal no valor de <strong>R$1.000,00.<\/strong><\/p>\n\n\n\n<p>\u00c9 igualmente importante destacar que ainda <strong>n\u00e3o foram revelados<\/strong> outros detalhes acerca do processo seletivo, tais como os requisitos. Entretanto, j\u00e1 se sabe que a sele\u00e7\u00e3o ocorrer\u00e1 por meio de <strong>duas etapas.<\/strong><\/p>\n\n\n\n<p>Sendo assim, primeiramente ser\u00e1 realizado um <strong>cadastro no site da pasta<\/strong>, de forma que ocorrer\u00e1 uma pr\u00e9-sele\u00e7\u00e3o. Ademais, posteriormente, as candidatas dever\u00e3o <strong>entregar os documentos solicitados<\/strong> nas escolas em que forem selecionadas.<\/p>\n\n\n\n<h2 class=\"wp-block-heading\" id=\"autorizado-concurso-seeduc-rj-para-efetivos\"><strong>Autorizado concurso Seeduc RJ para efetivos<\/strong><\/h2>\n\n\n\n<p>Por fim, al\u00e9m do processo seletivo para tempor\u00e1rias tamb\u00e9m foi autorizado, no <strong>dia 15 de outubro<\/strong>, um concurso da Secretaria de Estado de Educa\u00e7\u00e3o do Rio de Janeiro <strong>para efetivos.<\/strong><\/p>\n\n\n\n<p>Al\u00e9m disso, a autoriza\u00e7\u00e3o foi dada pelo governador Cl\u00e1udio Castro para o provimento de <strong>303 oportunidades efetivas<\/strong> que ter\u00e3o como jornada de trabalho uma carga de <strong>16 horas semanais.<\/strong><\/p>\n\n\n\n<p>Ademais, as vagas ser\u00e3o destinadas ao cargo de <strong>Professor<\/strong>, de forma que os requisitos s\u00e3o a<strong> licenciatura plena<\/strong> na \u00e1rea de atua\u00e7\u00e3o e <strong>registro no conselho,<\/strong> quando for o caso.<\/p>\n\n\n\n<p>\u00c9 igualmente essencial frisar que as <strong>remunera\u00e7\u00f5es iniciais<\/strong> ser\u00e3o de <strong>R$1.795,07<\/strong>, sendo R$1.179,35 de vencimento b\u00e1sico, R$239,52 de aux\u00edlio-alimenta\u00e7\u00e3o e R$376,20 de aux\u00edlio-transporte.<\/p>\n\n\n\n<p>Al\u00e9m disso, estar\u00e3o dispon\u00edveis <strong>diversas \u00e1reas<\/strong> dentro do cargo de Professor, sendo destaques as \u00e1reas de <strong>Matem\u00e1tica e Portugu\u00eas<\/strong>, com uma oferta de <strong>32 oportunidades<\/strong> cada uma.<\/p>\n\n\n\n<p>Por fim, o que se prev\u00ea \u00e9 que a <strong>banca organizadora<\/strong> do certame seja a <a href=\"https:\/\/www.ceperj.rj.gov.br\/\" target=\"_blank\" rel=\"noreferrer noopener\" aria-label=\"Funda\u00e7\u00e3o Ceperj (abre numa nova aba)\">Funda\u00e7\u00e3o Ceperj<\/a>, respons\u00e1vel pela \u00faltima sele\u00e7\u00e3o da Secretaria. Ademais, espera-se que o edital seja publicado <strong>em breve.<\/strong><\/p>","protected":false},"excerpt":{"rendered":"<p>Boas not\u00edcias, concurseiros! Est\u00e1 sendo preparado um novo concurso Seeduc RJ que contar\u00e1 com mais de 9 mil oportunidades tempor\u00e1rias. Ademais, as vagas s\u00e3o destinadas ao programa M.A.E. Confira: Guia Definitivo Plano de Estudos \u2013 Gr\u00e1tis Foi anunciado que um novo processo seletivo para a Secretaria de Estado de Educa\u00e7\u00e3o do Rio de Janeiro ser\u00e1 [&hellip;]<\/p>\n","protected":false},"author":54674,"featured_media":149992,"comment_status":"closed","ping_status":"closed","sticky":false,"template":"","format":"standard","meta":{"_acf_changed":false,"footnotes":"","_wp_rev_ctl_limit":""},"categories":[228],"tags":[40357,2593,44093,44094,44086,44095,27586,40355,44092,44090,40356,27588],"class_list":["post-149982","post","type-post","status-publish","format-standard","has-post-thumbnail","hentry","category-noticias","tag-cargos-concurso-seeduc-rj","tag-concurso-seeduc-rj","tag-concurso-seeduc-rj-efetivos","tag-concurso-seeduc-rj-programa-m-a-e","tag-concurso-seeduc-rj-temporarios","tag-concurso-seeduc-rj-vagas-temporarias","tag-concurso-seeduc-rj-autorizado","tag-edital-concurso-seeduc-rj","tag-processo-seletivo-seeduc-rj","tag-remuneracoes-concurso-seeduc-rj","tag-salarios-concurso-seeduc-rj","tag-vagas-concurso-seeduc-rj"],"acf":[],"_links":{"self":[{"href":"https:\/\/www.novaconcursos.com.br\/portal\/wp-json\/wp\/v2\/posts\/149982","targetHints":{"allow":["GET"]}}],"collection":[{"href":"https:\/\/www.novaconcursos.com.br\/portal\/wp-json\/wp\/v2\/posts"}],"about":[{"href":"https:\/\/www.novaconcursos.com.br\/portal\/wp-json\/wp\/v2\/types\/post"}],"author":[{"embeddable":true,"href":"https:\/\/www.novaconcursos.com.br\/portal\/wp-json\/wp\/v2\/users\/54674"}],"replies":[{"embeddable":true,"href":"https:\/\/www.novaconcursos.com.br\/portal\/wp-json\/wp\/v2\/comments?post=149982"}],"version-history":[{"count":4,"href":"https:\/\/www.novaconcursos.com.br\/portal\/wp-json\/wp\/v2\/posts\/149982\/revisions"}],"predecessor-version":[{"id":149996,"href":"https:\/\/www.novaconcursos.com.br\/portal\/wp-json\/wp\/v2\/posts\/149982\/revisions\/149996"}],"wp:featuredmedia":[{"embeddable":true,"href":"https:\/\/www.novaconcursos.com.br\/portal\/wp-json\/wp\/v2\/media\/149992"}],"wp:attachment":[{"href":"https:\/\/www.novaconcursos.com.br\/portal\/wp-json\/wp\/v2\/media?parent=149982"}],"wp:term":[{"taxonomy":"category","embeddable":true,"href":"https:\/\/www.novaconcursos.com.br\/portal\/wp-json\/wp\/v2\/categories?post=149982"},{"taxonomy":"post_tag","embeddable":true,"href":"https:\/\/www.novaconcursos.com.br\/portal\/wp-json\/wp\/v2\/tags?post=149982"}],"curies":[{"name":"wp","href":"https:\/\/api.w.org\/{rel}","templated":true}]}}