{"id":150266,"date":"2021-12-08T12:07:24","date_gmt":"2021-12-08T15:07:24","guid":{"rendered":"https:\/\/www.novaconcursos.com.br\/portal\/?p=150266"},"modified":"2021-12-08T12:09:45","modified_gmt":"2021-12-08T15:09:45","slug":"concurso-bombeiros-am-divulgada-primeira-retificacao","status":"publish","type":"post","link":"https:\/\/www.novaconcursos.com.br\/portal\/noticias\/concurso-bombeiros-am-divulgada-primeira-retificacao\/","title":{"rendered":"Concurso Bombeiros AM: Divulgada a primeira retifica\u00e7\u00e3o!"},"content":{"rendered":"<p>Aten\u00e7\u00e3o, concurseiros! A <strong>primeira retifica\u00e7\u00e3o<\/strong> do <a href=\"https:\/\/www.novaconcursos.com.br\/portal\/concursos\/concurso-bombeiros-am\/\">concurso Bombeiros AM<\/a> foi publicada e traz mudan\u00e7as, inclusive, nas datas de prova. Confira o que mudou!<\/p>\n\n\n\n<ul class=\"wp-block-list\"><li><strong>Confira<\/strong>: <a href=\"https:\/\/www.novaconcursos.com.br\/eventos\/guia-definitivo-plano-de-estudos-passo-a-passo\/\" target=\"_blank\" rel=\"noreferrer noopener\" aria-label=\"Guia Definitivo - Plano de Estudos Passo a Passo (GR\u00c1TIS) (abre numa nova aba)\">Guia Definitivo \u2013 Plano de Estudos Passo a Passo (GR\u00c1TIS)<\/a><\/li><\/ul><p><\/p>\n\n\n\n<p>Antes de mais nada, vale dizer que o edital do Corpo de Bombeiros do Amazonas foi publicado com a oferta de<strong> 453 vagas <\/strong>de n\u00edveis m\u00e9dio e superior, <strong>para os cargos de Soldado e 2\u00b0 Tenente<\/strong>.<\/p>\n\n\n\n<ul class=\"wp-block-list\"><li><strong>Adquira<\/strong>: <a href=\"https:\/\/www.novaconcursos.com.br\/concurso\/cbm-am-corpo-de-bombeiros-militar-do-estado-do-amazonas\/apostila\">Apostila Concurso Bombeiros AM<\/a><\/li><li><strong>Adquira<\/strong>: <a href=\"https:\/\/www.novaconcursos.com.br\/concurso\/cbm-am-corpo-de-bombeiros-militar-do-estado-do-amazonas\/curso-online\">Curso Online Concurso Bombeiros AM<\/a><\/li><\/ul><p><\/p>\n\n\n\n<p>Al\u00e9m disso, as <strong>inscri\u00e7\u00f5es <\/strong>para o certame se abrem no dia de hoje, <strong>08 de dezembro<\/strong> e permanecem recebendo matr\u00edculas at\u00e9 o dia <strong>04 de janeiro de 2022<\/strong>. Para se inscrever no certame \u00e9 simples: basta acessar o <a href=\"https:\/\/conhecimento.fgv.br\/concursos\/cbmam21\" target=\"_blank\" rel=\"noreferrer noopener\" aria-label=\"site da organizadora, FGV (abre numa nova aba)\">site da organizadora, FGV<\/a>, e preencher os dados que forem requisitados.<\/p>\n\n\n\n<p>Ademais, uma <strong>taxa de participa\u00e7\u00e3o<\/strong> nos valores de <strong>R$ 100<\/strong>, para o n\u00edvel m\u00e9dio, e <strong>R$ 180<\/strong>, para o n\u00edvel superior, ser\u00e1 cobrada para efetivar a participa\u00e7\u00e3o no certame.<\/p>\n\n\n\n<p>Se voc\u00ea pretende prestar esse <a href=\"https:\/\/www.novaconcursos.com.br\/portal\/concursos-abertos\/am\/\">concurso p\u00fablico<\/a>, ent\u00e3o confira quais <strong>mudan\u00e7as <\/strong>foram feitas no edital e se mantenha atualizado!<\/p>\n\n\n\n<h2 class=\"wp-block-heading\" id=\"concurso-bombeiros-am-mudana-na-data-das-provas-\">Concurso Bombeiros AM: Mudan\u00e7a na data das Provas <\/h2>\n\n\n\n<p>A primeira mudan\u00e7a realizada no edital foi na <strong>data das provas<\/strong>. Primordialmente, a data de aplica\u00e7\u00e3o das avalia\u00e7\u00f5es seria dia 13 de fevereiro de 2022, por\u00e9m esse cronograma precisou ser adiantado. Dessa forma, a <strong>nova data passa a ser dia 12 de fevereiro de 2022<\/strong>. <\/p>\n\n\n\n<p>Al\u00e9m disso, os <strong>hor\u00e1rios tamb\u00e9m foram alterados<\/strong>. Agora, para os candidatos ao cargo de<strong> 2\u00b0 Tenente<\/strong>, as avalia\u00e7\u00f5es come\u00e7ar\u00e3o \u00e0s 14h e ser\u00e3o finalizadas \u00e0s 18h30, enquanto que os inscritos a <strong>Soldado <\/strong>iniciar\u00e3o os testes \u00e0s 14h e ter\u00e3o at\u00e9 \u00e0s 17h30 para finaliz\u00e1-los.<\/p>\n\n\n\n<p>Ainda sobre as provas, outra mudan\u00e7a foi feita nas <strong>quest\u00f5es da prova para Tenente<\/strong>, confira:<\/p>\n\n\n\n<p><strong>Onde se l\u00ea:<\/strong><\/p>\n\n\n\n<figure class=\"wp-block-image size-large\"><img decoding=\"async\" width=\"646\" height=\"247\" src=\"https:\/\/www.novaconcursos.com.br\/portal\/wp-content\/uploads\/2021\/12\/quest%C3%B5es-1.png\" alt=\"\" class=\"wp-image-150270\" loading=\"lazy\" title=\"\" srcset=\"https:\/\/www.novaconcursos.com.br\/portal\/wp-content\/uploads\/2021\/12\/quest\u00f5es-1-300x115.png 300w, https:\/\/www.novaconcursos.com.br\/portal\/wp-content\/uploads\/2021\/12\/quest\u00f5es-1.png 646w\" sizes=\"auto, (max-width: 480px) 100vw, (max-width: 768px) 100vw, (max-width: 1200px) 70vw, 768px\"><figcaption><\/figcaption><\/figure><p><\/p>\n\n\n\n<p><strong>Leia-se:<\/strong><\/p>\n\n\n\n<figure class=\"wp-block-image size-large\"><img decoding=\"async\" width=\"657\" height=\"241\" src=\"https:\/\/www.novaconcursos.com.br\/portal\/wp-content\/uploads\/2021\/12\/quest%C3%B5es-2.png\" alt=\"\" class=\"wp-image-150272\" loading=\"lazy\" title=\"\" srcset=\"https:\/\/www.novaconcursos.com.br\/portal\/wp-content\/uploads\/2021\/12\/quest\u00f5es-2-300x110.png 300w, https:\/\/www.novaconcursos.com.br\/portal\/wp-content\/uploads\/2021\/12\/quest\u00f5es-2.png 657w\" sizes=\"auto, (max-width: 480px) 100vw, (max-width: 768px) 100vw, (max-width: 1200px) 70vw, 768px\"><figcaption><\/figcaption><\/figure><p><\/p>\n\n\n\n<h2 class=\"wp-block-heading\" id=\"concurso-bombeiros-am-alteraes-no-taf-\">Concurso Bombeiros AM: altera\u00e7\u00f5es no TAF <\/h2>\n\n\n\n<p>Outro t\u00f3pico do edital que sofreu altera\u00e7\u00f5es no edital dos Bombeiros AM foi o do <strong>Teste de Aptid\u00e3o F\u00edsica<\/strong> (TAF). Neste caso, os candidatos, agora, ser\u00e3o submetidos a <strong>quatro provas f\u00edsicas<\/strong> em dois dias e n\u00e3o mais a cinco, como indicado anteriormente no documento de abertura.<\/p>\n\n\n\n<p>Al\u00e9m disso, a <strong>prova de nata\u00e7\u00e3o<\/strong> passa a ser de 25m e n\u00e3o mais de 50m, confira a <strong>explica\u00e7\u00e3o atual dessa prova<\/strong>:<\/p>\n\n\n\n<figure class=\"wp-block-image size-large\"><img decoding=\"async\" width=\"649\" height=\"494\" src=\"https:\/\/www.novaconcursos.com.br\/portal\/wp-content\/uploads\/2021\/12\/nata%C3%A7%C3%A3o.png\" alt=\"\" class=\"wp-image-150271\" loading=\"lazy\" title=\"\" srcset=\"https:\/\/www.novaconcursos.com.br\/portal\/wp-content\/uploads\/2021\/12\/nata\u00e7\u00e3o-300x228.png 300w, https:\/\/www.novaconcursos.com.br\/portal\/wp-content\/uploads\/2021\/12\/nata\u00e7\u00e3o.png 649w\" sizes=\"auto, (max-width: 480px) 100vw, (max-width: 768px) 100vw, (max-width: 1200px) 70vw, 768px\"><figcaption><\/figcaption><\/figure><p><\/p>\n\n\n\n<h2 class=\"wp-block-heading\" id=\"contedo-programtico-tambm-foi-alterado-\">Conte\u00fado Program\u00e1tico tamb\u00e9m foi alterado! <\/h2>\n\n\n\n<p>Por fim, a \u00faltima altera\u00e7\u00e3o que ocorreu no edital, foi no <strong>conte\u00fado program\u00e1tico<\/strong> das provas dos Tenentes e dos Soldados. Confira, portanto, o que foi mudado!<\/p>\n\n\n\n<p><strong>Onde se l\u00ea: <\/strong><\/p>\n\n\n\n<p><strong>Cargo de n\u00edvel superior: 2\u00ba Tenente Bombeiro Militar<\/strong><\/p>\n\n\n\n<p><strong>Hist\u00f3ria do Amazonas<\/strong>: 1. Col\u00f4nia: 1.1. As sociedades ind\u00edgenas na \u00e9poca da conquista: origem e distribui\u00e7\u00e3o das popula\u00e7\u00f5es ind\u00edgenas; Grupos lingu\u00edsticos e tribais; O modo de vida e a organiza\u00e7\u00e3o dos grupos tribais; Estimativas demogr\u00e1ficas; 1.2 Conquista e coloniza\u00e7\u00e3o: expedi\u00e7\u00f5es do s\u00e9culo XVII: a de Francisco de Orellana e a de Urs\u00faa e Aguirre; ocupa\u00e7\u00e3o militar: o forte do Pres\u00e9pio e a expuls\u00e3o dos \u201cestrangeiros\u201d; Expedi\u00e7\u00e3o de Pedro Teixeira; as bases da coloniza\u00e7\u00e3o portuguesa: as bases econ\u00f4micas; organiza\u00e7\u00e3o da for\u00e7a de trabalho ind\u00edgena; organiza\u00e7\u00e3o e funcionamento da administra\u00e7\u00e3o do Maranh\u00e3o e Gr\u00e3o-Par\u00e1; as ordens religiosas; conflitos internos: mission\u00e1rios X colonos;<\/p>\n\n\n\n<p><strong>Leia-se:<\/strong><\/p>\n\n\n\n<p><strong>Cargo de n\u00edvel superior: 2\u00ba Tenente Bombeiro Militar<\/strong><\/p>\n\n\n\n<p><strong>Hist\u00f3ria do Amazonas<\/strong>: 1. Col\u00f4nia: 1.1. As sociedades ind\u00edgenas na \u00e9poca da conquista: origem e distribui\u00e7\u00e3o das popula\u00e7\u00f5es ind\u00edgenas; Grupos lingu\u00edsticos e tribais; O modo de vida e a organiza\u00e7\u00e3o dos grupos tribais; Estimativas demogr\u00e1ficas; 1.2 Conquista e coloniza\u00e7\u00e3o: expedi\u00e7\u00f5es do s\u00e9culo XVI: a de Francisco de Orellana e a de Urs\u00faa e Aguirre; ocupa\u00e7\u00e3o militar: o forte do Pres\u00e9pio e a expuls\u00e3o dos \u201cestrangeiros\u201d; Expedi\u00e7\u00e3o de Pedro Teixeira; as bases da coloniza\u00e7\u00e3o portuguesa: as bases econ\u00f4micas; organiza\u00e7\u00e3o da for\u00e7a de trabalho ind\u00edgena; organiza\u00e7\u00e3o e funcionamento da administra\u00e7\u00e3o do Maranh\u00e3o e Gr\u00e3o-Par\u00e1; as ordens religiosas; conflitos internos: mission\u00e1rios X colonos;<\/p>\n\n\n\n<p>Al\u00e9m disso, os conte\u00fados para a <strong>prova dos Soldados<\/strong> tamb\u00e9m foram alterados, veja:<\/p>\n\n\n\n<p><strong>Onde se l\u00ea:<\/strong><\/p>\n\n\n\n<p><strong>Cargo de n\u00edvel m\u00e9dio: Soldado Bombeiro Militar<\/strong><\/p>\n\n\n\n<p><strong>Hist\u00f3ria do Amazonas<\/strong>: 1. Col\u00f4nia: 1.1. As sociedades ind\u00edgenas na \u00e9poca da conquista: origem e distribui\u00e7\u00e3o das popula\u00e7\u00f5es ind\u00edgenas; Grupos lingu\u00edsticos e tribais; O modo de vida e a organiza\u00e7\u00e3o dos grupos tribais; Estimativas demogr\u00e1ficas; 1.2 Conquista e coloniza\u00e7\u00e3o: expedi\u00e7\u00f5es do s\u00e9culo XVII: a de Francisco de Orellana e a de Urs\u00faa e Aguirre; ocupa\u00e7\u00e3o militar: o forte do Pres\u00e9pio e a expuls\u00e3o dos \u201cestrangeiros\u201d; Expedi\u00e7\u00e3o de Pedro Teixeira; as bases da coloniza\u00e7\u00e3o portuguesa: as bases econ\u00f4micas; organiza\u00e7\u00e3o da for\u00e7a de trabalho ind\u00edgena; organiza\u00e7\u00e3o e funcionamento da administra\u00e7\u00e3o do Maranh\u00e3o e Gr\u00e3o-Par\u00e1; as ordens religiosas; conflitos internos: mission\u00e1rios X colonos;<\/p>\n\n\n\n<p><strong>Leia-se:<\/strong><\/p>\n\n\n\n<p><strong>Cargo de n\u00edvel m\u00e9dio: Soldado Bombeiro Militar<\/strong><\/p>\n\n\n\n<p><strong>Hist\u00f3ria do Amazonas<\/strong>: 1. Col\u00f4nia: 1.1. As sociedades ind\u00edgenas na \u00e9poca da conquista: origem e distribui\u00e7\u00e3o das popula\u00e7\u00f5es ind\u00edgenas; Grupos lingu\u00edsticos e tribais; O modo de vida e a organiza\u00e7\u00e3o dos grupos tribais; Estimativas demogr\u00e1ficas; 1.2 Conquista e coloniza\u00e7\u00e3o: expedi\u00e7\u00f5es do s\u00e9culo XVI: a de Francisco de Orellana e a de Urs\u00faa e Aguirre; ocupa\u00e7\u00e3o militar: o forte do Pres\u00e9pio e a expuls\u00e3o dos \u201cestrangeiros\u201d; Expedi\u00e7\u00e3o de Pedro Teixeira; as bases da coloniza\u00e7\u00e3o portuguesa: as bases econ\u00f4micas; organiza\u00e7\u00e3o da for\u00e7a de trabalho ind\u00edgena; organiza\u00e7\u00e3o e funcionamento da administra\u00e7\u00e3o do Maranh\u00e3o e Gr\u00e3o-Par\u00e1; as ordens religiosas; conflitos internos: mission\u00e1rios X colonos;<\/p>","protected":false},"excerpt":{"rendered":"<p>Aten\u00e7\u00e3o, concurseiros! A primeira retifica\u00e7\u00e3o do concurso Bombeiros AM foi publicada e traz mudan\u00e7as, inclusive, nas datas de prova. Confira o que mudou! Confira: Guia Definitivo \u2013 Plano de Estudos Passo a Passo (GR\u00c1TIS) Antes de mais nada, vale dizer que o edital do Corpo de Bombeiros do Amazonas foi publicado com a oferta de [&hellip;]<\/p>\n","protected":false},"author":54673,"featured_media":127791,"comment_status":"closed","ping_status":"closed","sticky":false,"template":"","format":"standard","meta":{"_acf_changed":false,"footnotes":"","_wp_rev_ctl_limit":""},"categories":[228],"tags":[11169,37447,44294,40735,27025,27026,37852,44287,6573,44286,39823,44296,38227,44288,39821,40736,44292,44293,44299,44297,44291,44289,44295],"class_list":["post-150266","post","type-post","status-publish","format-standard","has-post-thumbnail","hentry","category-noticias","tag-bombeiros","tag-bombeiros-am","tag-cargos-bombeiros-am","tag-cbm-am","tag-concurso-bombeiros-am","tag-concurso-cbm-am","tag-concursos-am","tag-concursos-area-da-seguranca","tag-corpo-de-bombeiros","tag-corpo-de-bombeiros-am","tag-corpo-de-bombeiros-do-amazonas","tag-datas-cocnurso-bombeiros-am","tag-editais-am","tag-editais-area-da-seguranca","tag-edital-bombeiros-am","tag-edital-cbm-am","tag-inscricoes-bombeiros-am","tag-inscricoes-concurso-bombeiros-am","tag-prova-bombeiros-am","tag-provas-bombeiros-am","tag-retificacao-edital-bombeiros-am","tag-retificacoes-edital-bombeiros-am","tag-vagas-bombeiros-am"],"acf":[],"_links":{"self":[{"href":"https:\/\/www.novaconcursos.com.br\/portal\/wp-json\/wp\/v2\/posts\/150266","targetHints":{"allow":["GET"]}}],"collection":[{"href":"https:\/\/www.novaconcursos.com.br\/portal\/wp-json\/wp\/v2\/posts"}],"about":[{"href":"https:\/\/www.novaconcursos.com.br\/portal\/wp-json\/wp\/v2\/types\/post"}],"author":[{"embeddable":true,"href":"https:\/\/www.novaconcursos.com.br\/portal\/wp-json\/wp\/v2\/users\/54673"}],"replies":[{"embeddable":true,"href":"https:\/\/www.novaconcursos.com.br\/portal\/wp-json\/wp\/v2\/comments?post=150266"}],"version-history":[{"count":3,"href":"https:\/\/www.novaconcursos.com.br\/portal\/wp-json\/wp\/v2\/posts\/150266\/revisions"}],"predecessor-version":[{"id":150279,"href":"https:\/\/www.novaconcursos.com.br\/portal\/wp-json\/wp\/v2\/posts\/150266\/revisions\/150279"}],"wp:featuredmedia":[{"embeddable":true,"href":"https:\/\/www.novaconcursos.com.br\/portal\/wp-json\/wp\/v2\/media\/127791"}],"wp:attachment":[{"href":"https:\/\/www.novaconcursos.com.br\/portal\/wp-json\/wp\/v2\/media?parent=150266"}],"wp:term":[{"taxonomy":"category","embeddable":true,"href":"https:\/\/www.novaconcursos.com.br\/portal\/wp-json\/wp\/v2\/categories?post=150266"},{"taxonomy":"post_tag","embeddable":true,"href":"https:\/\/www.novaconcursos.com.br\/portal\/wp-json\/wp\/v2\/tags?post=150266"}],"curies":[{"name":"wp","href":"https:\/\/api.w.org\/{rel}","templated":true}]}}