{"id":150798,"date":"2021-12-14T09:29:25","date_gmt":"2021-12-14T12:29:25","guid":{"rendered":"https:\/\/www.novaconcursos.com.br\/portal\/?p=150798"},"modified":"2021-12-14T09:29:33","modified_gmt":"2021-12-14T12:29:33","slug":"concurso-cvm-novo-certame-necessario","status":"publish","type":"post","link":"https:\/\/www.novaconcursos.com.br\/portal\/noticias\/concurso-cvm-novo-certame-necessario\/","title":{"rendered":"Concurso CVM 2022: Novo certame \u00e9 necess\u00e1rio, diz presidente!"},"content":{"rendered":"<p>Aten\u00e7\u00e3o, concurseiros! O presidente da Comiss\u00e3o de Valores Mobili\u00e1rios comentou novamente sobre a <strong>necessidade de um novo<\/strong> <a href=\"https:\/\/www.novaconcursos.com.br\/portal\/concursos\/concurso-cvm\/\">concurso CVM<\/a>.<\/p>\n\n\n\n<ul class=\"wp-block-list\"><li><strong>Confira<\/strong>: <a href=\"https:\/\/www.novaconcursos.com.br\/eventos\/guia-definitivo-plano-de-estudos-passo-a-passo\/\" target=\"_blank\" rel=\"noreferrer noopener\" aria-label=\"Guia Definitivo - Plano de Estudos Passo a Passo (GR\u00c1TIS) (abre numa nova aba)\">Guia Definitivo \u2013 Plano de Estudos Passo a Passo (GR\u00c1TIS)<\/a><\/li><\/ul><p><\/p>\n\n\n\n<p>Durante uma entrevista ao Valor Econ\u00f4mico, Marcelo Barbosa, o presidente da Comiss\u00e3o, comentou sobre a <strong>necessidade de ampliar o quadro de servidores<\/strong> da CVM.<\/p>\n\n\n\n<p>De acordo com Barbosa, o \u00faltimo concurso p\u00fablico da CVM foi <strong>h\u00e1 mais de dez anos<\/strong>. Em outras palavras, o quadro de funcion\u00e1rios precisa de uma reposi\u00e7\u00e3o com certa <strong>urg\u00eancia<\/strong>. Sobre esse assunto, o presidente se pronunciou:<\/p>\n\n\n\n<p>\u201c<em>O mercado \u00e9 outro, o n\u00famero de regulados \u00e9 outro. Entendemos quest\u00f5es fiscais e o nosso papel \u00e9 destacar a necessidade fundamental disso ser feito<\/em>\u201c.<\/p>\n\n\n\n<h2 class=\"wp-block-heading\" id=\"concurso-cvm-pedido-enviado-ao-me-\">Concurso CVM: pedido enviado ao ME <\/h2>\n\n\n\n<p>Ainda em 2021, a Comiss\u00e3o de Valores Mobili\u00e1rios enviou ao Minist\u00e9rio da Economia um <strong>pedido de concurso CVM,<\/strong> por\u00e9m ainda n\u00e3o obteve uma resposta.<\/p>\n\n\n\n<p>Segundo informa\u00e7\u00f5es, o pedido foi feito para preencher <strong>121 vagas<\/strong>, sendo 49 somente para a carreira de <strong>Agente Executivo<\/strong>, que requer o n\u00edvel m\u00e9dio de forma\u00e7\u00e3o e que apresenta remunera\u00e7\u00e3o inicial de <strong>R$7.647,98<\/strong>. Vale dizer que esse valor j\u00e1 inclui o aux\u00edlio-alimenta\u00e7\u00e3o de R$458.<\/p>\n\n\n\n<p>Al\u00e9m dessa carreira, o pedido requisitou tamb\u00e9m 24 vagas para o cargo de <strong>Inspetor <\/strong>e outras 48 para <strong>Analistas<\/strong>. Ambas carreiras s\u00e3o de <strong>n\u00edvel superior<\/strong>, por\u00e9m a \u00faltima requer forma\u00e7\u00e3o espec\u00edfica na \u00e1rea que estiver com oportunidades em aberto.<\/p>\n\n\n\n<p><strong>Em 2010<\/strong>, quando o \u00faltimo <a href=\"https:\/\/www.novaconcursos.com.br\/portal\/concursos-abertos\/nacional\/\">concurso <\/a>foi realizado, as oportunidades foram direcionadas para as <strong>\u00e1reas <\/strong>de Contabilidade, Recursos Humanos, Arquivologia e Biblioteconomia.<\/p>\n\n\n\n<p>Por fim, os dois cargos contam com remunera\u00e7\u00e3o de <strong>R$19.655,06<\/strong>, que tamb\u00e9m j\u00e1 inclui o aux\u00edlio-alimenta\u00e7\u00e3o.<\/p>\n\n\n\n<h2 class=\"wp-block-heading\" id=\"como-foi-o-ltimo-certame-cvm-\">Como foi o \u00faltimo certame CVM? <\/h2>\n\n\n\n<p>Como mencionado anteriormente, o \u00faltimo <a href=\"https:\/\/www.novaconcursos.com.br\/portal\/concursos-previstos\/nacional\/\">concurso <\/a>CVM aconteceu em 2010 e <strong>perdeu a validade em 2014<\/strong>. Em outras palavras, n\u00e3o existe mais um <strong>cadastro de reserva<\/strong> para repor vac\u00e2ncias h\u00e1 cerca de sete anos.<\/p>\n\n\n\n<p>Em 2010, foram ofertadas <strong>150 vagas <\/strong>para as carreiras de Inspetor, Analista e Agente Executivo, cujas avalia\u00e7\u00f5es foram organizadas pela <strong>Esaf<\/strong>.<\/p>\n\n\n\n<p>Os inscritos no concurso tiveram de passar por <strong>Provas Objetivas e Discursivas<\/strong> como forma de avalia\u00e7\u00e3o e as mat\u00e9rias que precisaram ser estudadas variaram de acordo com o n\u00edvel do cargo concorrido.<\/p>\n\n\n\n<p>Para o <strong>n\u00edvel m\u00e9dio<\/strong>, por exemplo, foram cobradas <strong>quest\u00f5es sobre<\/strong> L\u00edngua Portuguesa, Estrutura do Mercado de Valores Mobili\u00e1rios, Conhecimentos B\u00e1sicos de Administra\u00e7\u00e3o, bem como Conhecimentos Contempor\u00e2neos e Administra\u00e7\u00e3o P\u00fablica.<\/p>\n\n\n\n<p>Por fim, os candidatos de<strong> n\u00edvel superior <\/strong>tamb\u00e9m tiveram de responder quest\u00f5es sobre Funcionamento do Mercado de Valores Mobili\u00e1rios e Economia, entre outras mat\u00e9rias.<\/p>","protected":false},"excerpt":{"rendered":"<p>Aten\u00e7\u00e3o, concurseiros! O presidente da Comiss\u00e3o de Valores Mobili\u00e1rios comentou novamente sobre a necessidade de um novo concurso CVM. Confira: Guia Definitivo \u2013 Plano de Estudos Passo a Passo (GR\u00c1TIS) Durante uma entrevista ao Valor Econ\u00f4mico, Marcelo Barbosa, o presidente da Comiss\u00e3o, comentou sobre a necessidade de ampliar o quadro de servidores da CVM. De [&hellip;]<\/p>\n","protected":false},"author":54673,"featured_media":150806,"comment_status":"closed","ping_status":"closed","sticky":false,"template":"","format":"standard","meta":{"_acf_changed":false,"footnotes":"","_wp_rev_ctl_limit":""},"categories":[228],"tags":[44621,37706,33611,33612,44624,33613,37708,39217,2506,198,40266,37707,41982,38120,37802,43833,44271,44625,35815,33614,44623,44622,33615],"class_list":["post-150798","post","type-post","status-publish","format-standard","has-post-thumbnail","hentry","category-noticias","tag-cargos-cvm","tag-comissao-de-valores-mobiliarios","tag-concurso-cvm","tag-concurso-cvm-2019","tag-concurso-cvm-2022","tag-concurso-cvm-previsto","tag-concurso-cvm-previsto-para-2022","tag-concursos-2022","tag-concursos-nacionais","tag-concursos-previstos","tag-concursos-previstos-2022","tag-cvm","tag-editais-2022","tag-editais-nacionais","tag-editais-previstos","tag-editais-previstos-2022","tag-edital-cvm","tag-edital-cvm-2022","tag-ministerio-da-economia","tag-pedido-concurso-cvm","tag-provas-concurso-cvm","tag-provas-cvm","tag-vagas-concurso-cvm"],"acf":[],"_links":{"self":[{"href":"https:\/\/www.novaconcursos.com.br\/portal\/wp-json\/wp\/v2\/posts\/150798","targetHints":{"allow":["GET"]}}],"collection":[{"href":"https:\/\/www.novaconcursos.com.br\/portal\/wp-json\/wp\/v2\/posts"}],"about":[{"href":"https:\/\/www.novaconcursos.com.br\/portal\/wp-json\/wp\/v2\/types\/post"}],"author":[{"embeddable":true,"href":"https:\/\/www.novaconcursos.com.br\/portal\/wp-json\/wp\/v2\/users\/54673"}],"replies":[{"embeddable":true,"href":"https:\/\/www.novaconcursos.com.br\/portal\/wp-json\/wp\/v2\/comments?post=150798"}],"version-history":[{"count":7,"href":"https:\/\/www.novaconcursos.com.br\/portal\/wp-json\/wp\/v2\/posts\/150798\/revisions"}],"predecessor-version":[{"id":150813,"href":"https:\/\/www.novaconcursos.com.br\/portal\/wp-json\/wp\/v2\/posts\/150798\/revisions\/150813"}],"wp:featuredmedia":[{"embeddable":true,"href":"https:\/\/www.novaconcursos.com.br\/portal\/wp-json\/wp\/v2\/media\/150806"}],"wp:attachment":[{"href":"https:\/\/www.novaconcursos.com.br\/portal\/wp-json\/wp\/v2\/media?parent=150798"}],"wp:term":[{"taxonomy":"category","embeddable":true,"href":"https:\/\/www.novaconcursos.com.br\/portal\/wp-json\/wp\/v2\/categories?post=150798"},{"taxonomy":"post_tag","embeddable":true,"href":"https:\/\/www.novaconcursos.com.br\/portal\/wp-json\/wp\/v2\/tags?post=150798"}],"curies":[{"name":"wp","href":"https:\/\/api.w.org\/{rel}","templated":true}]}}