{"id":150983,"date":"2021-12-15T13:40:13","date_gmt":"2021-12-15T16:40:13","guid":{"rendered":"https:\/\/www.novaconcursos.com.br\/portal\/?p=150983"},"modified":"2021-12-15T13:40:17","modified_gmt":"2021-12-15T16:40:17","slug":"concurso-ses-df-edital-mais-proximo","status":"publish","type":"post","link":"https:\/\/www.novaconcursos.com.br\/portal\/noticias\/concurso-ses-df-edital-mais-proximo\/","title":{"rendered":"Concurso SES DF: Novo edital est\u00e1 mais pr\u00f3ximo, entenda!"},"content":{"rendered":"<p>Aten\u00e7\u00e3o concurseiros! Um novo <strong>edital <\/strong>para o <a href=\"https:\/\/www.novaconcursos.com.br\/portal\/concursos\/concurso-ses-df\/\">concurso SES DF<\/a> (Secretaria de Sa\u00fade do Distrito Federal) est\u00e1 <strong>pr\u00f3ximo<\/strong>. S\u00f3 resta agora a aprova\u00e7\u00e3o do Projeto de <strong>Lei Or\u00e7ament\u00e1ria de 2022<\/strong>, que ser\u00e1 votada hoje, para a sele\u00e7\u00e3o andar!<\/p>\n\n\n\n<ul class=\"wp-block-list\"><li><strong>Confira:<\/strong> <a href=\"https:\/\/www.novaconcursos.com.br\/eventos\/guia-definitivo-plano-de-estudos-passo-a-passo\/\" target=\"_blank\" rel=\"noreferrer noopener\" aria-label=\"Guia Definitivo Plano de Estudos (Gr\u00e1tis) (abre numa nova aba)\">Guia Definitivo Plano de Estudos (Gr\u00e1tis)<\/a><\/li><\/ul><p><\/p>\n\n\n\n<h2 class=\"wp-block-heading\" id=\"concurso-ses-df-quando-sai-o-edital\">Concurso SES DF: quando sai o edital?<\/h2>\n\n\n\n<p>A Secretaria de Sa\u00fade do <a href=\"https:\/\/www.novaconcursos.com.br\/portal\/concursos-abertos\/df\/\">Distrito Federal<\/a> aguarda a publica\u00e7\u00e3o de um novo edital que est\u00e1 <strong>previsto h\u00e1 meses <\/strong>e \u00e9 muito aguardado.<\/p>\n\n\n\n<p>Assim, o concurso <strong>pode surgir em 2022<\/strong>. Isso porque o empecilho que podia impedir o certame foi resolvido nesta semana.<\/p>\n\n\n\n<p>Portanto, a Comiss\u00e3o de Economia, Or\u00e7amento e Finan\u00e7as da C\u00e2mara Legislativa do Distrito Federal aprovou <strong>mudan\u00e7as no or\u00e7amento.<\/strong><\/p>\n\n\n\n<p>Sendo assim, dentro das altera\u00e7\u00f5es da <strong>Lei de Diretrizes Or\u00e7ament\u00e1rias,<\/strong> est\u00e1 a realiza\u00e7\u00e3o de um novo concurso para a secretaria. <\/p>\n\n\n\n<p>Agora, somente resta a prova\u00e7\u00e3o do <strong>Projeto de Lei Or\u00e7ament\u00e1ria de 2022<\/strong>, que, inclusive, ser\u00e1 votado nesta quarta-feira (15), de acordo com a previs\u00e3o.<\/p>\n\n\n\n<h2 class=\"wp-block-heading\" id=\"concurso-ses-df-foi-autorizado-em-agosto\">Concurso SES DF foi autorizado em agosto<\/h2>\n\n\n\n<p>O concurso da Secretaria de Sa\u00fade do <a href=\"https:\/\/www.novaconcursos.com.br\/portal\/concursos-previstos\/df\/\">Distrito Federal <\/a>est\u00e1 autorizado desde agosto desse ano. Assim, <strong>ser\u00e3o 957 vagas.<\/strong> Portanto, confira a distribui\u00e7\u00e3o:<\/p>\n\n\n\n<ul class=\"wp-block-list\"><li>340 vagas para Analista de Gest\u00e3o e Assist\u00eancia P\u00fablica \u00e0 Sa\u00fade<\/li><li>300 vagas para Assistente em Gest\u00e3o e Assist\u00eancia P\u00fablica<\/li><li>30 vagas para T\u00e9cnico em Gest\u00e3o e Assist\u00eancia P\u00fablica \u00e0 Sa\u00fade<\/li><li>287 vagas para T\u00e9cnicos em Enfermagem.<\/li><\/ul><p><\/p>\n\n\n\n<p>Al\u00e9m disso, pode ser que <strong>surjam vagas<\/strong> para Farmac\u00eauticos, Psic\u00f3logos, Assistentes Sociais, Dentistas, Enfermeiros e M\u00e9dicos. Mas, \u00e9 somente previs\u00e3o, inicialmente.<\/p>\n\n\n\n<h2 class=\"wp-block-heading\" id=\"ltimos-concursos-ses-df\">\u00daltimos concursos SES DF<\/h2>\n\n\n\n<p>Os \u00faltimos concursos para a Secretaria de Sa\u00fade do Distrito Federal foram promovidos em<strong> 2014 e 2018. <\/strong><\/p>\n\n\n\n<ul class=\"wp-block-list\"><li><strong>Cargos ofertados em 2018<\/strong><ul><li>Enfermeiro<\/li><li>T\u00e9cnico em Contabilidade<\/li><li>T\u00e9cnico de Laborat\u00f3rio<\/li><li>Analista de Sistemas<\/li><li>Contador<\/li><li>Economia<\/li><li>Estat\u00edstico<\/li><li>Farmac\u00eautico<\/li><li>F\u00edsico<\/li><li>Fonoaudi\u00f3logo<\/li><li>M\u00e9dicos<\/li><li>Administrador e<\/li><li>T\u00e9cnico em Comunica\u00e7\u00e3o Social<\/li><\/ul><\/li><li><strong>Cargos ofertados em 2014<\/strong><ul><li>Auxiliar Operacional<\/li><li>T\u00e9cnico em Higiene Bucal<\/li><li>T\u00e9cnico <ul><li>Laborat\u00f3rio<\/li><li>Enfermagem<\/li><li>Nutri\u00e7\u00e3o<\/li><li>Radiologia<\/li><\/ul><\/li><li>Cirurgi\u00e3o Dentista<\/li><li>Assistente Social<\/li><li>Bi\u00f3logo<\/li><li>Biom\u00e9dico<\/li><li>Farmac\u00eautico<\/li><li>F\u00edsico<\/li><li>Fisioterapeuta<\/li><li>Psic\u00f3logo<\/li><li>Terapeuta<\/li><li>M\u00e9dico<\/li><\/ul><\/li><\/ul><p><\/p>\n\n\n\n<p>Al\u00e9m disso, os certames foram organizados pela banca <strong>IADES <\/strong>E\u00a0<strong>IDECAN <\/strong>(em 2014, para o cargo de Agente de Vigil\u00e2ncia Smbiental em sa\u00fade). <\/p>\n\n\n\n<h3 class=\"wp-block-heading\">Como foi a avalia\u00e7\u00e3o em 2018?<\/h3>\n\n\n\n<p>Os concurseiros<strong> inscritos em 2018<\/strong> foram avaliados por meio de provas objetivas que contou com quest\u00f5es de <strong>conhecimentos b\u00e1sicos e espec\u00edficos.<\/strong><\/p>\n\n\n\n<p>Al\u00e9m disso, os cargos de Enfermeiro Obstetra e Enfermeiro de Fam\u00edlia e Comunidade tiveram mais uma etapa: uma <strong>Avalia\u00e7\u00e3o de T\u00edtulos.<\/strong><\/p>\n\n\n\n<p>Portanto, o exame objetivo foi composto por <strong>50 quest\u00f5es<\/strong>, todas de m\u00faltipla escolha e com cinco alternativas, sendo que uma delas era a correta. <\/p>\n\n\n\n<p>Ademais, para ser aprovado o candidato tinha que acertar, no m\u00ednimo, <strong>13 quest\u00f5es de conhecimentos b\u00e1sicos e 13 de espec\u00edficos. <\/strong><\/p>\n\n\n\n<p>Al\u00e9m disso, o candidato tamb\u00e9m<strong> n\u00e3o podia<\/strong> <strong>zerar nenhuma <\/strong>quest\u00e3o de L\u00edngua Portuguesa, se n\u00e3o estava reprovado.<\/p>","protected":false},"excerpt":{"rendered":"<p>Aten\u00e7\u00e3o concurseiros! Um novo edital para o concurso SES DF (Secretaria de Sa\u00fade do Distrito Federal) est\u00e1 pr\u00f3ximo. S\u00f3 resta agora a aprova\u00e7\u00e3o do Projeto de Lei Or\u00e7ament\u00e1ria de 2022, que ser\u00e1 votada hoje, para a sele\u00e7\u00e3o andar! Confira: Guia Definitivo Plano de Estudos (Gr\u00e1tis) Concurso SES DF: quando sai o edital? A Secretaria de [&hellip;]<\/p>\n","protected":false},"author":54671,"featured_media":126327,"comment_status":"closed","ping_status":"closed","sticky":false,"template":"","format":"standard","meta":{"_acf_changed":false,"footnotes":"","_wp_rev_ctl_limit":""},"categories":[228],"tags":[],"class_list":["post-150983","post","type-post","status-publish","format-standard","has-post-thumbnail","hentry","category-noticias"],"acf":[],"_links":{"self":[{"href":"https:\/\/www.novaconcursos.com.br\/portal\/wp-json\/wp\/v2\/posts\/150983","targetHints":{"allow":["GET"]}}],"collection":[{"href":"https:\/\/www.novaconcursos.com.br\/portal\/wp-json\/wp\/v2\/posts"}],"about":[{"href":"https:\/\/www.novaconcursos.com.br\/portal\/wp-json\/wp\/v2\/types\/post"}],"author":[{"embeddable":true,"href":"https:\/\/www.novaconcursos.com.br\/portal\/wp-json\/wp\/v2\/users\/54671"}],"replies":[{"embeddable":true,"href":"https:\/\/www.novaconcursos.com.br\/portal\/wp-json\/wp\/v2\/comments?post=150983"}],"version-history":[{"count":4,"href":"https:\/\/www.novaconcursos.com.br\/portal\/wp-json\/wp\/v2\/posts\/150983\/revisions"}],"predecessor-version":[{"id":151010,"href":"https:\/\/www.novaconcursos.com.br\/portal\/wp-json\/wp\/v2\/posts\/150983\/revisions\/151010"}],"wp:featuredmedia":[{"embeddable":true,"href":"https:\/\/www.novaconcursos.com.br\/portal\/wp-json\/wp\/v2\/media\/126327"}],"wp:attachment":[{"href":"https:\/\/www.novaconcursos.com.br\/portal\/wp-json\/wp\/v2\/media?parent=150983"}],"wp:term":[{"taxonomy":"category","embeddable":true,"href":"https:\/\/www.novaconcursos.com.br\/portal\/wp-json\/wp\/v2\/categories?post=150983"},{"taxonomy":"post_tag","embeddable":true,"href":"https:\/\/www.novaconcursos.com.br\/portal\/wp-json\/wp\/v2\/tags?post=150983"}],"curies":[{"name":"wp","href":"https:\/\/api.w.org\/{rel}","templated":true}]}}