{"id":151790,"date":"2021-12-30T11:15:33","date_gmt":"2021-12-30T14:15:33","guid":{"rendered":"https:\/\/www.novaconcursos.com.br\/portal\/?p=151790"},"modified":"2025-12-03T09:38:05","modified_gmt":"2025-12-03T12:38:05","slug":"concurso-policia-penal-mg-adiado-provas-marco","status":"publish","type":"post","link":"https:\/\/www.novaconcursos.com.br\/portal\/noticias\/concurso-policia-penal-mg-adiado-provas-marco\/","title":{"rendered":"Concurso Pol\u00edcia Penal MG: Adiado! Provas ser\u00e3o realizadas em mar\u00e7o!"},"content":{"rendered":"<p>Devido ao <strong>alto n\u00famero de inscritos, <\/strong>o <a href=\"https:\/\/www.novaconcursos.com.br\/portal\/concursos\/policia-penal-mg\/\">concurso Pol\u00edcia Penal MG<\/a> foi adiado e ter\u00e1 a <strong>etapa de provas<\/strong> realizada apenas em mar\u00e7o de 2022. Contudo, as inscri\u00e7\u00f5es n\u00e3o ser\u00e3o reabertas! S\u00e3o ofertadas<strong> 2.420 vagas.<\/strong><\/p>\n\n\n\n<ul class=\"wp-block-list\"><li><strong>Confira:<\/strong> <a aria-label=\" (abre numa nova aba)\" href=\"https:\/\/www.novaconcursos.com.br\/eventos\/curso-gratis-policia-penal-mg-agente-penitenciario\/\" target=\"_blank\" rel=\"noreferrer noopener\">Curso Gr\u00e1tis Pol\u00edcia Penal MG<\/a> <\/li>\n<\/ul><p><\/p>\n\n\n\n<h2 class=\"wp-block-heading\" id=\"provas-do-concurso-polcia-penal-mg-foram-adiadas\">Provas do concurso Pol\u00edcia Penal MG foram adiadas<\/h2>\n\n\n\n<p>O concurso da Pol\u00edcia Penal de <a href=\"https:\/\/www.novaconcursos.com.br\/portal\/concursos-previstos\/mg\/\">Minas Gerais<\/a> foi adiado devido ao<strong> alto n\u00famero de candidatos inscritos. <\/strong><\/p>\n\n\n\n<ul class=\"wp-block-list\"><li><strong>Adquira:\u00a0<\/strong><a href=\"https:\/\/www.novaconcursos.com.br\/concurso\/policia-penal-mg\/apostila\">Apostila Concurso Pol\u00edcia Penal MG<\/a><\/li>\n\n\n\n<li><strong>Adquira:<\/strong>\u00a0<a href=\"https:\/\/www.novaconcursos.com.br\/concurso\/policia-penal-mg\/curso-online\">Curso Online Concurso Pol\u00edcia Penal MG<\/a><\/li>\n<\/ul><p><\/p>\n\n\n\n<p>A Sejusp esperava receber cerca de 100 mil inscri\u00e7\u00f5es, entretanto, o n\u00famero foi bem maior: <strong>209.213<\/strong>, ou seja, mais que o dobro.<\/p>\n\n\n\n<p>Sendo assim, a organiza\u00e7\u00e3o do certame precisou<strong> reorganizar a log\u00edstica <\/strong>para aplica\u00e7\u00e3o das provas objetivas nos munic\u00edpios.<\/p>\n\n\n\n<p>As <strong>provas acontecer\u00e3o<\/strong> em Barbacena, Belo Horizonte, Curvelo, Divin\u00f3polis, Ipatinga, Governador Valadares, Juiz de Fora, Lavras, Montes Claros, Patos de Minas, Po\u00e7os de Caldas, Pouso Alegre, Te\u00f3filo Otoni, Uberaba, Uberl\u00e2ndia e Una\u00ed.\u00a0 <\/p>\n\n\n\n<p>Anteriormente, a avalia\u00e7\u00e3o estava marcada para <strong>16 de janeiro<\/strong>, juntamente com as provas discursivas, que tamb\u00e9m foram adiadas.<\/p>\n\n\n\n<p>Agora, os exames passaram para o dia\u00a0<strong>13 de mar\u00e7o de 2022<\/strong>. Portanto, o comunicado foi feito pela Secretaria de Justi\u00e7a e Seguran\u00e7a\u00a0P\u00fablica de Minas Gerais (Sejusp)\u00a0nesta quinta-feira (30).\u00a0<\/p>\n\n\n\n<p>A pasta informou que o adiamento se deu porque o<strong> Instituto Selecon, <\/strong>organizador do certame, encontrou dificuldades para aplica\u00e7\u00e3o das provas em alguns munic\u00edpios, pelo alto n\u00famero de inscritos.<\/p>\n\n\n\n<p><em>\u201cA Sejusp lamenta a necessidade do adiamento do certame, mas entende que a prova deve ser realizada dentro de todos os padr\u00f5es necess\u00e1rios de seguran\u00e7a, inclusive de seguran\u00e7a sanit\u00e1ria, em raz\u00e3o da nova variante \u00d4micron, da covid-19\u201d<\/em>, consta em nota.<\/p>\n\n\n\n<p><em>\u201cCabe destacar, ainda, que as provas poder\u00e3o ser aplicadas em munic\u00edpios pr\u00f3ximos ao escolhido pelo candidato caso n\u00e3o haja vagas suficientes na rede p\u00fablica e privada de ensino para a aloca\u00e7\u00e3o de todos os candidatos\u201d<\/em>, completou a secretaria.\u00a0<\/p>\n\n\n\n<h3 class=\"wp-block-heading\"><strong>Inscri\u00e7\u00f5es n\u00e3o ser\u00e3o abertas\u00a0<\/strong><\/h3>\n\n\n\n<p>As provas est\u00e3o adiadas, entretanto, as <strong>inscri\u00e7\u00f5es n\u00e3o ser\u00e3o reabertas. <\/strong>Sendo assim, o novo cronograma do concurso ficou assim:<\/p>\n\n\n\n<ul class=\"wp-block-list\"><li>Divulga\u00e7\u00e3o dos locais das provas objetivas e de reda\u00e7\u00e3o:\u00a08 de mar\u00e7o<\/li>\n\n\n\n<li>Aplica\u00e7\u00e3o das provas objetivas e de reda\u00e7\u00e3o:\u00a013 de mar\u00e7o\u00a0\u00a0<\/li>\n\n\n\n<li>Divulga\u00e7\u00e3o do gabarito preliminar:\u00a013 de mar\u00e7o, a partir das 19h<\/li>\n\n\n\n<li>Recurso contra o gabarito e as quest\u00f5es das provas objetivas:\u00a014 a 15 de mar\u00e7o<\/li>\n\n\n\n<li>Divulga\u00e7\u00e3o do resultado dos recursos:\u00a022 de mar\u00e7o<\/li>\n\n\n\n<li>Resultado preliminar das provas objetivas:\u00a024 de mar\u00e7o<\/li>\n\n\n\n<li>Rela\u00e7\u00e3o de classificados para corre\u00e7\u00e3o da reda\u00e7\u00e3o:\u00a04 de fevereiro<\/li>\n\n\n\n<li>Divulga\u00e7\u00e3o do resultado preliminar da prova de reda\u00e7\u00e3o:\u00a030 de mar\u00e7o<\/li>\n\n\n\n<li>Recurso contra o resultado preliminar da prova de reda\u00e7\u00e3o:\u00a031 de mar\u00e7o a 1\u00ba de abril<\/li>\n\n\n\n<li>Divulga\u00e7\u00e3o do resultado da primeira etapa do concurso (provas objetivas e de reda\u00e7\u00e3o):\u00a027 de abril<\/li>\n<\/ul><p><\/p>\n\n\n\n<h2 class=\"wp-block-heading\" id=\"concurso-polcia-penal-mg-vagas-e-salrios\">Concurso Pol\u00edcia Penal MG: vagas e sal\u00e1rios<\/h2>\n\n\n\n<p>O concurso da Pol\u00edcia Penal de <a href=\"https:\/\/www.novaconcursos.com.br\/portal\/concursos-abertos\/mg\/\">Minas Gerais<\/a> est\u00e1 ofertando um total de <strong>2.420 vagas <\/strong>para Policiais Penais. <\/p>\n\n\n\n<p>Vale destacar, portanto, que o cargo tem o<strong> n\u00edvel m\u00e9dio <\/strong>completo como requisito de escolaridade.<\/p>\n\n\n\n<p>Al\u00e9m disso, <strong>n\u00e3o h\u00e1 nenhuma exig\u00eancia<\/strong> de altura, nem de possuir carteira de habilita\u00e7\u00e3o. <\/p>\n\n\n\n<p>Ademais, o sal\u00e1rio inicial em in\u00edcio de carreira \u00e9 de\u00a0<strong>R$ 4.631,25<\/strong>, isso para jornada de trabalho de<strong> 40 horas <\/strong>por semana. <\/p>\n\n\n\n<h2 class=\"wp-block-heading\" id=\"como-sero-as-provas-do-concurso-polcia-penal-mg\"><strong>Como ser\u00e3o as provas do concurso Pol\u00edcia Penal MG?<\/strong><\/h2>\n\n\n\n<p>Agora com novas datas, as <strong>provas <\/strong>do concurso da Pol\u00edcia Penal de Minas Gerais continuam com a <strong>estrutura <\/strong>que estava prevista. <\/p>\n\n\n\n<p>As provas objetivas ser\u00e3o compostas por <strong>60 quest\u00f5es<\/strong>, sendo 10 de L\u00edngua Portuguesa; 5 para Inform\u00e1tica Base; 10 de No\u00e7\u00f5es de Direito; 10 de Direitos Humanos; 20 de Legisla\u00e7\u00e3o Especial; e 5 de Racioc\u00ednio L\u00f3gico.<\/p>\n\n\n\n<p>Al\u00e9m disso, ser\u00e1 preciso elaborar uma <strong>reda\u00e7\u00e3o <\/strong>de no m\u00ednimo 20 e m\u00e1ximo de 30 linhas. <\/p>\n\n\n\n<p>Ademais, s\u00f3 <strong>ser\u00e3o corrigidas as reda\u00e7\u00f5es<\/strong> dos que obtiverem nota m\u00ednima de 60% dos pontos atribu\u00eddos \u00e0 prova objetiva e m\u00ednimo de 40% em cada disciplina.<\/p>\n\n\n\n<p>Vale destacar que al\u00e9m da prova objetiva e da reda\u00e7\u00e3o, os concurseiros inscritos ser\u00e3o<strong> avaliados por meio de outras etapas<\/strong>. Portanto, saiba quais s\u00e3o:<\/p>\n\n\n\n<ul class=\"wp-block-list\"><li>Avalia\u00e7\u00f5es de aptid\u00e3o psicol\u00f3gica e psicot\u00e9cnica:\u00a015 de maio<\/li>\n\n\n\n<li>Exames m\u00e9dicos:\u00a04 a 22 de julho.<\/li>\n\n\n\n<li>Prova de condicionamento f\u00edsico:\u00a017 de agosto a 2 de setembro<\/li>\n\n\n\n<li>Comprova\u00e7\u00e3o de idoneidade e conduta ilibada (investiga\u00e7\u00e3o social):\u00a0at\u00e9 5 de outubro<\/li>\n\n\n\n<li>Rela\u00e7\u00e3o de Convocados para a Curso de Forma\u00e7\u00e3o T\u00e9cnico-Profissional:\u00a015 de dezembro<\/li>\n\n\n\n<li>Curso de forma\u00e7\u00e3o t\u00e9cnico-profissional:\u00a02023<\/li>\n<\/ul><p><\/p>","protected":false},"excerpt":{"rendered":"<p>Devido ao alto n\u00famero de inscritos, o concurso Pol\u00edcia Penal MG foi adiado e ter\u00e1 a etapa de provas realizada apenas em mar\u00e7o de 2022. Contudo, as inscri\u00e7\u00f5es n\u00e3o ser\u00e3o reabertas! S\u00e3o ofertadas 2.420 vagas. Provas do concurso Pol\u00edcia Penal MG foram adiadas O concurso da Pol\u00edcia Penal de Minas Gerais foi adiado devido ao [&hellip;]<\/p>\n","protected":false},"author":54671,"featured_media":126096,"comment_status":"closed","ping_status":"closed","sticky":false,"template":"","format":"standard","meta":{"_acf_changed":false,"footnotes":"","_wp_rev_ctl_limit":""},"categories":[228],"tags":[],"class_list":["post-151790","post","type-post","status-publish","format-standard","has-post-thumbnail","hentry","category-noticias"],"acf":[],"_links":{"self":[{"href":"https:\/\/www.novaconcursos.com.br\/portal\/wp-json\/wp\/v2\/posts\/151790","targetHints":{"allow":["GET"]}}],"collection":[{"href":"https:\/\/www.novaconcursos.com.br\/portal\/wp-json\/wp\/v2\/posts"}],"about":[{"href":"https:\/\/www.novaconcursos.com.br\/portal\/wp-json\/wp\/v2\/types\/post"}],"author":[{"embeddable":true,"href":"https:\/\/www.novaconcursos.com.br\/portal\/wp-json\/wp\/v2\/users\/54671"}],"replies":[{"embeddable":true,"href":"https:\/\/www.novaconcursos.com.br\/portal\/wp-json\/wp\/v2\/comments?post=151790"}],"version-history":[{"count":7,"href":"https:\/\/www.novaconcursos.com.br\/portal\/wp-json\/wp\/v2\/posts\/151790\/revisions"}],"predecessor-version":[{"id":298184,"href":"https:\/\/www.novaconcursos.com.br\/portal\/wp-json\/wp\/v2\/posts\/151790\/revisions\/298184"}],"wp:featuredmedia":[{"embeddable":true,"href":"https:\/\/www.novaconcursos.com.br\/portal\/wp-json\/wp\/v2\/media\/126096"}],"wp:attachment":[{"href":"https:\/\/www.novaconcursos.com.br\/portal\/wp-json\/wp\/v2\/media?parent=151790"}],"wp:term":[{"taxonomy":"category","embeddable":true,"href":"https:\/\/www.novaconcursos.com.br\/portal\/wp-json\/wp\/v2\/categories?post=151790"},{"taxonomy":"post_tag","embeddable":true,"href":"https:\/\/www.novaconcursos.com.br\/portal\/wp-json\/wp\/v2\/tags?post=151790"}],"curies":[{"name":"wp","href":"https:\/\/api.w.org\/{rel}","templated":true}]}}