{"id":152027,"date":"2022-01-04T09:57:02","date_gmt":"2022-01-04T12:57:02","guid":{"rendered":"https:\/\/www.novaconcursos.com.br\/portal\/?p=152027"},"modified":"2022-01-04T09:57:06","modified_gmt":"2022-01-04T12:57:06","slug":"concurso-pcdf-administrativo-corporacao-novo-edital","status":"publish","type":"post","link":"https:\/\/www.novaconcursos.com.br\/portal\/noticias\/concurso-pcdf-administrativo-corporacao-novo-edital\/","title":{"rendered":"Concurso PCDF Administrativo: Corpora\u00e7\u00e3o pede a compet\u00eancia novo edital!"},"content":{"rendered":"<p>Aten\u00e7\u00e3o concurseiros! A Pol\u00edcia Civil do Distrito Federal solicitou, por meio de <strong>of\u00edcio enviado a Secretaria de Economia<\/strong>, a compet\u00eancia para um novo edital do <a href=\"https:\/\/www.novaconcursos.com.br\/portal\/concursos\/concurso-pc-df-apoio\/\">concurso PCDF<\/a> para<strong> carreira administrativa. <\/strong><\/p>\n\n\n\n<ul class=\"wp-block-list\"><li><strong>Confira:<\/strong> <a href=\"https:\/\/www.novaconcursos.com.br\/eventos\/raciocinio-logico-concursos\/\" target=\"_blank\" rel=\"noreferrer noopener\" aria-label=\"Guia Racioc\u00ednio L\u00f3gico para Concursos (Gr\u00e1tis) (abre numa nova aba)\">Guia Racioc\u00ednio L\u00f3gico para Concursos (Gr\u00e1tis)<\/a><\/li><\/ul><p><\/p>\n\n\n\n<h2 class=\"wp-block-heading\" id=\"concurso-pcdf-novo-concurso-em-2022\">Concurso PCDF: novo concurso em 2022?<\/h2>\n\n\n\n<p>Ao que tudo indica, um novo edital pode ser <strong>publicado muito em breve<\/strong> para a \u00e1rea de apoio da Pol\u00edcia Civil do <a href=\"https:\/\/www.novaconcursos.com.br\/portal\/concursos-abertos\/df\/\">Distrito Federal<\/a>. <\/p>\n\n\n\n<ul class=\"wp-block-list\"><li><strong>Adquira:\u00a0<\/strong><a href=\"https:\/\/www.novaconcursos.com.br\/concurso\/pc-df-policia-civil-distrito-federal\/apostila\">Apostila Concurso PCDF<\/a><\/li><li><strong>Adquira:<\/strong>\u00a0<a href=\"https:\/\/www.novaconcursos.com.br\/concurso\/pc-df-policia-civil-distrito-federal\/curso-online\">Curso Online Concurso PCDF<\/a><\/li><\/ul><p><\/p>\n\n\n\n<p>Entretanto, ainda falta autoriza\u00e7\u00e3o da Secretaria de Economia. A corpora\u00e7\u00e3o<strong> enviou um of\u00edcio \u00e0 pasta, <\/strong>solicitando compet\u00eancia para organizar uma nova sele\u00e7\u00e3o.<\/p>\n\n\n\n<p>De acordo com a corpora\u00e7\u00e3o, no documento, o edital para \u00e1rea administrativa est\u00e1 autorizado, sendo <strong>60 vagas para Gestor e 200 vagas para Analista.<\/strong><\/p>\n\n\n\n<p>Sendo assim, o pedido \u00e9 para que a <strong>compet\u00eancia para organiza\u00e7\u00e3o<\/strong> da sele\u00e7\u00e3o seja passada para a pr\u00f3pria Pol\u00edcia Civil do <a href=\"https:\/\/www.novaconcursos.com.br\/portal\/concursos-previstos\/df\/\">Distrito Federal<\/a>, \u201cuma vez que tal provid\u00eancia se mostra necess\u00e1ria para dar continuidade do processo e conveniente do ponto de vista pr\u00e1tico\u201d.<\/p>\n\n\n\n<p><em>\u201cAtento ao exposto, conforme tratativas j\u00e1 realizadas por este subscritor com o ent\u00e3o secret\u00e1rio de Economia, solicito os bons pr\u00e9stimos de Vossa Excel\u00eancia em delegar compet\u00eancia \u00e0 Pol\u00edcia Civil do Distrito Federal para realiza\u00e7\u00e3o do referido certame, uma vez que tal provid\u00eancia se mostra necess\u00e1ria para continuidade do processo e conveniente do ponto de vista pr\u00e1tico, j\u00e1 que \u00e9 do interesse da corpora\u00e7\u00e3o a realiza\u00e7\u00e3o do certame em raz\u00e3o das peculiaridades da carreira de Gest\u00e3o de Apoio \u00e0s Atividades Policiais\u201d<\/em>, afirma o documento.<\/p>\n\n\n\n<h3 class=\"wp-block-heading\">LDO traz previs\u00e3o<\/h3>\n\n\n\n<p>Ademais, a Lei de Diretrizes Or\u00e7ament\u00e1rias (LDO) para 2022, que foi aprovada no dia 15 de dezembro, traz a previs\u00e3o de um novo\u00a0<strong>concurso PCDF<\/strong>\u00a0para a \u00e1rea administrativa.<\/p>\n\n\n\n<p>Al\u00e9m disso, a <strong>autoriza\u00e7\u00e3o <\/strong>para a sele\u00e7\u00e3o<strong>\u00a0<\/strong>foi dada pela Secretaria de Economia. <\/p>\n\n\n\n<p>Agora, segundo a Pasta, o \u00f3rg\u00e3o autorizado <strong>dever\u00e1 encaminhar o n\u00famero <\/strong>de vagas e cargos que ser\u00e3o ofertados no novo edital conforme as normas t\u00e9cnicas estabelecidas pelo GDF.<\/p>\n\n\n\n<p>Caso caminhe, esse ser\u00e1 o primeiro concurso para a \u00e1rea administrativa do \u00f3rg\u00e3o, que atualmente conta com <strong>33 servidores.<\/strong> Portanto, a informa\u00e7\u00e3o \u00e9 do site de transpar\u00eancia do \u00f3rg\u00e3o. <\/p>\n\n\n\n<h3 class=\"wp-block-heading\">Detalhes do certame<\/h3>\n\n\n\n<p>Para concorrer ao cargo de <strong>Gestor <\/strong>ser\u00e1 necess\u00e1ria forma\u00e7\u00e3o de n\u00edvel superior em \u00e1reas espec\u00edficas. Enquanto isso, para <strong>Analista<\/strong> \u00e9 preciso ensino m\u00e9dio.<\/p>\n\n\n\n<p>Por outro lado, para <strong>Analista de Apoio <\/strong>a exig\u00eancia \u00e9 de n\u00edvel m\u00e9dio completo, isso na especialidade de <strong>Agente Administrativo<\/strong>. Neste caso, os sal\u00e1rios iniciais s\u00e3o de R$ 3,5 mil.<\/p>\n\n\n\n<p>Os dados s\u00e3o da portaria conjunta <strong>SEAP\/PCDF,<\/strong> publicada no dia 28 de agosto de 2014. <\/p>\n\n\n\n<p>Ademais, ele ainda confirma que o cargo de <strong>Gestor de Apoio \u00e0s Atividades Policiais Civis <\/strong>\u00e9 de n\u00edvel superior e pode exigir especialidades espec\u00edficas. Portanto, saiba quais s\u00e3o:<\/p>\n\n\n\n<ul class=\"wp-block-list\"><li>1 \u2013 Analista de Inform\u00e1tica \u2013 \u00c1rea de Atua\u00e7\u00e3o: Banco de Dados;<\/li><li>2 \u2013 Analista de Inform\u00e1tica \u2013 \u00c1rea de Atua\u00e7\u00e3o: Desenvolvimento de Sistemas;<\/li><li>3 \u2013 Analista de Inform\u00e1tica \u2013 \u00c1rea de Atua\u00e7\u00e3o: Rede de Computadores;<\/li><li>4 \u2013 Assist\u00eancia Social;<\/li><li>5 \u2013 Fisioterapia;<\/li><li>6 \u2013 Nutri\u00e7\u00e3o;<\/li><li>7 \u2013 Odontologia;<\/li><li>8 \u2013 Pedagogia;<\/li><li>9 \u2013 Psicologia.<\/li><\/ul>","protected":false},"excerpt":{"rendered":"<p>Aten\u00e7\u00e3o concurseiros! A Pol\u00edcia Civil do Distrito Federal solicitou, por meio de of\u00edcio enviado a Secretaria de Economia, a compet\u00eancia para um novo edital do concurso PCDF para carreira administrativa. Confira: Guia Racioc\u00ednio L\u00f3gico para Concursos (Gr\u00e1tis) Concurso PCDF: novo concurso em 2022? Ao que tudo indica, um novo edital pode ser publicado muito em [&hellip;]<\/p>\n","protected":false},"author":54671,"featured_media":126539,"comment_status":"closed","ping_status":"closed","sticky":false,"template":"","format":"standard","meta":{"_acf_changed":false,"footnotes":"","_wp_rev_ctl_limit":""},"categories":[228],"tags":[],"class_list":["post-152027","post","type-post","status-publish","format-standard","has-post-thumbnail","hentry","category-noticias"],"acf":[],"_links":{"self":[{"href":"https:\/\/www.novaconcursos.com.br\/portal\/wp-json\/wp\/v2\/posts\/152027","targetHints":{"allow":["GET"]}}],"collection":[{"href":"https:\/\/www.novaconcursos.com.br\/portal\/wp-json\/wp\/v2\/posts"}],"about":[{"href":"https:\/\/www.novaconcursos.com.br\/portal\/wp-json\/wp\/v2\/types\/post"}],"author":[{"embeddable":true,"href":"https:\/\/www.novaconcursos.com.br\/portal\/wp-json\/wp\/v2\/users\/54671"}],"replies":[{"embeddable":true,"href":"https:\/\/www.novaconcursos.com.br\/portal\/wp-json\/wp\/v2\/comments?post=152027"}],"version-history":[{"count":4,"href":"https:\/\/www.novaconcursos.com.br\/portal\/wp-json\/wp\/v2\/posts\/152027\/revisions"}],"predecessor-version":[{"id":152031,"href":"https:\/\/www.novaconcursos.com.br\/portal\/wp-json\/wp\/v2\/posts\/152027\/revisions\/152031"}],"wp:featuredmedia":[{"embeddable":true,"href":"https:\/\/www.novaconcursos.com.br\/portal\/wp-json\/wp\/v2\/media\/126539"}],"wp:attachment":[{"href":"https:\/\/www.novaconcursos.com.br\/portal\/wp-json\/wp\/v2\/media?parent=152027"}],"wp:term":[{"taxonomy":"category","embeddable":true,"href":"https:\/\/www.novaconcursos.com.br\/portal\/wp-json\/wp\/v2\/categories?post=152027"},{"taxonomy":"post_tag","embeddable":true,"href":"https:\/\/www.novaconcursos.com.br\/portal\/wp-json\/wp\/v2\/tags?post=152027"}],"curies":[{"name":"wp","href":"https:\/\/api.w.org\/{rel}","templated":true}]}}