{"id":152091,"date":"2022-01-05T09:29:48","date_gmt":"2022-01-05T12:29:48","guid":{"rendered":"https:\/\/www.novaconcursos.com.br\/portal\/?p=152091"},"modified":"2022-01-05T09:29:53","modified_gmt":"2022-01-05T12:29:53","slug":"concurso-pm-pa-mais-excedentes-convocados","status":"publish","type":"post","link":"https:\/\/www.novaconcursos.com.br\/portal\/noticias\/concurso-pm-pa-mais-excedentes-convocados\/","title":{"rendered":"Concurso PM PA: Mais de 700 excedentes ser\u00e3o convocados!"},"content":{"rendered":"<p>Boa not\u00edcia concurseiros! Ao todo, mais <strong>729 candidatos excedentes<\/strong> que est\u00e3o no cadastro reserva do \u00faltimo <a href=\"https:\/\/www.novaconcursos.com.br\/portal\/concursos\/concurso-pm-pa\/\">concurso PM PA<\/a> <strong>ser\u00e3o convocados.<\/strong> A autoriza\u00e7\u00e3o foi dada pelo governador Helder Barbalho. Curso de forma\u00e7\u00e3o ter\u00e1 in\u00edcio dia <strong>17 de janeiro!<\/strong><\/p>\n\n\n\n<ul class=\"wp-block-list\"><li><strong>Confira:<\/strong> <a href=\"https:\/\/www.novaconcursos.com.br\/eventos\/guia-definitivo-como-montar-um-mapa-mental\/\" target=\"_blank\" rel=\"noreferrer noopener\" aria-label=\"Guia Definitivo Como montar um mapa mental (Gr\u00e1tis) (abre numa nova aba)\">Guia Definitivo Como montar um mapa mental (Gr\u00e1tis)<\/a><\/li><\/ul><p><\/p>\n\n\n\n<h2 class=\"wp-block-heading\" id=\"concurso-pm-pa-quando-ser-a-convocao\">Concurso PM PA: quando ser\u00e1 a convoca\u00e7\u00e3o?<\/h2>\n\n\n\n<p>O mais breve poss\u00edvel! O governador Helder Barbalho <strong>autorizou a convoca\u00e7\u00e3o <\/strong>de mais aprovados no \u00faltimo concurso da Pol\u00edcia Militar do <a href=\"https:\/\/www.novaconcursos.com.br\/portal\/concursos-previstos\/pa\/\">Estado do Par\u00e1<\/a>. <\/p>\n\n\n\n<p>Assim, ser\u00e3o convocados <strong>729 aprovados<\/strong> que estavam no cadastro reserva e faziam parte da lista de excedentes.<\/p>\n\n\n\n<p>Portanto, o an\u00fancio foi feito pelo governador <strong>por meio de v\u00eddeo<\/strong> divulgado em suas redes sociais. <\/p>\n\n\n\n<p><em>\u201cSolicitei \u00e0 Pol\u00edcia Militar que convoque todos os 729 candidatos aprovados no cadastro de reserva do concurso da corpora\u00e7\u00e3o, para que eles j\u00e1 iniciem o Curso de Forma\u00e7\u00e3o de Pra\u00e7as e Oficiais, junto com os demais aprovados\u201d,<\/em> escreveu o governador na publica\u00e7\u00e3o.<\/p>\n\n\n\n<p>Al\u00e9m disso, o governador afirmou que as aulas do Curso de Forma\u00e7\u00e3o Profissional (CFP) ter\u00e3o in\u00edcio no<strong> dia 17 de janeiro<\/strong>, ou seja, logo ap\u00f3s as convoca\u00e7\u00f5es. <\/p>\n\n\n\n<p>Assim, ser\u00e3o forma\u00e7\u00f5es para <strong>Pra\u00e7as e Oficiais.<\/strong> Vale destacar que o \u00faltimo concurso PM PA ofertou um total de<strong> 2.405 vagas<\/strong>. Portanto, confira a distribui\u00e7\u00e3o:<\/p>\n\n\n\n<ul class=\"wp-block-list\"><li>2.310 vagas de Soldados (Pra\u00e7as); e<\/li><li>95 vagas de Oiciais;<\/li><\/ul><p><\/p>\n\n\n\n<p>Sendo assim, com a convoca\u00e7\u00e3o de mais<strong> 729 candidatos,<\/strong> o concurso vai ter ofertado um total de <strong>3.134 vagas<\/strong>, n\u00famero este comemorado pelo governador.<\/p>\n\n\n\n<p><em>\u201cIsso representa um aumento de mais de 30% do efetivo previsto, com um total de 3.134 novos militares compondo a seguran\u00e7a p\u00fablica do nosso Estado\u201d<\/em>, comentou ele, ainda na publica\u00e7\u00e3o.<\/p>\n\n\n\n<h2 class=\"wp-block-heading\" id=\"cargos-e-salrios-do-concurso-pm-pa\"><strong>Cargos e sal\u00e1rios do concurso PM PA<\/strong><\/h2>\n\n\n\n<p>O edital do concurso da Pol\u00edcia Militar do <a href=\"https:\/\/www.novaconcursos.com.br\/portal\/concursos-abertos\/pa\/\">Estado do Par\u00e1<\/a> contemplou<strong> vagas para Soldados e Oficiais<\/strong>, sendo que a maior procura foi pelo primeiro cargo.<\/p>\n\n\n\n<p>Assim, foram <strong>2.310 vagas <\/strong>para candidatos no cargo de <strong>Soldado<\/strong>, sendo 2.079 para homens e 231 para mulheres; aqui foi exigido o n\u00edvel m\u00e9dio.<\/p>\n\n\n\n<p>Entretanto, para <strong>Oficiais <\/strong>a exig\u00eancia foi o n\u00edvel superior; o cargo ofertou <strong>95 vagas,<\/strong> sendo 85 para homens e 10 para mulheres.<\/p>\n\n\n\n<p>Em rela\u00e7\u00e3o aos sal\u00e1rios iniciais para as carreiras, ele \u00e9 de<strong> R$ 3.995,42 <\/strong>para Soldado e <strong>R$ 4.989,67<\/strong> para Oficial.<\/p>\n\n\n\n<p>Al\u00e9m disso, vale destacar que <strong>para Soldado \u00e9 exigida<\/strong> idade de 18 a 30 anos e altura m\u00ednima de 1,65 m para homens e 1,60 m para mulheres.<\/p>\n\n\n\n<p>Enquanto isso, <strong>para Oficiais a exig\u00eancia <\/strong>\u00e9 de idade de at\u00e9 35 anos e altura m\u00ednima de 1,65 m para homens e 1,60 m para mulheres.<\/p>\n\n\n\n<h2 class=\"wp-block-heading\" id=\"como-foram-as-provas-do-certame\">Como foram as provas do certame?<\/h2>\n\n\n\n<p>Os inscritos no concurso PM PA foram avaliados por meio de <strong>provas objetivas <\/strong>que continham<strong> 60 quest\u00f5es<\/strong> de m\u00faltipla escolha. Portanto, confira as disciplinas cobradas:<\/p>\n\n\n\n<ul class=\"wp-block-list\"><li>L\u00edngua Portuguesa;<\/li><li>Atualidades;<\/li><li>Racioc\u00ednio L\u00f3gico;<\/li><li>No\u00e7\u00f5es de Direito <ul><li>Constitucional;<\/li><li>Administrativo;<\/li><li>Penal;<\/li><li>Processual Penal;<\/li><li>Penal Militar;<\/li><li>Processual Penal Militar;<\/li><\/ul><\/li><li>No\u00e7\u00f5es de Legisla\u00e7\u00e3o Penal Especial;<\/li><li>No\u00e7\u00f5es de Direitos Humanos; e<\/li><li>Legisla\u00e7\u00e3o Institucional.<\/li><\/ul><p><\/p>\n\n\n\n<p>As provas foram <strong>aplicadas <\/strong>nas cidades de Bel\u00e9m, Marab\u00e1, Santar\u00e9m, Altamira, Reden\u00e7\u00e3o e Itaituba. Assim, ao todo,<strong> 97.464 pessoas<\/strong> se inscreveram no certame!<\/p>","protected":false},"excerpt":{"rendered":"<p>Boa not\u00edcia concurseiros! Ao todo, mais 729 candidatos excedentes que est\u00e3o no cadastro reserva do \u00faltimo concurso PM PA ser\u00e3o convocados. A autoriza\u00e7\u00e3o foi dada pelo governador Helder Barbalho. Curso de forma\u00e7\u00e3o ter\u00e1 in\u00edcio dia 17 de janeiro! Confira: Guia Definitivo Como montar um mapa mental (Gr\u00e1tis) Concurso PM PA: quando ser\u00e1 a convoca\u00e7\u00e3o? O [&hellip;]<\/p>\n","protected":false},"author":54671,"featured_media":125170,"comment_status":"closed","ping_status":"closed","sticky":false,"template":"","format":"standard","meta":{"_acf_changed":false,"footnotes":"","_wp_rev_ctl_limit":""},"categories":[228],"tags":[],"class_list":["post-152091","post","type-post","status-publish","format-standard","has-post-thumbnail","hentry","category-noticias"],"acf":[],"_links":{"self":[{"href":"https:\/\/www.novaconcursos.com.br\/portal\/wp-json\/wp\/v2\/posts\/152091","targetHints":{"allow":["GET"]}}],"collection":[{"href":"https:\/\/www.novaconcursos.com.br\/portal\/wp-json\/wp\/v2\/posts"}],"about":[{"href":"https:\/\/www.novaconcursos.com.br\/portal\/wp-json\/wp\/v2\/types\/post"}],"author":[{"embeddable":true,"href":"https:\/\/www.novaconcursos.com.br\/portal\/wp-json\/wp\/v2\/users\/54671"}],"replies":[{"embeddable":true,"href":"https:\/\/www.novaconcursos.com.br\/portal\/wp-json\/wp\/v2\/comments?post=152091"}],"version-history":[{"count":4,"href":"https:\/\/www.novaconcursos.com.br\/portal\/wp-json\/wp\/v2\/posts\/152091\/revisions"}],"predecessor-version":[{"id":152095,"href":"https:\/\/www.novaconcursos.com.br\/portal\/wp-json\/wp\/v2\/posts\/152091\/revisions\/152095"}],"wp:featuredmedia":[{"embeddable":true,"href":"https:\/\/www.novaconcursos.com.br\/portal\/wp-json\/wp\/v2\/media\/125170"}],"wp:attachment":[{"href":"https:\/\/www.novaconcursos.com.br\/portal\/wp-json\/wp\/v2\/media?parent=152091"}],"wp:term":[{"taxonomy":"category","embeddable":true,"href":"https:\/\/www.novaconcursos.com.br\/portal\/wp-json\/wp\/v2\/categories?post=152091"},{"taxonomy":"post_tag","embeddable":true,"href":"https:\/\/www.novaconcursos.com.br\/portal\/wp-json\/wp\/v2\/tags?post=152091"}],"curies":[{"name":"wp","href":"https:\/\/api.w.org\/{rel}","templated":true}]}}