{"id":152254,"date":"2022-01-07T11:08:00","date_gmt":"2022-01-07T14:08:00","guid":{"rendered":"https:\/\/www.novaconcursos.com.br\/portal\/?p=152254"},"modified":"2025-04-16T13:49:44","modified_gmt":"2025-04-16T16:49:44","slug":"concurso-ifrj-publicado-novo-edital","status":"publish","type":"post","link":"https:\/\/www.novaconcursos.com.br\/portal\/noticias\/concurso-ifrj-publicado-novo-edital\/","title":{"rendered":"Concurso IFRJ 2022: Publicado novo edital com 53 vagas!"},"content":{"rendered":"<p>Boa not\u00edcia concurseiros! O <strong>edital <\/strong>do <a href=\"https:\/\/www.novaconcursos.com.br\/portal\/concursos\/concurso-ifrj\/\">concurso IFRJ<\/a> (Instituto Federal de Educa\u00e7\u00e3o, Ci\u00eancia e Tecnologia do Rio de Janeiro) foi <strong>republicado <\/strong>com a oferta de <strong>53 vagas <\/strong>e iniciais de <strong>R$ 4,6 mil<\/strong>. As inscri\u00e7\u00f5es come\u00e7am dia <strong>2 de fevereiro!<\/strong><\/p>\n\n\n\n<ul class=\"wp-block-list\"><li><strong>Confira:<\/strong> <a aria-label=\"Guia Matem\u00e1tica para Concursos (Gr\u00e1tis) (abre numa nova aba)\" href=\"https:\/\/www.novaconcursos.com.br\/eventos\/matematica-concursos\/\" target=\"_blank\" rel=\"noreferrer noopener\">Guia Matem\u00e1tica para Concursos (Gr\u00e1tis)<\/a><\/li>\n<\/ul><p><\/p>\n\n\n\n<h2 class=\"wp-block-heading\" id=\"concurso-ifrj-como-realizar-inscries\">Concurso IFRJ: como realizar inscri\u00e7\u00f5es?<\/h2>\n\n\n\n<p>Quem quiser se <strong>inscrever <\/strong>no concurso do Instituto Federal de Educa\u00e7\u00e3o, Ci\u00eancia e Tecnologia do Rio de Janeiro deve entrar pelo site da banca organizadora, o Instituto Selecon.<\/p>\n\n\n\n<p>Assim, <strong>para quem ainda n\u00e3o se inscreveu<\/strong>, as novas inscri\u00e7\u00f5es ser\u00e3o aceitas de 2 de fevereiro a 6 de mar\u00e7o. <\/p>\n\n\n\n<p>Entretanto, as <strong>inscri\u00e7\u00f5es feitas em 2021 <\/strong>continuam valendo, uma vez que o edital foi suspenso e os concurseiros aguardavam uma decis\u00e3o.<\/p>\n\n\n\n<h3 class=\"wp-block-heading\">Taxa de inscri\u00e7\u00e3o<\/h3>\n\n\n\n<p>Aten\u00e7\u00e3o! Para os que n\u00e3o se inscreveram  a sele\u00e7\u00e3o de 2021, ser\u00e1 <strong>cobrada uma taxa agora <\/strong>de R$ 90 para Assistente de Alunos, R$ 110 para demais cargos de n\u00edvel m\u00e9dio\/t\u00e9cnico\u00a0e R$ 130 para cargos de n\u00edvel superior.\u00a0<\/p>\n\n\n\n<p>Entretanto, aqueles <strong>candidatos que realizaram a inscri\u00e7\u00e3o<\/strong> anteriormente e n\u00e3o desejarem se inscrever no novo edital, dever\u00e3o solicitar o Cancelamento da Inscri\u00e7\u00e3o e a Devolu\u00e7\u00e3o do valor da Taxa.<\/p>\n\n\n\n<p>Isso deve ser feito pelo site do IFRJ, <strong>entre os dias 2 de fevereiro e 6 de mar\u00e7o<\/strong>. Assim, devem aguardar um retorno do instituto.<\/p>\n\n\n\n<h3 class=\"wp-block-heading\">Isen\u00e7\u00e3o da taxa<\/h3>\n\n\n\n<p>Al\u00e9m disso, alguns candidatos podem <strong>pedir a isen\u00e7\u00e3o da taxa <\/strong>de inscri\u00e7\u00e3o entre os dias 2 e 6 de fevereiro, pelo mesmo site da banca.<\/p>\n\n\n\n<p>Poder\u00e3o solicitar membros de<strong> fam\u00edlia de baixa renda, <\/strong>inscritos no Cad\u00danico, e doadores de medula \u00f3ssea. <\/p>\n\n\n\n<h2 class=\"wp-block-heading\" id=\"concurso-ifrj-por-que-foi-cancelado\">Concurso IFRJ: por que foi cancelado?<\/h2>\n\n\n\n<p>Um edital para o concurso do Instituto Federal de Educa\u00e7\u00e3o, Ci\u00eancia e Tecnologia do <a href=\"https:\/\/www.novaconcursos.com.br\/portal\/concursos-previstos\/rj\/\">Rio de Janeiro<\/a> chegou a ser <strong>lan\u00e7ado em 2021<\/strong>, mas depois foi cancelado.<\/p>\n\n\n\n<p>As inscri\u00e7\u00f5es foram abertas e, inclusive, as provas objetivas aplicadas. Por\u00e9m, ap\u00f3s <strong>reclama\u00e7\u00f5es de candidatos<\/strong> sobre a cobran\u00e7a da banca Iuds e a m\u00e1 formula\u00e7\u00e3o das quest\u00f5es, o IFRJ optou por anular o edital. <\/p>\n\n\n\n<p>Sendo assim, a decis\u00e3o foi divulgada no Di\u00e1rio Oficial da Uni\u00e3o desta quinta-feira (6).\u00a0 Agora, o concurso ter\u00e1 o\u00a0<strong>Instituto Selecon<\/strong>\u00a0como organizador. <\/p>\n\n\n\n<h2 class=\"wp-block-heading\" id=\"concurso-ifrj-vagas-salrios-e-requisitos\">Concurso IFRJ: vagas, sal\u00e1rios e requisitos<\/h2>\n\n\n\n<p>O novo edital IF do <a href=\"https:\/\/www.novaconcursos.com.br\/portal\/concursos-abertos\/rj\/\">Rio de Janeiro<\/a> publicado nesta quinta-feira<strong> trouxe a mesma oferta de vagas <\/strong>do anterior, ou seja, <strong>53 <\/strong>oportunidades dos n\u00edveis m\u00e9dio, t\u00e9cnico e superior. <\/p>\n\n\n\n<ul class=\"wp-block-list\"><li><strong>N\u00edvel m\u00e9dio<\/strong>\n<ul class=\"wp-block-list\"><li>Assistente em Administra\u00e7\u00e3o \u2013 23 vagas;<\/li>\n\n\n\n<li>Assistente de Alunos \u2013 03 vagas.<\/li>\n<\/ul><\/li>\n\n\n\n<li><strong>N\u00edvel m\u00e9dio\/t\u00e9cnico<\/strong>\n<ul class=\"wp-block-list\"><li>Tecnologia da Informa\u00e7\u00e3o \u2013 06 vagas;<\/li>\n\n\n\n<li>Contabilidade \u2013 02 vagas;<\/li>\n\n\n\n<li>T\u00e9cnico de Laborat\u00f3rio Audiovisual \u2013 01 vaga;<\/li>\n\n\n\n<li>T\u00e9cnico de Laborat\u00f3rio Eletrot\u00e9cnica \u2013 02 vagas.<\/li>\n<\/ul><\/li>\n\n\n\n<li><strong>N\u00edvel superior<\/strong>\n<ul class=\"wp-block-list\"><li>Pedagogo \u2013 02 vagas;<\/li>\n\n\n\n<li>T\u00e9cnico em Assuntos Educacionais \u2013 05 vagas;<\/li>\n\n\n\n<li>Administrador \u2013 03 vagas;<\/li>\n\n\n\n<li>Contador \u2013 02 vagas;<\/li>\n\n\n\n<li>Qu\u00edmico \u2013 02 vagas;<\/li>\n\n\n\n<li>Analista de Tecnologia da Informa\u00e7\u00e3o \u2013 01 vaga;<\/li>\n\n\n\n<li>Tecn\u00f3logo de Recursos Humanos \u2013 01 vaga.<\/li>\n<\/ul><\/li>\n<\/ul><p><\/p>\n\n\n\n<h3 class=\"wp-block-heading\">E os sal\u00e1rios?<\/h3>\n\n\n\n<p>Pata o n\u00edvel m\u00e9dio\/t\u00e9cnico, os sal\u00e1rios iniciais s\u00e3o de<strong> R$ 2.904,96,<\/strong> enquanto os vencimentos para o n\u00edvel superior s\u00e3o de<strong> R$ 4.638,66.<\/strong> J\u00e1 para o n\u00edvel m\u00e9dio os sal\u00e1rios s\u00e3o de <strong>R$2.904,96 e R$2.403,07.<\/strong><\/p>\n\n\n\n<p>Al\u00e9m disso, os aprovados ter\u00e3o direito a aux\u00edlio-alimenta\u00e7\u00e3o, aux\u00edlio-transporte e ressarcimento de plano de sa\u00fade de <strong>R$ 101,56 a R$ 205,63, <\/strong>dependendo da remunera\u00e7\u00e3o e idade do servidor.\u00a0 <\/p>\n\n\n\n<h3 class=\"wp-block-heading\">Para onde s\u00e3o as vagas?<\/h3>\n\n\n\n<p>Ademais, as vagas <strong>est\u00e3o distribu\u00eddas <\/strong>entre os campi da Reitoria, Arraial do Cabo, Nil\u00f3polis, Pinheiral, Belford Roxo, Duque de Caxias, Engenheiro Paulo de Frontin, Niter\u00f3i, Paracambi, Realengo, S\u00e3o Gon\u00e7alo, S\u00e3o Jo\u00e3o de Meriti, Resende, Rio de Janeiro.\u00a0<\/p>\n\n\n\n<h2 class=\"wp-block-heading\" id=\"concurso-ifrj-provas-esto-marcadas-para-abril-de-2022\"><strong>Concurso IFRJ: provas est\u00e3o marcadas para abril\u00a0<\/strong>de 2022<\/h2>\n\n\n\n<p>Os concurseiros inscritos no certame ser\u00e3o avaliados por meio de provas objetivas, que est\u00e3o marcadas para o dia <strong>10 de abril, no turno da manh\u00e3.<\/strong><\/p>\n\n\n\n<p>Assim, as <strong>avalia\u00e7\u00f5es <\/strong>que foram realizadas em <strong>2021 <\/strong>ser\u00e3o <strong>anuladas<\/strong>. Os concorrentes dever\u00e3o responder a 50 quest\u00f5es de m\u00faltipla escolha. Portanto, confira as disciplinas:<\/p>\n\n\n\n<ul class=\"wp-block-list\"><li><strong>Cargos de n\u00edvel m\u00e9dio\/t\u00e9cnico:\u00a0<\/strong>\n<ul class=\"wp-block-list\"><li>L\u00edngua Portuguesa: 8 quest\u00f5es;<\/li>\n\n\n\n<li>Legisla\u00e7\u00e3o e \u00c9tica: 7 quest\u00f5es;<\/li>\n\n\n\n<li>Inform\u00e1tica: 5 quest\u00f5es;<\/li>\n\n\n\n<li>Conhecimentos Espec\u00edficos: 30 quest\u00f5es.\u00a0<\/li>\n<\/ul><\/li>\n\n\n\n<li><strong>Cargos de n\u00edvel superior:<\/strong>\n<ul class=\"wp-block-list\"><li>L\u00edngua Portuguesa: 8 quest\u00f5es;<\/li>\n\n\n\n<li>Legisla\u00e7\u00e3o e \u00c9tica: 7 quest\u00f5es;<\/li>\n\n\n\n<li>Conhecimentos Espec\u00edficos: 35 quest\u00f5es.\u00a0<\/li>\n<\/ul><\/li>\n<\/ul><p><\/p>","protected":false},"excerpt":{"rendered":"<p>Boa not\u00edcia concurseiros! O edital do concurso IFRJ (Instituto Federal de Educa\u00e7\u00e3o, Ci\u00eancia e Tecnologia do Rio de Janeiro) foi republicado com a oferta de 53 vagas e iniciais de R$ 4,6 mil. As inscri\u00e7\u00f5es come\u00e7am dia 2 de fevereiro! Concurso IFRJ: como realizar inscri\u00e7\u00f5es? Quem quiser se inscrever no concurso do Instituto Federal de [&hellip;]<\/p>\n","protected":false},"author":54671,"featured_media":152255,"comment_status":"closed","ping_status":"closed","sticky":false,"template":"","format":"standard","meta":{"_acf_changed":false,"footnotes":"","_wp_rev_ctl_limit":""},"categories":[228],"tags":[],"class_list":["post-152254","post","type-post","status-publish","format-standard","has-post-thumbnail","hentry","category-noticias"],"acf":[],"_links":{"self":[{"href":"https:\/\/www.novaconcursos.com.br\/portal\/wp-json\/wp\/v2\/posts\/152254","targetHints":{"allow":["GET"]}}],"collection":[{"href":"https:\/\/www.novaconcursos.com.br\/portal\/wp-json\/wp\/v2\/posts"}],"about":[{"href":"https:\/\/www.novaconcursos.com.br\/portal\/wp-json\/wp\/v2\/types\/post"}],"author":[{"embeddable":true,"href":"https:\/\/www.novaconcursos.com.br\/portal\/wp-json\/wp\/v2\/users\/54671"}],"replies":[{"embeddable":true,"href":"https:\/\/www.novaconcursos.com.br\/portal\/wp-json\/wp\/v2\/comments?post=152254"}],"version-history":[{"count":7,"href":"https:\/\/www.novaconcursos.com.br\/portal\/wp-json\/wp\/v2\/posts\/152254\/revisions"}],"predecessor-version":[{"id":279602,"href":"https:\/\/www.novaconcursos.com.br\/portal\/wp-json\/wp\/v2\/posts\/152254\/revisions\/279602"}],"wp:featuredmedia":[{"embeddable":true,"href":"https:\/\/www.novaconcursos.com.br\/portal\/wp-json\/wp\/v2\/media\/152255"}],"wp:attachment":[{"href":"https:\/\/www.novaconcursos.com.br\/portal\/wp-json\/wp\/v2\/media?parent=152254"}],"wp:term":[{"taxonomy":"category","embeddable":true,"href":"https:\/\/www.novaconcursos.com.br\/portal\/wp-json\/wp\/v2\/categories?post=152254"},{"taxonomy":"post_tag","embeddable":true,"href":"https:\/\/www.novaconcursos.com.br\/portal\/wp-json\/wp\/v2\/tags?post=152254"}],"curies":[{"name":"wp","href":"https:\/\/api.w.org\/{rel}","templated":true}]}}