{"id":152345,"date":"2022-01-10T11:56:19","date_gmt":"2022-01-10T14:56:19","guid":{"rendered":"https:\/\/www.novaconcursos.com.br\/portal\/?p=152345"},"modified":"2022-01-10T11:56:34","modified_gmt":"2022-01-10T14:56:34","slug":"concurso-amazul-banca-organizadora-definida","status":"publish","type":"post","link":"https:\/\/www.novaconcursos.com.br\/portal\/noticias\/concurso-amazul-banca-organizadora-definida\/","title":{"rendered":"Concurso Amazul: Banca organizadora definida!"},"content":{"rendered":"<p>Boa not\u00edcia concurseiros! Ap\u00f3s ter um <strong>edital suspenso <\/strong>devido \u00e0 pandemia, um novo <a href=\"https:\/\/www.novaconcursos.com.br\/portal\/concursos\/concurso-amazul\/\">concurso Amazul<\/a> (Amaz\u00f4nia Azul Tecnologias de Defesa) ser\u00e1 publicado em breve. O <strong>Instituto Selecon<\/strong> foi confirmado como banca! Ser\u00e3o vagas para os estados de <strong>S\u00e3o Paulo e Rio de Janeiro!<\/strong><\/p>\n\n\n\n<ul class=\"wp-block-list\"><li><strong>Confira:<\/strong> <a href=\"https:\/\/www.novaconcursos.com.br\/eventos\/raciocinio-logico-concursos\/\" target=\"_blank\" rel=\"noreferrer noopener\" aria-label=\"Guia Racioc\u00ednio L\u00f3gico para Concursos (Gr\u00e1tis) (abre numa nova aba)\">Guia Racioc\u00ednio L\u00f3gico para Concursos (Gr\u00e1tis)<\/a><\/li><\/ul><p><\/p>\n\n\n\n<h2 class=\"wp-block-heading\" id=\"concurso-amazul-banca-definida-e-o-edital\">Concurso Amazul: banca definida, e o edital?<\/h2>\n\n\n\n<p>O Instituto Selecon foi confirmado como <strong>banca organizadora<\/strong> do novo <a href=\"https:\/\/www.novaconcursos.com.br\/portal\/concursos-previstos\/nacional\">concurso <\/a>da Amaz\u00f4nia Azul Tecnologias de Defesa.<\/p>\n\n\n\n<p>Assim, a banca foi confirmada por meio de<strong> dispensa de licita\u00e7\u00e3o<\/strong>, publicada no Di\u00e1rio Oficial da Uni\u00e3o desta segunda-feira, 10 de janeiro.<\/p>\n\n\n\n<p>Agora, tendo a banca sido definida, o <strong>pr\u00f3ximo passo <\/strong>\u00e9 a assinatura de contrato entre as partes.<\/p>\n\n\n\n<p>Posteriormente, o <strong>edital poder\u00e1 ser publicado<\/strong>, ou seja, isso deve acontecer nas pr\u00f3ximas semanas, segundo previs\u00e3o.<\/p>\n\n\n\n<p>Entretanto, vale destacar que ainda <strong>n\u00e3o h\u00e1 informa\u00e7\u00f5es<\/strong> do quantitativo de vagas e dos cargos que ser\u00e3o ofertados no certame.<\/p>\n\n\n\n<h3 class=\"wp-block-heading\">Precis\u00e3o \u00e9 de <strong>vagas para RJ e SP<\/strong><\/h3>\n\n\n\n<p>O Extrato de dispensa de licita\u00e7\u00e3o indicou que ser\u00e3o <strong>vagas para os n\u00edveis m\u00e9dio e superior<\/strong>, sendo vagas para os estados de <strong>S\u00e3o Paulo e Rio de Janeiro.<\/strong><\/p>\n\n\n\n<p>Entretanto, os sal\u00e1rio, etapas e mais informa\u00e7\u00f5es dever\u00e3o ser reveladas somente com a publica\u00e7\u00e3o do <strong>projeto b\u00e1sico<\/strong>, ou do <strong>edital <\/strong>em si.<\/p>\n\n\n\n<h2 class=\"wp-block-heading\" id=\"concurso-amazul-edital-foi-revogado-em-meio-pandemia\"><strong>Concurso Amazul: edital foi revogado em meio \u00e0 pandemia<\/strong><\/h2>\n\n\n\n<p>A Amaz\u00f4nia Azul Tecnologias de Defesa havia divulgado um <strong>edital em 2020, <\/strong>que acabou <strong>suspenso<\/strong>, posteriormente, devido \u00e0 pandemia da Covid-19.<\/p>\n\n\n\n<p>Assim, os concurseiros puderam receber a<strong> taxa de inscri\u00e7\u00e3o, <\/strong>que j\u00e1 estava paga, de volta. Portanto, a suspens\u00e3o ocorreu no<strong> m\u00eas de mar\u00e7o<\/strong>, quando a pandemia se intensificou no pa\u00eds.<\/p>\n\n\n\n<p>Vale destacar ainda que em abril de 2020, as<strong> inscri\u00e7\u00f5es chegaram a ser reabertas<\/strong> apenas para o cargo de Assistente Administrativo.<\/p>\n\n\n\n<p>Entretanto, meses depois o <strong>edital foi revogado<\/strong> em raz\u00e3o da impossibilidade de realiza\u00e7\u00e3o. A informa\u00e7\u00e3o foi confirmada em comunicado oficial. <\/p>\n\n\n\n<h3 class=\"wp-block-heading\"><strong>Eram mais de 2 mil vagas<\/strong> ofertadas<\/h3>\n\n\n\n<p>O <a href=\"https:\/\/www.novaconcursos.com.br\/portal\/concursos-abertos\/nacional\">edital <\/a>publicado em 2020 estava com a<strong> oferta de 2.310 vagas<\/strong>. Assim, eram 67 imediatas e o restante para forma\u00e7\u00e3o de cadastro reserva.<\/p>\n\n\n\n<p>Al\u00e9m disso, as oportunidades eram\u00a0para os <strong>n\u00edveis m\u00e9dio, m\u00e9dio\/t\u00e9cnico e superior.<\/strong>\u00a0Seriam contratos de 6 meses e ganhos que chegavam a<strong>\u00a0R$ 15.987,74<\/strong>. Portanto, confira a distribui\u00e7\u00e3o:<\/p>\n\n\n\n<ul class=\"wp-block-list\"><li>N\u00edvel m\u00e9dio \u2013 sal\u00e1rios de R$ 7.649.76 <ul><li>Projetista <ul><li>Mec\u00e2nico<\/li><li>de Instrumenta\u00e7\u00e3o e Controle<\/li><li>de Eletricidade <\/li><li>Civil<\/li><\/ul><\/li><\/ul><\/li><li>N\u00edvel m\u00e9dio\/t\u00e9cnico \u2013 sal\u00e1rios de R$ 5.596.98 \u00e0\u00a0R$ 9.508.98<ul><li> Assistente Administrativo<\/li><li>T\u00e9cnico <ul><li>Eletr\u00f4nica<\/li><li>mec\u00e2nica<\/li><li>em qu\u00edmica<\/li><\/ul><\/li><li>Tecn\u00f3logo em Projetos Mec\u00e2nicos <\/li><li>Web Designer<\/li><\/ul><\/li><li>N\u00edvel superior \u2013 R$ 15.987.74  <ul><li>Qu\u00edmico<\/li><li>Pesquisador em Hist\u00f3ria<\/li><li>F\u00edsico<\/li><li>Especialista em Tecnologia de Desenvolvimento Nuclear e Defesa \u2013 Prote\u00e7\u00e3o Radiol\u00f3gica<\/li><li>Engenheiros Qu\u00edmico e de outras \u00e1reas de atua\u00e7\u00e3o, como\u00a0gest\u00e3o da qualidade,\u00a0prote\u00e7\u00e3o e combate a inc\u00eandio e instrumenta\u00e7\u00e3o e controle<\/li><li>Engenheiros nuclear, naval, mec\u00e2nico, eletr\u00f4nico, eletricista, de automa\u00e7\u00e3o e controle, de telecomunica\u00e7\u00f5es, de produ\u00e7\u00e3o, de materiais, de energia e civil<\/li><li>Contador<\/li><li>Arquiteto<\/li><li>Analista <ul><li>Sistemas<\/li><li>Rela\u00e7\u00f5es Institucionais<\/li><li>Neg\u00f3cios<\/li><li>Desenvolvimento de Sistemas <\/li><li>Administrativo<\/li><\/ul><\/li><\/ul><\/li><\/ul>","protected":false},"excerpt":{"rendered":"<p>Boa not\u00edcia concurseiros! Ap\u00f3s ter um edital suspenso devido \u00e0 pandemia, um novo concurso Amazul (Amaz\u00f4nia Azul Tecnologias de Defesa) ser\u00e1 publicado em breve. O Instituto Selecon foi confirmado como banca! Ser\u00e3o vagas para os estados de S\u00e3o Paulo e Rio de Janeiro! Confira: Guia Racioc\u00ednio L\u00f3gico para Concursos (Gr\u00e1tis) Concurso Amazul: banca definida, e [&hellip;]<\/p>\n","protected":false},"author":54671,"featured_media":152346,"comment_status":"closed","ping_status":"closed","sticky":false,"template":"","format":"standard","meta":{"_acf_changed":false,"footnotes":"","_wp_rev_ctl_limit":""},"categories":[228],"tags":[],"class_list":["post-152345","post","type-post","status-publish","format-standard","has-post-thumbnail","hentry","category-noticias"],"acf":[],"_links":{"self":[{"href":"https:\/\/www.novaconcursos.com.br\/portal\/wp-json\/wp\/v2\/posts\/152345","targetHints":{"allow":["GET"]}}],"collection":[{"href":"https:\/\/www.novaconcursos.com.br\/portal\/wp-json\/wp\/v2\/posts"}],"about":[{"href":"https:\/\/www.novaconcursos.com.br\/portal\/wp-json\/wp\/v2\/types\/post"}],"author":[{"embeddable":true,"href":"https:\/\/www.novaconcursos.com.br\/portal\/wp-json\/wp\/v2\/users\/54671"}],"replies":[{"embeddable":true,"href":"https:\/\/www.novaconcursos.com.br\/portal\/wp-json\/wp\/v2\/comments?post=152345"}],"version-history":[{"count":4,"href":"https:\/\/www.novaconcursos.com.br\/portal\/wp-json\/wp\/v2\/posts\/152345\/revisions"}],"predecessor-version":[{"id":152350,"href":"https:\/\/www.novaconcursos.com.br\/portal\/wp-json\/wp\/v2\/posts\/152345\/revisions\/152350"}],"wp:featuredmedia":[{"embeddable":true,"href":"https:\/\/www.novaconcursos.com.br\/portal\/wp-json\/wp\/v2\/media\/152346"}],"wp:attachment":[{"href":"https:\/\/www.novaconcursos.com.br\/portal\/wp-json\/wp\/v2\/media?parent=152345"}],"wp:term":[{"taxonomy":"category","embeddable":true,"href":"https:\/\/www.novaconcursos.com.br\/portal\/wp-json\/wp\/v2\/categories?post=152345"},{"taxonomy":"post_tag","embeddable":true,"href":"https:\/\/www.novaconcursos.com.br\/portal\/wp-json\/wp\/v2\/tags?post=152345"}],"curies":[{"name":"wp","href":"https:\/\/api.w.org\/{rel}","templated":true}]}}