{"id":152423,"date":"2022-01-12T09:44:20","date_gmt":"2022-01-12T12:44:20","guid":{"rendered":"https:\/\/www.novaconcursos.com.br\/portal\/?p=152423"},"modified":"2022-01-12T09:44:25","modified_gmt":"2022-01-12T12:44:25","slug":"concurso-sedu-es-contrato-assinado-fcc","status":"publish","type":"post","link":"https:\/\/www.novaconcursos.com.br\/portal\/noticias\/concurso-sedu-es-contrato-assinado-fcc\/","title":{"rendered":"Concurso Sedu ES: Contrato assinado com a FCC para 1.500 vagas!"},"content":{"rendered":"<p>Boa not\u00edcia concurseiros! O <strong>contrato <\/strong>com a<strong> <\/strong>Funda\u00e7\u00e3o Carlos Chagas (FCC) para ser a banca do\u00a0<a href=\"https:\/\/www.novaconcursos.com.br\/portal\/concursos\/concurso-sedu-es\/\">concurso Sedu ES<\/a>\u00a0(Secretaria de Estado de Educa\u00e7\u00e3o do Esp\u00edrito Santo) foi <strong>assinado<\/strong>. Agora, o edital deve sair<strong> em breve<\/strong>; a previs\u00e3o \u00e9 para oferta de<strong>\u00a01.500 vagas<\/strong>!<\/p>\n\n\n\n<ul class=\"wp-block-list\"><li><strong>Confira:<\/strong>\u00a0<a href=\"https:\/\/www.novaconcursos.com.br\/eventos\/guia-definitivo-plano-de-estudos-passo-a-passo\/\" target=\"_blank\" rel=\"noreferrer noopener\" aria-label=\" (abre numa nova aba)\">Guia Definitivo Plano de Estudos (Gr\u00e1tis)<\/a><\/li><\/ul><p><\/p>\n\n\n\n<h2 class=\"wp-block-heading\" id=\"concurso-sedu-es-banca-contratada-e-o-edital\">Concurso Sedu ES: banca contratada, e o edital?<\/h2>\n\n\n\n<p>\u00c9 o que os concurseiros querem saber. E o <strong>edital <\/strong>do concurso da Secretaria de Estado da Educa\u00e7\u00e3o do <a href=\"https:\/\/www.novaconcursos.com.br\/portal\/concursos-previstos\/es\/\">Espirito Santo <\/a>est\u00e1 <strong>cada vez mais perto.<\/strong><\/p>\n\n\n\n<p>Isso porque o <strong>contrato <\/strong>entre a secretaria e a banca organizadora, a Funda\u00e7\u00e3o Carlos Chagas (FCC), <strong>foi assinado.<\/strong><\/p>\n\n\n\n<p>O extrato de contrato foi publicado no Di\u00e1rio Oficial desta segunda-feira (10), ou seja, a<strong> \u00faltima etapa<\/strong> antes da publica\u00e7\u00e3o do edital.<\/p>\n\n\n\n<p>Assim, a vig\u00eancia do contrato <strong>vai at\u00e9 janeiro de 2023<\/strong> e a banca ser\u00e1 a respons\u00e1vel pelas etapas do concurso.<\/p>\n\n\n\n<h3 class=\"wp-block-heading\">Governador havia confirmado edital<\/h3>\n\n\n\n<p>Anteriormente, ainda em dezembro de 2021, o governador do Esp\u00edrito Santo,\u00a0<strong>Renato Casagrande,\u00a0<\/strong>havia informado que o edital n\u00e3o demoraria para ser publicado.<\/p>\n\n\n\n<p><em>\u201cNo in\u00edcio do ano que vem, a gente lan\u00e7a o edital da Pol\u00edcia Militar. Da Secretaria de Educa\u00e7\u00e3o tamb\u00e9m n\u00e3o deve demorar muito\u201d<\/em>, disse Casagrande durante uma entrevista.<\/p>\n\n\n\n<p>Como anunciado anteriormente, o certame ser\u00e1 para\u00a0<strong>reposi\u00e7\u00e3o de profissionais<\/strong>\u00a0que se aposentaram ou foram exonerados do \u00f3rg\u00e3o. <\/p>\n\n\n\n<p>O governador afirmou que parte dessa vac\u00e2ncia \u00e9 ocupada, atualmente, por docentes contratados em\u00a0<strong>regime de designa\u00e7\u00e3o tempor\u00e1ria (DT).<\/strong> <\/p>\n\n\n\n<h3 class=\"wp-block-heading\">Cargos e provas<\/h3>\n\n\n\n<p>A dispensa de licita\u00e7\u00e3o que confirmou\u00a0a banca organizadora, tamb\u00e9m confirmou <strong>outras informa\u00e7\u00f5es importantes<\/strong>\u00a0do edital. <\/p>\n\n\n\n<p>Assim, ser\u00e3o ofertadas vagas para as carreiras de\u00a0<strong>Professor MaPB, Professor MaPP e Agente de Suporte Educacional.\u00a0<\/strong><\/p>\n\n\n\n<p>Al\u00e9m disso, os inscritos ser\u00e3o avaliados por meio de\u00a0<strong>provas objetivas e discursivas<\/strong>, ambas aplicadas em car\u00e1ter eliminat\u00f3rio e classificat\u00f3rio.<\/p>\n\n\n\n<h2 class=\"wp-block-heading\" id=\"concurso-sedu-es-previso-para-oferta-de-1500-vagas\"><strong>Concurso Sedu ES: previs\u00e3o \u00e9 para oferta de 1.500 vagas<\/strong><\/h2>\n\n\n\n<p>O concurso da Secretaria de Estado de Educa\u00e7\u00e3o do\u00a0<a href=\"https:\/\/www.novaconcursos.com.br\/portal\/concursos-abertos\/es\/\">Esp\u00edrito Santo<\/a>\u00a0tem previs\u00e3o de ofertar\u00a0<strong>1.500 vagas.<\/strong> Entretanto, ainda nada est\u00e1 confirmado.<\/p>\n\n\n\n<p>Portanto, as oportunidades devem ser\u00a0<strong>900\u00a0<\/strong>para Professores e\u00a0<strong>600\u00a0<\/strong>para Agentes de Suporte Educacional. Assim, confira a divis\u00e3o:<\/p>\n\n\n\n<ul class=\"wp-block-list\"><li><strong>Professor MaPB<\/strong>\u00a0(Anos Finais do Ensino Fundamental, Ensino M\u00e9dio, EJA): 800 vagas;<\/li><li><strong>Professor MaPP<\/strong>\u00a0(professores em fun\u00e7\u00e3o Pedag\u00f3gica): 100 vagas;<\/li><li><strong>Agente de Suporte Educacional:<\/strong>\u00a0600 vagas.<\/li><\/ul><p><\/p>\n\n\n\n<p>Os\u00a0<strong>quantitativos foram informados<\/strong>\u00a0pelo governo ao deputado estadual Bruno Lamas, mas s\u00f3 ser\u00e3o confirmados com a publica\u00e7\u00e3o do edital.<\/p>\n\n\n\n<h3 class=\"wp-block-heading\">Requisitos<\/h3>\n\n\n\n<p>Se formos levar em considera\u00e7\u00e3o o \u00faltimo edital para Agente de Suporte Educacional, o <strong>ensino m\u00e9dio completo<\/strong> foi a exig\u00eancia de escolaridade.<\/p>\n\n\n\n<p>Al\u00e9m disso, os concurseiros precisam apresentar certificado de curso de inform\u00e1tica b\u00e1sica (Windows, Word e Excel), com carga hor\u00e1ria m\u00ednima de\u00a0<strong>40 horas.<\/strong><\/p>\n\n\n\n<p>Por outro lado, para a carreira de\u00a0<strong>Professor\u00a0<\/strong>ser\u00e1 exigido o n\u00edvel <strong>superior\u00a0<\/strong>na modalidade de Licenciatura Plena.<\/p>","protected":false},"excerpt":{"rendered":"<p>Boa not\u00edcia concurseiros! O contrato com a Funda\u00e7\u00e3o Carlos Chagas (FCC) para ser a banca do\u00a0concurso Sedu ES\u00a0(Secretaria de Estado de Educa\u00e7\u00e3o do Esp\u00edrito Santo) foi assinado. Agora, o edital deve sair em breve; a previs\u00e3o \u00e9 para oferta de\u00a01.500 vagas! Confira:\u00a0Guia Definitivo Plano de Estudos (Gr\u00e1tis) Concurso Sedu ES: banca contratada, e o edital? [&hellip;]<\/p>\n","protected":false},"author":54671,"featured_media":124582,"comment_status":"closed","ping_status":"closed","sticky":false,"template":"","format":"standard","meta":{"_acf_changed":false,"footnotes":"","_wp_rev_ctl_limit":""},"categories":[228],"tags":[],"class_list":["post-152423","post","type-post","status-publish","format-standard","has-post-thumbnail","hentry","category-noticias"],"acf":[],"_links":{"self":[{"href":"https:\/\/www.novaconcursos.com.br\/portal\/wp-json\/wp\/v2\/posts\/152423","targetHints":{"allow":["GET"]}}],"collection":[{"href":"https:\/\/www.novaconcursos.com.br\/portal\/wp-json\/wp\/v2\/posts"}],"about":[{"href":"https:\/\/www.novaconcursos.com.br\/portal\/wp-json\/wp\/v2\/types\/post"}],"author":[{"embeddable":true,"href":"https:\/\/www.novaconcursos.com.br\/portal\/wp-json\/wp\/v2\/users\/54671"}],"replies":[{"embeddable":true,"href":"https:\/\/www.novaconcursos.com.br\/portal\/wp-json\/wp\/v2\/comments?post=152423"}],"version-history":[{"count":4,"href":"https:\/\/www.novaconcursos.com.br\/portal\/wp-json\/wp\/v2\/posts\/152423\/revisions"}],"predecessor-version":[{"id":152428,"href":"https:\/\/www.novaconcursos.com.br\/portal\/wp-json\/wp\/v2\/posts\/152423\/revisions\/152428"}],"wp:featuredmedia":[{"embeddable":true,"href":"https:\/\/www.novaconcursos.com.br\/portal\/wp-json\/wp\/v2\/media\/124582"}],"wp:attachment":[{"href":"https:\/\/www.novaconcursos.com.br\/portal\/wp-json\/wp\/v2\/media?parent=152423"}],"wp:term":[{"taxonomy":"category","embeddable":true,"href":"https:\/\/www.novaconcursos.com.br\/portal\/wp-json\/wp\/v2\/categories?post=152423"},{"taxonomy":"post_tag","embeddable":true,"href":"https:\/\/www.novaconcursos.com.br\/portal\/wp-json\/wp\/v2\/tags?post=152423"}],"curies":[{"name":"wp","href":"https:\/\/api.w.org\/{rel}","templated":true}]}}