{"id":152453,"date":"2022-01-12T12:24:20","date_gmt":"2022-01-12T15:24:20","guid":{"rendered":"https:\/\/www.novaconcursos.com.br\/portal\/?p=152453"},"modified":"2022-01-12T12:24:25","modified_gmt":"2022-01-12T15:24:25","slug":"concurso-receita-federal-pauta-reuniao-ministro","status":"publish","type":"post","link":"https:\/\/www.novaconcursos.com.br\/portal\/noticias\/concurso-receita-federal-pauta-reuniao-ministro\/","title":{"rendered":"Concurso Receita Federal ser\u00e1 pauta de reuni\u00e3o com o Ministro da Economia!"},"content":{"rendered":"<p>Aten\u00e7\u00e3o concurseiros! Essa pode ser uma semana <strong>decisiva <\/strong>para o <a href=\"https:\/\/www.novaconcursos.com.br\/portal\/concursos\/concurso-receita-federal\/\">concurso Receita Federal<\/a>. O Sindifisco Nacional ir\u00e1 se <strong>reunir <\/strong>com o ministro da Economia, Paulo Guedes, para <strong>tratar <\/strong>sobre a sele\u00e7\u00e3o. Confira o que estar\u00e1 em pauta no encontro! <strong>Aval deve ser para 699 vagas<\/strong>.<\/p>\n\n\n\n<ul class=\"wp-block-list\"><li><strong>Confira:<\/strong> <a href=\"https:\/\/www.novaconcursos.com.br\/eventos\/guia-definitivo-plano-de-estudos-passo-a-passo\/\" target=\"_blank\" rel=\"noreferrer noopener\" aria-label=\" (abre numa nova aba)\">Guia Definitivo Plano de Estudos (Gr\u00e1tis)<\/a> <\/li><\/ul><p><\/p>\n\n\n\n<h2 class=\"wp-block-heading\" id=\"concurso-receita-federal-reunio-nesta-semana-tratar-sobre-ed\">Concurso Receita Federal: reuni\u00e3o nesta semana tratar\u00e1 sobre edital<\/h2>\n\n\n\n<p>Os concurseiros e a pr\u00f3pria Receita Federal est\u00e3o<strong> aguardando ansiosamente <\/strong>um novo <a href=\"https:\/\/www.novaconcursos.com.br\/portal\/concursos-abertos\/nacional\">concurso p\u00fablico<\/a> em 2022.<\/p>\n\n\n\n<ul class=\"wp-block-list\"><li><strong>Adquira:\u00a0<\/strong><a href=\"https:\/\/www.novaconcursos.com.br\/concurso\/rf-receita-federal\/apostila\">Apostila Concurso Receita Federal<\/a><\/li><\/ul><p><\/p>\n\n\n\n<p>E, essa poder\u00e1 ser uma <strong>semana decisiva<\/strong> para os que aguardam uma resposta sobre a sele\u00e7\u00e3o.<\/p>\n\n\n\n<p>Assim, o Sindifisco ir\u00e1 se <strong>reunir com o ministro da Economia<\/strong>, Paulo Guedes, para tratar sobre a reuni\u00e3o.<\/p>\n\n\n\n<p>Portanto, o encontro acontece na <strong>quinta-feira, 13 de janeiro, <\/strong>segundo o Sindifisco \u2013 Sindicato dos Auditores-Fiscais da Receita Federal.<\/p>\n\n\n\n<p>Quem estar\u00e1 presente na reuni\u00e3o com o ministro \u00e9 o presidente\u00a0da entidade, Isac Falc\u00e3o. Portanto, <strong>confira o que estar\u00e1 em pauta:<\/strong><\/p>\n\n\n\n<ul class=\"wp-block-list\"><li>realiza\u00e7\u00e3o imediata do concurso;<\/li><li>regulamenta\u00e7\u00e3o do b\u00f4nus de efici\u00eancia, fruto de acordo salarial firmado em 2016;<\/li><li>cortes or\u00e7ament\u00e1rios aprovados no PLOA 2022, que comprometem o funcionamento da Receita Federal;<\/li><li>necessidade de recomposi\u00e7\u00e3o imediata das perdas inflacion\u00e1rias acumuladas desde o \u00faltimo reajuste do vencimento b\u00e1sico;<\/li><li>entre outros assuntos.<\/li><\/ul><p><\/p>\n\n\n\n<h2 class=\"wp-block-heading\" id=\"secretrio-tambm-levar-o-concurso-pblico-ao-ministro\"><strong>Secret\u00e1rio tamb\u00e9m levar\u00e1 o concurso p\u00fablico ao ministro<\/strong><\/h2>\n\n\n\n<p>Al\u00e9m do presidente da Receita Federal, o atual secret\u00e1rio do \u00f3rg\u00e3o,\u00a0Julio Cesar, tamb\u00e9m afirmou que <strong>tratar\u00e1 sobre a sele\u00e7\u00e3o <\/strong>com o ministro da Economia.<\/p>\n\n\n\n<p>A\u00a0<strong>2\u00aa vice-presidente<\/strong>, Nat\u00e1lia Nobre,\u00a0disse que <strong>o \u00f3rg\u00e3o n\u00e3o pode aceitar <\/strong>como entrave para a realiza\u00e7\u00e3o do concurso o ano eleitoral, que \u00e9 2022!<\/p>\n\n\n\n<p>A vice-presidente ainda lembrou que os <strong>\u00faltimos concursos<\/strong> da Receita Federal tamb\u00e9m aconteceram em anos eleitorais, como <strong>2012 e 2014.<\/strong><\/p>\n\n\n\n<p>Ela ainda <strong>destacou a urg\u00eancia<\/strong> de um novo concurso, principalmente para poder atender os colegas das fronteiras.<\/p>\n\n\n\n<h2 class=\"wp-block-heading\" id=\"o-que-falta-para-sair-o-edital\"><strong>O que falta para sair o edital?<\/strong><\/h2>\n\n\n\n<p>Primeiramente, \u00e9 preciso um <strong>aval do Governo Federal,<\/strong> na pessoa do Ministro Paulo Guedes. <\/p>\n\n\n\n<p>Posteriormente, os <strong>preparativos <\/strong>poder\u00e3o ser iniciados, a come\u00e7ar pela forma\u00e7\u00e3o da <strong>comiss\u00e3o <\/strong>organizadora, que dar\u00e1 in\u00edcio a escolha da <strong>banca<\/strong>.<\/p>\n\n\n\n<p>Assim, o objetivo \u00e9 que a autoriza\u00e7\u00e3o seja dada nos pr\u00f3ximos meses e o edital venha logo em seguida. Isso porque h\u00e1 <strong>expectativa de nomea\u00e7\u00f5es acontecendo ainda em 2022.<\/strong><\/p>\n\n\n\n<p>Em 2020, um pedido foi enviado para preenchimento de<strong> 3 mil vagas, <\/strong>entretanto, em 2021, o n\u00famero foi reajustado para <strong>699 em dois cargos. <\/strong>Portanto, confira como seria a divis\u00e3o:<\/p>\n\n\n\n<ul class=\"wp-block-list\"><li>230 vagas para Auditor-Fiscal; e<\/li><li>469 vagas para Analista-Tribut\u00e1rio.<\/li><\/ul><p><\/p>\n\n\n\n<h3 class=\"wp-block-heading\"><strong>Nomea\u00e7\u00f5es\u00a0ainda em 2022<\/strong>?<\/h3>\n\n\n\n<p>\u00c9 o que espera o novo secret\u00e1rio Julio Cesar. Em resposta ao Sinfisco, ele afirmou que h\u00e1 o desejo de contar com<strong> servidores aprovados<\/strong> no <a href=\"https:\/\/www.novaconcursos.com.br\/portal\/concursos-previstos\/nacional\">concurso p\u00fablico<\/a> ainda em 2022. <\/p>\n\n\n\n<p>Entretanto, o concurso tem que ser <strong>homologado at\u00e9 o m\u00eas de julho <\/strong>para que isso aconte\u00e7a!<\/p>\n\n\n\n<h2 class=\"wp-block-heading\" id=\"quanto-ganha-um-fiscal-da-receita-federal\"><strong>Quanto ganha um Fiscal da Receita Federal?<\/strong><\/h2>\n\n\n\n<p>Os <strong>sal\u00e1rios e os benef\u00edcios<\/strong> s\u00e3o um dos assuntos mais esperados e procurados por quem quer uma vaga em concursos p\u00fablicos.<\/p>\n\n\n\n<p>Para um Fiscal da Receita Federal, o inicial \u00e9 de <strong>R$ 21.487,09, valor j\u00e1 somado com o\u00a0aux\u00edlio alimenta\u00e7\u00e3o de R$ 458.<\/strong><\/p>\n\n\n\n<p>Lembrando que a carreira de Auditor tem como exig\u00eancia o <strong>n\u00edvel superior <\/strong>de escolaridade, com forma\u00e7\u00e3o em qualquer \u00e1rea. <\/p>","protected":false},"excerpt":{"rendered":"<p>Aten\u00e7\u00e3o concurseiros! Essa pode ser uma semana decisiva para o concurso Receita Federal. O Sindifisco Nacional ir\u00e1 se reunir com o ministro da Economia, Paulo Guedes, para tratar sobre a sele\u00e7\u00e3o. Confira o que estar\u00e1 em pauta no encontro! Aval deve ser para 699 vagas. Confira: Guia Definitivo Plano de Estudos (Gr\u00e1tis) Concurso Receita Federal: [&hellip;]<\/p>\n","protected":false},"author":54671,"featured_media":127566,"comment_status":"closed","ping_status":"closed","sticky":false,"template":"","format":"standard","meta":{"_acf_changed":false,"footnotes":"","_wp_rev_ctl_limit":""},"categories":[228],"tags":[],"class_list":["post-152453","post","type-post","status-publish","format-standard","has-post-thumbnail","hentry","category-noticias"],"acf":[],"_links":{"self":[{"href":"https:\/\/www.novaconcursos.com.br\/portal\/wp-json\/wp\/v2\/posts\/152453","targetHints":{"allow":["GET"]}}],"collection":[{"href":"https:\/\/www.novaconcursos.com.br\/portal\/wp-json\/wp\/v2\/posts"}],"about":[{"href":"https:\/\/www.novaconcursos.com.br\/portal\/wp-json\/wp\/v2\/types\/post"}],"author":[{"embeddable":true,"href":"https:\/\/www.novaconcursos.com.br\/portal\/wp-json\/wp\/v2\/users\/54671"}],"replies":[{"embeddable":true,"href":"https:\/\/www.novaconcursos.com.br\/portal\/wp-json\/wp\/v2\/comments?post=152453"}],"version-history":[{"count":6,"href":"https:\/\/www.novaconcursos.com.br\/portal\/wp-json\/wp\/v2\/posts\/152453\/revisions"}],"predecessor-version":[{"id":152464,"href":"https:\/\/www.novaconcursos.com.br\/portal\/wp-json\/wp\/v2\/posts\/152453\/revisions\/152464"}],"wp:featuredmedia":[{"embeddable":true,"href":"https:\/\/www.novaconcursos.com.br\/portal\/wp-json\/wp\/v2\/media\/127566"}],"wp:attachment":[{"href":"https:\/\/www.novaconcursos.com.br\/portal\/wp-json\/wp\/v2\/media?parent=152453"}],"wp:term":[{"taxonomy":"category","embeddable":true,"href":"https:\/\/www.novaconcursos.com.br\/portal\/wp-json\/wp\/v2\/categories?post=152453"},{"taxonomy":"post_tag","embeddable":true,"href":"https:\/\/www.novaconcursos.com.br\/portal\/wp-json\/wp\/v2\/tags?post=152453"}],"curies":[{"name":"wp","href":"https:\/\/api.w.org\/{rel}","templated":true}]}}