{"id":152563,"date":"2022-01-13T13:01:25","date_gmt":"2022-01-13T16:01:25","guid":{"rendered":"https:\/\/www.novaconcursos.com.br\/portal\/?p=152563"},"modified":"2022-01-13T13:02:22","modified_gmt":"2022-01-13T16:02:22","slug":"concurso-detran-am-banca-definida-confira-projeto-basico","status":"publish","type":"post","link":"https:\/\/www.novaconcursos.com.br\/portal\/noticias\/concurso-detran-am-banca-definida-confira-projeto-basico\/","title":{"rendered":"Concurso Detran AM: Banca definida. Confira o projeto b\u00e1sico!"},"content":{"rendered":"<p>Aten\u00e7\u00e3o, concurseiros! A <strong>banca FGV<\/strong> foi definida como a organizadora do <a href=\"https:\/\/www.novaconcursos.com.br\/portal\/concursos\/concurso-detran-am\/\">concurso Detran AM<\/a> e, com isso, foi divulgado tamb\u00e9m o <strong>projeto b\u00e1sico<\/strong>. O novo certame ir\u00e1 ofertar<strong> 183 vagas<\/strong> para cargos de n\u00edvel m\u00e9dio e superior.<\/p>\n\n\n\n<ul class=\"wp-block-list\"><li><strong>Confira<\/strong>: <a href=\"https:\/\/www.novaconcursos.com.br\/eventos\/guia-definitivo-como-montar-um-mapa-mental\/\" target=\"_blank\" rel=\"noreferrer noopener\" aria-label=\"Guia Definitivo - Como Montar Mapas Mentais (GR\u00c1TIS) (abre numa nova aba)\">Guia Definitivo \u2013 Como Montar Mapas Mentais (GR\u00c1TIS)<\/a><\/li><\/ul><p><\/p>\n\n\n\n<p>A <strong>dispensa de licita\u00e7\u00e3o<\/strong> que confirmou a contrata\u00e7\u00e3o da banca Funda\u00e7\u00e3o Get\u00falio Vargas (FGV). No argumento, o Detran do <a href=\"https:\/\/www.novaconcursos.com.br\/portal\/concursos-abertos\/am\/\">Amazonas <\/a>utilizou o art. 24, inciso XIII, da Lei 8.666\/93, que diz que, para a dispensa de licita\u00e7\u00e3o, \u00e9 necess\u00e1rio que a empresa seja brasileira, incumbida regimental ou estatutariamente da pesquisa, inquestion\u00e1vel reputa\u00e7\u00e3o \u00e9tico-profissional e finalidade n\u00e3o lucrativa.<\/p>\n\n\n\n<p>A banca FGV <strong>concorreu <\/strong>o posto de organizadora juntamente com outras empresas grandes, bem como o Instituto Acesso, Cebraspe, Ibade e Funrio.<\/p>\n\n\n\n<p>Apesar da forte concorr\u00eancia, a FGV deu a <strong>proposta que mais se encaixava no or\u00e7amento<\/strong> do concurso, detalhado no Projeto B\u00e1sico. Por isso, confira mais informa\u00e7\u00f5es sobre como ser\u00e1 o certame, de acordo com o <strong>documento de base<\/strong>.<\/p>\n\n\n\n<h2 class=\"wp-block-heading\" id=\"concurso-detran-am-edital-ofertar-183-vagas-\">Concurso Detran AM: edital ofertar\u00e1 183 vagas! <\/h2>\n\n\n\n<p>De acordo com o Projeto B\u00e1sico do certame do Detran do <a href=\"https:\/\/www.novaconcursos.com.br\/portal\/concursos-previstos\/am\/\">Amazonas<\/a>, ser\u00e3o ofertadas <strong>183 vagas<\/strong> de n\u00edveis m\u00e9dio e superior. A <strong>distribui\u00e7\u00e3o das oportunidades<\/strong> ser\u00e1 feita da seguinte maneira:<\/p>\n\n\n\n<h3 class=\"wp-block-heading\">N\u00edvel m\u00e9dio <\/h3>\n\n\n\n<ul class=\"wp-block-list\"><li>T\u00e9cnico administrativo: 40 vagas;<\/li><li>T\u00e9cnico de Inform\u00e1tica: 10 vagas; <\/li><li>T\u00e9c. Vistoriador: 10 vagas. <\/li><\/ul><p><\/p>\n\n\n\n<h3 class=\"wp-block-heading\">N\u00edvel superior <\/h3>\n\n\n\n<ul class=\"wp-block-list\"><li>Administrador: 3 vagas;<\/li><li>Contador: 2 vagas;<\/li><li>Assistente Social: 1 vaga;<\/li><li>M\u00e9dico: 2 vagas;<\/li><li>Engenheiro com especializa\u00e7\u00e3o em tr\u00e2nsito: 1 vaga;<\/li><li>Analista jur\u00eddico: 4 vagas;<\/li><li>Estat\u00edstico: 1 vaga;<\/li><li>Pedagogo: 1 vaga;<\/li><li>Psic\u00f3logo com especializa\u00e7\u00e3o em tr\u00e2nsito: 2 vagas;<\/li><li>Analista de Sistema de Informa\u00e7\u00e3o: 3 vagas;<\/li><li>Arquivista: 1 vaga;<\/li><li>Designer: 1 vaga;<\/li><li>Comunica\u00e7\u00e3o Social: 1 vaga;<\/li><li>Arquiteto: 1 vaga;<\/li><li>Economista: 1 vaga;<\/li><li>Agente de tr\u00e2nsito: 55 vagas;<\/li><li>Perito de Acidente de Tr\u00e2nsito: 3 vagas; e, por fim,<\/li><li>Examinador de tr\u00e2nsito: 40 vagas.<\/li><\/ul><p><\/p>\n\n\n\n<p>No caso dos cargos do <strong>n\u00edvel m\u00e9dio<\/strong>, o requisito ser\u00e1 ter o diploma de forma\u00e7\u00e3o no <strong>Ensino M\u00e9dio <\/strong>e o sal\u00e1rio inicial ser\u00e1 de<strong> R$ 2.300,00<\/strong> para uma jornada de 8h di\u00e1rias.<\/p>\n\n\n\n<p>Enquanto que para o <strong>n\u00edvel superior<\/strong>, ser\u00e1 exigido a forma\u00e7\u00e3o no <strong>Ensino Superior<\/strong> na \u00e1rea espec\u00edfica de atua\u00e7\u00e3o do cargo desejado. Neste caso, os sal\u00e1rios iniciais ser\u00e3o de <strong>R$ 5.500,00<\/strong> e a carga ser\u00e1 hor\u00e1ria de oito horas di\u00e1rias.<\/p>\n\n\n\n<h2 class=\"wp-block-heading\" id=\"como-sero-as-avaliaes-\">Como ser\u00e3o as avalia\u00e7\u00f5es? <\/h2>\n\n\n\n<p>Os candidatos ao certame do Departamento de Tr\u00e2nsito AM ser\u00e3o avaliados por meio de<strong> Provas Objetivas<\/strong>, que ser\u00e3o eliminat\u00f3rias e classificat\u00f3rias. Para o <strong>n\u00edvel m\u00e9dio<\/strong>, por exemplo, ser\u00e3o feitas 60 quest\u00f5es de m\u00faltipla escolha, divididas entre Conhecimentos B\u00e1sicos e Espec\u00edficos.<\/p>\n\n\n\n<p>Enquanto que para o<strong> n\u00edvel superior<\/strong>, ser\u00e3o cobradas 80 quest\u00f5es, tamb\u00e9m divididas entre Conhecimentos Gerais e Espec\u00edficos. Al\u00e9m disso, somente para esses cargos, ser\u00e1 aplicada uma <strong>avalia\u00e7\u00e3o de t\u00edtulos<\/strong>.<\/p>\n\n\n\n<p>E, apenas para Agente de Tr\u00e2nsito, Vistoriador e Examinador, ser\u00e1 ministrado um <strong>curso de forma\u00e7\u00e3o <\/strong>com teste de aptid\u00e3o f\u00edsica (TAF).<\/p>\n\n\n\n<p>\u00c9 importante dizer que os exames ser\u00e3o aplicados nos <strong>munic\u00edpios <\/strong>de Manaus, Parintins e Tabatinga, bem como em Humait\u00e1, Tef\u00e9 e Eirunep\u00e9. <\/p>\n\n\n\n<p>Por fim, a estimativa \u00e9 que o concurso Detran AM recebe<strong> cerca de 30 mil inscritos.<\/strong><\/p>","protected":false},"excerpt":{"rendered":"<p>Aten\u00e7\u00e3o, concurseiros! A banca FGV foi definida como a organizadora do concurso Detran AM e, com isso, foi divulgado tamb\u00e9m o projeto b\u00e1sico. O novo certame ir\u00e1 ofertar 183 vagas para cargos de n\u00edvel m\u00e9dio e superior. Confira: Guia Definitivo \u2013 Como Montar Mapas Mentais (GR\u00c1TIS) A dispensa de licita\u00e7\u00e3o que confirmou a contrata\u00e7\u00e3o da [&hellip;]<\/p>\n","protected":false},"author":54673,"featured_media":137457,"comment_status":"closed","ping_status":"closed","sticky":false,"template":"","format":"standard","meta":{"_acf_changed":false,"footnotes":"","_wp_rev_ctl_limit":""},"categories":[228],"tags":[],"class_list":["post-152563","post","type-post","status-publish","format-standard","has-post-thumbnail","hentry","category-noticias"],"acf":[],"_links":{"self":[{"href":"https:\/\/www.novaconcursos.com.br\/portal\/wp-json\/wp\/v2\/posts\/152563","targetHints":{"allow":["GET"]}}],"collection":[{"href":"https:\/\/www.novaconcursos.com.br\/portal\/wp-json\/wp\/v2\/posts"}],"about":[{"href":"https:\/\/www.novaconcursos.com.br\/portal\/wp-json\/wp\/v2\/types\/post"}],"author":[{"embeddable":true,"href":"https:\/\/www.novaconcursos.com.br\/portal\/wp-json\/wp\/v2\/users\/54673"}],"replies":[{"embeddable":true,"href":"https:\/\/www.novaconcursos.com.br\/portal\/wp-json\/wp\/v2\/comments?post=152563"}],"version-history":[{"count":7,"href":"https:\/\/www.novaconcursos.com.br\/portal\/wp-json\/wp\/v2\/posts\/152563\/revisions"}],"predecessor-version":[{"id":152570,"href":"https:\/\/www.novaconcursos.com.br\/portal\/wp-json\/wp\/v2\/posts\/152563\/revisions\/152570"}],"wp:featuredmedia":[{"embeddable":true,"href":"https:\/\/www.novaconcursos.com.br\/portal\/wp-json\/wp\/v2\/media\/137457"}],"wp:attachment":[{"href":"https:\/\/www.novaconcursos.com.br\/portal\/wp-json\/wp\/v2\/media?parent=152563"}],"wp:term":[{"taxonomy":"category","embeddable":true,"href":"https:\/\/www.novaconcursos.com.br\/portal\/wp-json\/wp\/v2\/categories?post=152563"},{"taxonomy":"post_tag","embeddable":true,"href":"https:\/\/www.novaconcursos.com.br\/portal\/wp-json\/wp\/v2\/tags?post=152563"}],"curies":[{"name":"wp","href":"https:\/\/api.w.org\/{rel}","templated":true}]}}