{"id":153027,"date":"2022-01-18T12:12:33","date_gmt":"2022-01-18T15:12:33","guid":{"rendered":"https:\/\/www.novaconcursos.com.br\/portal\/?p=153027"},"modified":"2022-01-18T16:30:23","modified_gmt":"2022-01-18T19:30:23","slug":"servidores-publicos-paralisam-atividade-pedido-reajuste-salarial","status":"publish","type":"post","link":"https:\/\/www.novaconcursos.com.br\/portal\/noticias\/servidores-publicos-paralisam-atividade-pedido-reajuste-salarial\/","title":{"rendered":"Servidores p\u00fablicos paralisam atividade: pauta \u00e9 um pedido de reajuste salarial!"},"content":{"rendered":"<p>Aten\u00e7\u00e3o concurseiros! Os<strong> servidores p\u00fablicos<\/strong>, incluindo funcion\u00e1rios da Comiss\u00e3o de Valores Mobili\u00e1rios, far\u00e3o <strong>tr\u00eas manifesta\u00e7\u00f5es<\/strong>. E a primeira acontece nesta ter\u00e7a-feira (18). A categoria pede<strong> reajuste salarial de 25%<\/strong> e um novo concurso CVN. Entenda!<\/p>\n\n\n\n<ul class=\"wp-block-list\"><li><strong>Confira:<\/strong> <a href=\"https:\/\/www.novaconcursos.com.br\/eventos\/guia-definitivo-plano-de-estudos-passo-a-passo\/\" target=\"_blank\" rel=\"noreferrer noopener\" aria-label=\"Guia Definitivo Plano de Estudos (Gr\u00e1tis) (abre numa nova aba)\">Guia Definitivo Plano de Estudos (Gr\u00e1tis)<\/a><\/li><\/ul><p><\/p>\n\n\n\n<h2 class=\"wp-block-heading\" id=\"servidores-pblicos-faro-primeira-manifestao-hoje-mas-por-que\">Servidores P\u00fablicos far\u00e3o primeira manifesta\u00e7\u00e3o hoje. Mas, por que?<\/h2>\n\n\n\n<p>A primeira de <strong>tr\u00eas manifesta\u00e7\u00f5es dos servidores p\u00fablicos <\/strong>de mais de 20 categorias acontece nesta ter\u00e7a-feira (18), ap\u00f3s o presidente prometer verbas para corrigir os vencimentos dos policiais. <\/p>\n\n\n\n<p>Portanto, entre as pautas est\u00e1 o pedido de<strong> reajuste salarial de 25%<\/strong> e a cobran\u00e7a por um novo\u00a0<a href=\"https:\/\/www.novaconcursos.com.br\/portal\/concursos-previstos\/nacional\">concurso <\/a>CVM. <\/p>\n\n\n\n<p>Al\u00e9m disso, a manifesta\u00e7\u00e3o inclui os <strong>funcion\u00e1rios da Comiss\u00e3o de Valores Mobili\u00e1rios<\/strong>. A expectativa dos l\u00edderes sindicais \u00e9 que o movimento ser\u00e1 o maior desde 2015. <\/p>\n\n\n\n<p>Assim, as manifesta\u00e7\u00f5es est\u00e3o previstas para in\u00edcio \u00e0s 10h, em frente ao <strong>Banco Central<\/strong>, e continuar at\u00e9 \u00e0s 14h, em frente ao <strong>Minist\u00e9rio da Economia.<\/strong><\/p>\n\n\n\n<p>Nas capitais, os protestos devem ocorrer de acordo com a mobiliza\u00e7\u00e3o local das entidades. Al\u00e9m disso, outras <strong>manifesta\u00e7\u00f5es s\u00e3o esperadas para os dias 25 e 26 <\/strong>de janeiro.<\/p>\n\n\n\n<p>De acordo com o presidente do SindCVM, Hertz Viana Leal, que representa os servidores do \u00f3rg\u00e3o, <strong>n\u00e3o h\u00e1 paralisa\u00e7\u00e3o marcada<\/strong>, ao menos por enquanto. <\/p>\n\n\n\n<h3 class=\"wp-block-heading\">Greve nacional?<\/h3>\n\n\n\n<p>Al\u00e9m disso, a <strong>entidade aconselha aos servidores<\/strong> que estiverem em Bras\u00edlia a participarem do ato desta ter\u00e7a, pois a maioria fica no Rio de Janeiro.<\/p>\n\n\n\n<p>O presidente ainda afirmou, em bom tom, que o sindicato n\u00e3o ir\u00e1 aceitar \u201cdiscrimina\u00e7\u00e3o\u201d e que <strong>planeja aderir \u00e0 greve nacional <\/strong>caso n\u00e3o haja solu\u00e7\u00e3o.<\/p>\n\n\n\n<p><em>\u201cInaceit\u00e1vel. Assim entendemos a decis\u00e3o do governo federal e a subsequente aprova\u00e7\u00e3o pelo Congresso de incluir no or\u00e7amento de 2022 reajuste apenas para as for\u00e7as de seguran\u00e7a, em absoluto desrespeito aos demais servidores\u201d<\/em>, diz o SindCVM, em nota.<\/p>\n\n\n\n<p>E, caso a greve aconte\u00e7a, poderia <strong>prejudicar negocia\u00e7\u00f5es,<\/strong> impedir investimentos e derrubar a bolsa de valores brasileira. A informa\u00e7\u00e3o \u00e9 do pr\u00f3prio sindicato.<\/p>\n\n\n\n<p><em>\u201cArgumentamos sobre o crescimento do mercado de capital, especificidades que trabalhamos, enfrentamento que precisamos ter. N\u00f3s fiscalizamos um mercado grande, de grandes empresas, que requer servidores bem pagos. Como vamos fiscalizar o setor financeiro se n\u00e3o tivermos capacidade de recrutar, fazer concurso p\u00fablico?\u201d<\/em>, disse\u00a0Hertz\u00a0Leal. <\/p>\n\n\n\n<h3 class=\"wp-block-heading\">Convoca\u00e7\u00e3o<\/h3>\n\n\n\n<p>Inicialmente, a paralisa\u00e7\u00e3o foi convocada pelo <strong>F\u00f3rum Nacional Permanente <\/strong>de Carreiras T\u00edpicas de Estado (Fonacate). <\/p>\n\n\n\n<p>Entretanto, na \u00faltima sexta-feira (14), o F\u00f3rum das Entidades Nacionais dos\u00a0<strong>Servidores P\u00fablicos<\/strong>\u00a0Federais (Fonasefe) se uniu ao movimento.<\/p>\n\n\n\n<p>O presidente da Fonacate, Rudinei Marques, explicou que o movimento \u00e9 decisivo pela luta de uma <strong>melhoria salarial<\/strong> da classe. <\/p>\n\n\n\n<p><em>\u201cDepois, a mobiliza\u00e7\u00e3o prossegue para que n\u00f3s tenhamos uma primeira proposta de recomposi\u00e7\u00e3o. Se isso n\u00e3o ocorrer at\u00e9 a primeira semana de fevereiro, vamos avaliar a possibilidade de uma greve geral do servi\u00e7o p\u00fablico\u201d,<\/em> declarou Marques.<\/p>\n\n\n\n<h2 class=\"wp-block-heading\" id=\"servidores-pblicos-presidente-falou-sobre-o-concurso-cvm\">Servidores p\u00fablicos: <strong>Presidente falou sobre o concurso CVM<\/strong><\/h2>\n\n\n\n<p>O presidente da\u00a0Comiss\u00e3o de Valores Mobili\u00e1rios,\u00a0Marcelo Barbosa, vem destacando a <strong>necessidade <\/strong>de um novo\u00a0<a href=\"https:\/\/www.novaconcursos.com.br\/portal\/concursos-abertos\/nacional\">concurso <\/a>CVM h\u00e1 tempos.<\/p>\n\n\n\n<p>Em dezembro de 2021, ele deu uma entrevista e explicou que j\u00e1 <strong>s\u00e3o 10 anos sem concursos<\/strong>, o que precisa expandir a for\u00e7a de trabalho para um novo edital.<\/p>\n\n\n\n<p><em>\u201cO mercado \u00e9 outro, o n\u00famero de regulados \u00e9 outro. Entendemos quest\u00f5es fiscais e o nosso papel \u00e9 destacar a necessidade fundamental disso ser feito\u201d<\/em>, disse ele.<\/p>\n\n\n\n<p>Al\u00e9m disso, a Comiss\u00e3o chegou a enviar um <strong>pedido ao Minist\u00e9rio da Economia,<\/strong> em 2021, que n\u00e3o recebeu autoriza\u00e7\u00e3o.<\/p>\n\n\n\n<p>Foram solicitadas <strong>121 vagas<\/strong>, sendo 49 para <strong>Agente Executivo<\/strong> (n\u00edvel m\u00e9dio), 24 de <strong>Inspetor <\/strong>(n\u00edvel superior em qualquer \u00e1rea) e 48 para <strong>Analista <\/strong>(n\u00edvel superior em \u00e1reas espec\u00edficas).<\/p>\n\n\n\n<p>Ademais, em rela\u00e7\u00e3o aos sal\u00e1rios, inicialmente s\u00e3o de <strong>R$ 7.647,98, <\/strong>j\u00e1 com o aux\u00edlio-alimenta\u00e7\u00e3o de <strong>R$458<\/strong>, para Agente; e <strong>R$ 19.655,06<\/strong>, tamb\u00e9m j\u00e1 incluindo o aux\u00edlio-alimenta\u00e7\u00e3o, para Inspetor e Analista. <\/p>","protected":false},"excerpt":{"rendered":"<p>Aten\u00e7\u00e3o concurseiros! Os servidores p\u00fablicos, incluindo funcion\u00e1rios da Comiss\u00e3o de Valores Mobili\u00e1rios, far\u00e3o tr\u00eas manifesta\u00e7\u00f5es. E a primeira acontece nesta ter\u00e7a-feira (18). A categoria pede reajuste salarial de 25% e um novo concurso CVN. Entenda! Confira: Guia Definitivo Plano de Estudos (Gr\u00e1tis) Servidores P\u00fablicos far\u00e3o primeira manifesta\u00e7\u00e3o hoje. Mas, por que? A primeira de tr\u00eas [&hellip;]<\/p>\n","protected":false},"author":54671,"featured_media":153070,"comment_status":"closed","ping_status":"closed","sticky":false,"template":"","format":"standard","meta":{"_acf_changed":false,"footnotes":"","_wp_rev_ctl_limit":""},"categories":[228],"tags":[],"class_list":["post-153027","post","type-post","status-publish","format-standard","has-post-thumbnail","hentry","category-noticias"],"acf":[],"_links":{"self":[{"href":"https:\/\/www.novaconcursos.com.br\/portal\/wp-json\/wp\/v2\/posts\/153027","targetHints":{"allow":["GET"]}}],"collection":[{"href":"https:\/\/www.novaconcursos.com.br\/portal\/wp-json\/wp\/v2\/posts"}],"about":[{"href":"https:\/\/www.novaconcursos.com.br\/portal\/wp-json\/wp\/v2\/types\/post"}],"author":[{"embeddable":true,"href":"https:\/\/www.novaconcursos.com.br\/portal\/wp-json\/wp\/v2\/users\/54671"}],"replies":[{"embeddable":true,"href":"https:\/\/www.novaconcursos.com.br\/portal\/wp-json\/wp\/v2\/comments?post=153027"}],"version-history":[{"count":6,"href":"https:\/\/www.novaconcursos.com.br\/portal\/wp-json\/wp\/v2\/posts\/153027\/revisions"}],"predecessor-version":[{"id":153066,"href":"https:\/\/www.novaconcursos.com.br\/portal\/wp-json\/wp\/v2\/posts\/153027\/revisions\/153066"}],"wp:featuredmedia":[{"embeddable":true,"href":"https:\/\/www.novaconcursos.com.br\/portal\/wp-json\/wp\/v2\/media\/153070"}],"wp:attachment":[{"href":"https:\/\/www.novaconcursos.com.br\/portal\/wp-json\/wp\/v2\/media?parent=153027"}],"wp:term":[{"taxonomy":"category","embeddable":true,"href":"https:\/\/www.novaconcursos.com.br\/portal\/wp-json\/wp\/v2\/categories?post=153027"},{"taxonomy":"post_tag","embeddable":true,"href":"https:\/\/www.novaconcursos.com.br\/portal\/wp-json\/wp\/v2\/tags?post=153027"}],"curies":[{"name":"wp","href":"https:\/\/api.w.org\/{rel}","templated":true}]}}