{"id":153092,"date":"2022-01-19T08:20:45","date_gmt":"2022-01-19T11:20:45","guid":{"rendered":"https:\/\/www.novaconcursos.com.br\/portal\/?p=153092"},"modified":"2022-01-19T08:33:27","modified_gmt":"2022-01-19T11:33:27","slug":"concurso-metrofor-edital-proximos-dias","status":"publish","type":"post","link":"https:\/\/www.novaconcursos.com.br\/portal\/noticias\/concurso-metrofor-edital-proximos-dias\/","title":{"rendered":"Concurso Metrofor: Edital nos pr\u00f3ximos dias. 150 vagas previstas!"},"content":{"rendered":"<p>Atualiza\u00e7\u00f5es sobre o <a href=\"https:\/\/www.novaconcursos.com.br\/portal\/concursos\/concurso-metrofor-ce\/\">concurso Metrofor<\/a>! Ap\u00f3s reuni\u00e3o realizada no \u00faltimo dia 14, o edital da sele\u00e7\u00e3o pode ser publicado <strong>j\u00e1 nos pr\u00f3ximos dias<\/strong>. Al\u00e9m disso, s\u00e3o previstas <strong>150 vagas<\/strong> mais cadastro reserva.<\/p>\n\n\n\n<ul class=\"wp-block-list\"><li><strong>Confira: <\/strong><a href=\"https:\/\/www.novaconcursos.com.br\/eventos\/guia-definitivo-como-montar-um-mapa-mental\/\" target=\"_blank\" rel=\"noreferrer noopener\" aria-label=\" (abre numa nova aba)\">Como montar um mapa mental \u2013 Gr\u00e1tis<\/a><\/li><\/ul><p><\/p>\n\n\n\n<p>Na \u00faltima sexta-feira, <strong>14 de janeiro<\/strong>, foi realizada uma reuni\u00e3o entre a Seplag e os representantes da Companhia Cearense de Transportes Metropolitanos para a defini\u00e7\u00e3o de alguns detalhes acerca do concurso Metrofor. Dessa forma, o edital pode sair <strong>muito em breve!<\/strong><\/p>\n\n\n\n<p>Al\u00e9m disso, a <strong>banca organizadora<\/strong> do certame tamb\u00e9m foi recentemente definida, sendo escolhida a <a rel=\"noreferrer noopener\" aria-label=\"Funece (abre numa nova aba)\" href=\"https:\/\/www.ceara.gov.br\/organograma\/funece\/\" target=\"_blank\">Funece<\/a> (Funda\u00e7\u00e3o Universidade Estadual do Cear\u00e1). Sendo assim, o documento de abertura depende apenas da <strong>contrata\u00e7\u00e3o da funda\u00e7\u00e3o.<\/strong><\/p>\n\n\n\n<p>Estude para o concurso dos seus sonhos com a <a href=\"https:\/\/aprovacao.novaconcursos.com.br\/assinatura\" target=\"_blank\" rel=\"noreferrer noopener\" aria-label=\"Assinatura Completa da Nova (abre numa nova aba)\">Assinatura Completa da Nova<\/a>. Tenha acesso a <strong>Cursos, Plataforma de Quest\u00f5es, Eventos Exclusivos<\/strong> para Assinantes e Muito Mais!<\/p>\n\n\n\n<h2 class=\"wp-block-heading\" id=\"concurso-metrofor-panorama-geral\"><strong>Concurso Metrofor: panorama geral<\/strong><\/h2>\n\n\n\n<p>Portanto, no \u00faltimo dia 14 foram alinhados os <strong>\u00faltimos detalhes<\/strong> acerca do concurso Metrofor. Nesse sentido, compareceram \u00e0 reuni\u00e3o o secret\u00e1rio Planejamento e Gest\u00e3o, Ronaldo Borges e o presidente do Metrofor, Igor Pontes. <\/p>\n\n\n\n<p>Al\u00e9m disso, tamb\u00e9m participaram do encontro <strong>outros representantes<\/strong>, tais como o coordenador da Coordenadoria de Gest\u00e3o (Cogep) da Seplag, Bruno Alexandre Braga, e a orientadora da C\u00e9lula de Provimento de Pessoas (Cprov), Camila Machado. <\/p>\n\n\n\n<p><em>\u201cO concurso p\u00fablico do\nMetrofor adaptar\u00e1 o quadro de recursos humanos da empresa \u00e0s novas necessidades\noperacionais trazidas pelos avan\u00e7os no funcionamento do sistema e pelos\ninvestimentos no transporte sobre trilhos. Nos pr\u00f3ximos anos, o sistema\nmetrovi\u00e1rio ganhar\u00e1 8 novas esta\u00e7\u00f5es e novos 9,2 quil\u00f4metros de trilhos, al\u00e9m\nde integra\u00e7\u00f5es com outros modais de transporte. Tais mudan\u00e7as dever\u00e3o ampliar,\nsignificativamente, a demanda de passageiros, em todas as linhas.\u201d<\/em><\/p>\n\n\n\n<p>\u00c9 igualmente importante destacar que todos os detalhes acerca do <a href=\"https:\/\/www.novaconcursos.com.br\/portal\/concursos-previstos\/ce\/\">concurso p\u00fablico<\/a> ser\u00e3o conhecidos <strong>apenas com a publica\u00e7\u00e3o do edital,<\/strong> de forma que informa\u00e7\u00f5es como quantitativo de vagas, cargos ofertados e sal\u00e1rios ainda <strong>n\u00e3o foram revelados.<\/strong><\/p>\n\n\n\n<p>Entretanto, o que se prev\u00ea \u00e9 que a sele\u00e7\u00e3o oferte <strong>150 oportunidades <\/strong>imediatas. Al\u00e9m disso, a dispensa de licita\u00e7\u00e3o publicada no dia 11 de janeiro, quando foi informada a banca organizadora escolhida, tamb\u00e9m prev\u00ea vagas para a <strong>forma\u00e7\u00e3o de cadastro reserva.<\/strong><\/p>\n\n\n\n<h2 class=\"wp-block-heading\" id=\"ltimo-concurso-metrofor\"><strong>\u00daltimo concurso Metrofor<\/strong><\/h2>\n\n\n\n<p>Sendo assim, enquanto maiores informa\u00e7\u00f5es acerca do novo <a href=\"https:\/\/www.novaconcursos.com.br\/portal\/concursos-abertos\/ce\/\">concurso<\/a> Metrofor n\u00e3o s\u00e3o conhecidos, os concurseiros podem se basear em <strong>antigos editais<\/strong> publicados. <\/p>\n\n\n\n<p>Nesse sentido, o \u00faltimo concurso do Metr\u00f4 de Fortaleza foi realizado <strong>em 2016,<\/strong> quando foram ofertadas <strong>148 oportunidades de n\u00edvel m\u00e9dio<\/strong>. Ademais, as vagas foram distribu\u00eddas entre os seguintes cargos:<\/p>\n\n\n\n<ul class=\"wp-block-list\"><li>Assistente Condutor: 52 vagas<\/li><li>Assistente Controlador de Movimento: 13 vagas<\/li><li>Agente de Esta\u00e7\u00e3o: 67 vagas<\/li><li>Assistente Operacional \u2013 Administrativo: 08 vagas<\/li><li>Auxiliar Operacional \u2013 Manobrador: 06 vagas<\/li><li>Assistente T\u00e9cnico \u2013 T\u00e9cnico em Seguran\u00e7a do Trabalho: 02 vagas<\/li><\/ul><p><\/p>\n\n\n\n<p>Al\u00e9m disso, os aprovados da \u00e9poca contavam com <strong>remunera\u00e7\u00f5es<\/strong> que variavam entre <strong>R$ 943,38 e R$1.388,25<\/strong>, al\u00e9m de benef\u00edcios. <\/p>\n\n\n\n<p>Ademais, durante a sele\u00e7\u00e3o os inscritos foram <strong>avaliados por meio de<\/strong> provas objetivas, prova de t\u00edtulos, avalia\u00e7\u00e3o m\u00e9dica, avalia\u00e7\u00e3o psicol\u00f3gica e\u00a0 treinamento profissional.<\/p>\n\n\n\n<figure class=\"wp-block-image size-large\"><a href=\"https:\/\/aprovacao.novaconcursos.com.br\/assinatura\" target=\"_blank\" rel=\"noreferrer noopener\"><img decoding=\"async\" src=\"https:\/\/www.novaconcursos.com.br\/portal\/wp-content\/uploads\/2022\/01\/Faixa-Frete-Gr%E2%80%A0tis-portal.png\" alt=\"\" class=\"wp-image-153078\" loading=\"lazy\" title=\"\"><\/a><figcaption><\/figcaption><\/figure>","protected":false},"excerpt":{"rendered":"<p>Atualiza\u00e7\u00f5es sobre o concurso Metrofor! Ap\u00f3s reuni\u00e3o realizada no \u00faltimo dia 14, o edital da sele\u00e7\u00e3o pode ser publicado j\u00e1 nos pr\u00f3ximos dias. Al\u00e9m disso, s\u00e3o previstas 150 vagas mais cadastro reserva. Confira: Como montar um mapa mental \u2013 Gr\u00e1tis Na \u00faltima sexta-feira, 14 de janeiro, foi realizada uma reuni\u00e3o entre a Seplag e os [&hellip;]<\/p>\n","protected":false},"author":54674,"featured_media":152286,"comment_status":"closed","ping_status":"closed","sticky":false,"template":"","format":"standard","meta":{"_acf_changed":false,"footnotes":"","_wp_rev_ctl_limit":""},"categories":[228],"tags":[],"class_list":["post-153092","post","type-post","status-publish","format-standard","has-post-thumbnail","hentry","category-noticias"],"acf":[],"_links":{"self":[{"href":"https:\/\/www.novaconcursos.com.br\/portal\/wp-json\/wp\/v2\/posts\/153092","targetHints":{"allow":["GET"]}}],"collection":[{"href":"https:\/\/www.novaconcursos.com.br\/portal\/wp-json\/wp\/v2\/posts"}],"about":[{"href":"https:\/\/www.novaconcursos.com.br\/portal\/wp-json\/wp\/v2\/types\/post"}],"author":[{"embeddable":true,"href":"https:\/\/www.novaconcursos.com.br\/portal\/wp-json\/wp\/v2\/users\/54674"}],"replies":[{"embeddable":true,"href":"https:\/\/www.novaconcursos.com.br\/portal\/wp-json\/wp\/v2\/comments?post=153092"}],"version-history":[{"count":10,"href":"https:\/\/www.novaconcursos.com.br\/portal\/wp-json\/wp\/v2\/posts\/153092\/revisions"}],"predecessor-version":[{"id":153103,"href":"https:\/\/www.novaconcursos.com.br\/portal\/wp-json\/wp\/v2\/posts\/153092\/revisions\/153103"}],"wp:featuredmedia":[{"embeddable":true,"href":"https:\/\/www.novaconcursos.com.br\/portal\/wp-json\/wp\/v2\/media\/152286"}],"wp:attachment":[{"href":"https:\/\/www.novaconcursos.com.br\/portal\/wp-json\/wp\/v2\/media?parent=153092"}],"wp:term":[{"taxonomy":"category","embeddable":true,"href":"https:\/\/www.novaconcursos.com.br\/portal\/wp-json\/wp\/v2\/categories?post=153092"},{"taxonomy":"post_tag","embeddable":true,"href":"https:\/\/www.novaconcursos.com.br\/portal\/wp-json\/wp\/v2\/tags?post=153092"}],"curies":[{"name":"wp","href":"https:\/\/api.w.org\/{rel}","templated":true}]}}