{"id":153225,"date":"2022-01-21T09:43:13","date_gmt":"2022-01-21T12:43:13","guid":{"rendered":"https:\/\/www.novaconcursos.com.br\/portal\/?p=153225"},"modified":"2022-01-21T09:43:17","modified_gmt":"2022-01-21T12:43:17","slug":"bolsonaro-reajuste-salarial-policiais-suspenso","status":"publish","type":"post","link":"https:\/\/www.novaconcursos.com.br\/portal\/noticias\/bolsonaro-reajuste-salarial-policiais-suspenso\/","title":{"rendered":"Bolsonaro diz que reajuste salarial a policiais est\u00e1 suspenso!"},"content":{"rendered":"<p>O presidente da Rep\u00fablica,<strong> Jair Bolsonaro<\/strong>, anunciou que n\u00e3o haver\u00e1 reajuste salarial para policiais federais<strong> em 2022<\/strong> e que pode acontecer somente no <strong>Or\u00e7amento de 2023<\/strong>. Entenda!<\/p>\n\n\n\n<ul class=\"wp-block-list\"><li><strong>Confira:<\/strong> <a href=\"https:\/\/www.novaconcursos.com.br\/eventos\/guia-definitivo-como-montar-um-mapa-mental\/\" target=\"_blank\" rel=\"noreferrer noopener\" aria-label=\" (abre numa nova aba)\">Como montar um mapa mental \u2013 Gr\u00e1tis<\/a> <\/li><\/ul><p><\/p>\n\n\n\n<p>Estude para o concurso dos seus sonhos com a\u00a0<a href=\"https:\/\/www.novaconcursos.com.br\/eventos\/assinatura\" target=\"_blank\" rel=\"noreferrer noopener\" aria-label=\" (abre numa nova aba)\">Assinatura Completa da Nova<\/a>\u00a0. Tenha acesso a Cursos, Plataforma de Quest\u00f5es, Eventos Exclusivos para Assinantes e Muito Mais!<\/p>\n\n\n\n<h2 class=\"wp-block-heading\" id=\"concursos-pblicos-no-haver-reajuste-para-policiais\">Concursos P\u00fablicos: n\u00e3o haver\u00e1 reajuste para policiais<\/h2>\n\n\n\n<p>\/Nesta quarta-feira (19) o presidente <strong>Jair Bolsonaro anunciou <\/strong>que n\u00e3o haver\u00e1 reajuste salarial para policiais federais neste <a href=\"https:\/\/www.novaconcursos.com.br\/portal\/concursos-previstos\/nacional\">ano de 2022<\/a>.<\/p>\n\n\n\n<p>Assim, de acordo com o presidente da Rep\u00fablica, os servidores, atualmente com os sal\u00e1rios congelados, podem ganhar reajuste no <strong>Or\u00e7amento de 2023.<\/strong><\/p>\n\n\n\n<p><em>\u201cH\u00e1 uma grita de maneira geral, porque a inten\u00e7\u00e3o geral foi essa, sim, reservar um reajuste para os policiais federais, os policiais rodovi\u00e1rios federais e o Depen, o Departamento Penintenci\u00e1rio, mas isso a\u00ed est\u00e1 suspenso. Estamos aguardando o desenlace das a\u00e7\u00f5es\u201d<\/em>, disse o presidente.<\/p>\n\n\n\n<p>O or\u00e7amento de 2022 foi aprovado em 2021 pelo Congresso e teve a inclus\u00e3o  de uma reserva de recursos na ordem de <strong>R$ 2 bilh\u00f5es <\/strong>para aumento a servidores. Portanto, isso foi inclu\u00eddo no texto final. <\/p>\n\n\n\n<p>Vale destacar, entretanto, que a <strong>verba n\u00e3o \u00e9 carimbada<\/strong> a nenhuma categoria em espec\u00edfico.<\/p>\n\n\n\n<p>No entanto, a <strong>promessa pessoal de Bolsonaro<\/strong> de destin\u00e1-lo a reajustes para as pol\u00edcias federais sempre foi dita em p\u00fablico e espalhada. <\/p>\n\n\n\n<p>Inclusive, esse reajuste seletivo acabou gerando <strong>uma\u00a0s\u00e9rie de protestos<\/strong> de outras categorias por corre\u00e7\u00e3o de seus sal\u00e1rios tamb\u00e9m.<\/p>\n\n\n\n<h3 class=\"wp-block-heading\">Vota\u00e7\u00e3o <\/h3>\n\n\n\n<p>E o prazo est\u00e1 terminando. O presidente tem at\u00e9 a sexta-feira (21) para sancionar o <strong>Or\u00e7amento aprovado pelo Congresso<\/strong>, podendo ou n\u00e3o vetar trechos.<\/p>\n\n\n\n<p><em>\u201cA gente pode fazer justi\u00e7a com tr\u00eas categorias; n\u00e3o vai fazer justi\u00e7a com as demais, sei disso. Mas fica a aquela velha pergunta a todos: vamos salvar tr\u00eas categorias ou vai todo mundo sofrer no corrente ano?\u201d,<\/em> acrescentou Bolsonaro.<\/p>\n\n\n\n<p><em>\u201cO que eu n\u00e3o quero \u00e9 que a gente passe por cometer Injusti\u00e7a perante o servidor publico. Reconhecemos o trabalho do servidor, reconhecemos a defasagem (\u2026). Reconhe\u00e7o trabalho dos servidores, que eles merecem um reajuste. N\u00e3o tenho folga no Or\u00e7amento para o corrente ano [2022]. Conversei com o pessoal sobre o Or\u00e7amento do ano que vem [2023], sei que \u00e9 bastante longe, mas, por ocasi\u00e3o da feitura do mesmo, obviamente que os servidores ser\u00e3o contemplados com o reajuste merecido\u201d<\/em>, completou o presidente. <\/p>\n\n\n\n<p>Ademais, o<strong> Or\u00e7amento anual <\/strong>deve sempre ser apresentado pelo presidente e a equipe econ\u00f4mica at\u00e9 <strong>agosto <\/strong>do ano anterior.<\/p>\n\n\n\n<p>Assim, caso isso aconte\u00e7a, ent\u00e3o possa ser <strong>debatido no Congresso<\/strong>, onde ainda pode sofrer altera\u00e7\u00f5es. <\/p>\n\n\n\n<p>Com isso, sem <strong>reajuste salarial <\/strong>anunciado, <a href=\"https:\/\/www.novaconcursos.com.br\/portal\/concursos-abertos\/nacional\">concursos p\u00fablicos<\/a> n\u00e3o ter\u00e3o altera\u00e7\u00e3o de sal\u00e1rios. <\/p>\n\n\n\n<figure class=\"wp-block-image size-large\"><a href=\"https:\/\/www.novaconcursos.com.br\/eventos\/assinatura\" target=\"_blank\" rel=\"noreferrer noopener\"><img decoding=\"async\" src=\"https:\/\/www.novaconcursos.com.br\/portal\/wp-content\/uploads\/2022\/01\/Faixa-Frete-Gr%E2%80%A0tis-portal.png\" alt=\"\" class=\"wp-image-153078\" loading=\"lazy\" title=\"\"><\/a><figcaption><\/figcaption><\/figure>","protected":false},"excerpt":{"rendered":"<p>O presidente da Rep\u00fablica, Jair Bolsonaro, anunciou que n\u00e3o haver\u00e1 reajuste salarial para policiais federais em 2022 e que pode acontecer somente no Or\u00e7amento de 2023. Entenda! Confira: Como montar um mapa mental \u2013 Gr\u00e1tis Estude para o concurso dos seus sonhos com a\u00a0Assinatura Completa da Nova\u00a0. Tenha acesso a Cursos, Plataforma de Quest\u00f5es, Eventos [&hellip;]<\/p>\n","protected":false},"author":54671,"featured_media":151988,"comment_status":"closed","ping_status":"closed","sticky":false,"template":"","format":"standard","meta":{"_acf_changed":false,"footnotes":"","_wp_rev_ctl_limit":""},"categories":[228],"tags":[],"class_list":["post-153225","post","type-post","status-publish","format-standard","has-post-thumbnail","hentry","category-noticias"],"acf":[],"_links":{"self":[{"href":"https:\/\/www.novaconcursos.com.br\/portal\/wp-json\/wp\/v2\/posts\/153225","targetHints":{"allow":["GET"]}}],"collection":[{"href":"https:\/\/www.novaconcursos.com.br\/portal\/wp-json\/wp\/v2\/posts"}],"about":[{"href":"https:\/\/www.novaconcursos.com.br\/portal\/wp-json\/wp\/v2\/types\/post"}],"author":[{"embeddable":true,"href":"https:\/\/www.novaconcursos.com.br\/portal\/wp-json\/wp\/v2\/users\/54671"}],"replies":[{"embeddable":true,"href":"https:\/\/www.novaconcursos.com.br\/portal\/wp-json\/wp\/v2\/comments?post=153225"}],"version-history":[{"count":4,"href":"https:\/\/www.novaconcursos.com.br\/portal\/wp-json\/wp\/v2\/posts\/153225\/revisions"}],"predecessor-version":[{"id":153291,"href":"https:\/\/www.novaconcursos.com.br\/portal\/wp-json\/wp\/v2\/posts\/153225\/revisions\/153291"}],"wp:featuredmedia":[{"embeddable":true,"href":"https:\/\/www.novaconcursos.com.br\/portal\/wp-json\/wp\/v2\/media\/151988"}],"wp:attachment":[{"href":"https:\/\/www.novaconcursos.com.br\/portal\/wp-json\/wp\/v2\/media?parent=153225"}],"wp:term":[{"taxonomy":"category","embeddable":true,"href":"https:\/\/www.novaconcursos.com.br\/portal\/wp-json\/wp\/v2\/categories?post=153225"},{"taxonomy":"post_tag","embeddable":true,"href":"https:\/\/www.novaconcursos.com.br\/portal\/wp-json\/wp\/v2\/tags?post=153225"}],"curies":[{"name":"wp","href":"https:\/\/api.w.org\/{rel}","templated":true}]}}