{"id":153389,"date":"2022-01-21T15:23:28","date_gmt":"2022-01-21T18:23:28","guid":{"rendered":"https:\/\/www.novaconcursos.com.br\/portal\/?p=153389"},"modified":"2022-01-21T15:23:32","modified_gmt":"2022-01-21T18:23:32","slug":"concurso-anatel-solicita-edital-346-vagas","status":"publish","type":"post","link":"https:\/\/www.novaconcursos.com.br\/portal\/noticias\/concurso-anatel-solicita-edital-346-vagas\/","title":{"rendered":"Concurso Anatel: \u00d3rg\u00e3o solicita novo edital. Pedido \u00e9 de 346 vagas!"},"content":{"rendered":"<p>Aten\u00e7\u00e3o, concurseiros! Um novo <a href=\"https:\/\/www.novaconcursos.com.br\/portal\/concursos\/concurso-anatel\/\">concurso Anatel<\/a> foi <strong>requisitado <\/strong>ao Minist\u00e9rio da Economia. De acordo com o of\u00edcio enviado, o pedido foi para o preenchimento de <strong>346 vagas<\/strong>. Saiba mais!<\/p>\n\n\n\n<ul class=\"wp-block-list\"><li><strong>Confira<\/strong>: <a href=\"https:\/\/www.novaconcursos.com.br\/eventos\/guia-definitivo-plano-de-estudos-passo-a-passo\/\" target=\"_blank\" rel=\"noreferrer noopener\" aria-label=\"Guia Definitivo - Plano de Estudos Passo a Passo (GR\u00c1TIS) (abre numa nova aba)\">Guia Definitivo \u2013 Plano de Estudos Passo a Passo (GR\u00c1TIS)<\/a><\/li><\/ul><p><\/p>\n\n\n\n<p>Ainda no of\u00edcio, o representante da Ag\u00eancia <a href=\"https:\/\/www.novaconcursos.com.br\/portal\/concursos-abertos\/nacional\/\">Nacional <\/a>de Telecomunica\u00e7\u00f5es (Anatel) justificou que, <strong>desde que a Anatel foi criada<\/strong>, em 2005, o quadro de funcion\u00e1rios nunca alcan\u00e7ou sua totalidade.<\/p>\n\n\n\n<p>Al\u00e9m disso, a Ag\u00eancia afirma que \u00e9 necess\u00e1ria a recomposi\u00e7\u00e3o para suportar <strong>demandas <\/strong>de uma sociedade cada vez mais inserida no setor de telecomunica\u00e7\u00f5es.<\/p>\n\n\n\n<p>O documento tamb\u00e9m aponta que, atualmente, a <strong>Anatel sofre como um deficit de 352 funcion\u00e1rios<\/strong>, ou seja, 20% da quantidade total de funcion\u00e1rios.<\/p>\n\n\n\n<p><strong>Saiba mais<\/strong> sobre o pedido!<\/p>\n\n\n\n<p>Estude para o concurso dos seus sonhos com a <a href=\"https:\/\/aprovacao.novaconcursos.com.br\/assinatura\" target=\"_blank\" rel=\"noreferrer noopener\" aria-label=\"Assinatura Completa da Nova (abre numa nova aba)\">Assinatura Completa da Nova<\/a>. Tenha acesso a Cursos, Plataforma de Quest\u00f5es, Eventos Exclusivos para Assinantes e Muito Mais!<\/p>\n\n\n\n<h2 class=\"wp-block-heading\" id=\"quais-cargos-podem-ser-ofertados-no-concurso-anatel-\">Quais cargos podem ser ofertados no concurso Anatel? <\/h2>\n\n\n\n<p>Como mencionado, a Anatel sofre bastante com a <strong>falta de funcion\u00e1rios<\/strong>, especialmente em alguns cargos. Dessa forma, a previs\u00e3o \u00e9 de que as vagas no pr\u00f3ximo edital sejam ofertadas para essas carreiras espec\u00edficas.<\/p>\n\n\n\n<p>Portanto, de acordo com <strong>estimativas<\/strong>, as oportunidades ser\u00e3o para:<\/p>\n\n\n\n<ul class=\"wp-block-list\"><li><strong>Analista Administrativo<\/strong>: 46 vagas;<\/li><li><strong>Especialista em Regula\u00e7\u00e3o de Servi\u00e7os P\u00fablicos de Telecomunica\u00e7\u00f5es<\/strong>: 109 vagas;<\/li><li><strong>T\u00e9cnico Administrativo<\/strong>: 102 vagas; e<\/li><li><strong>T\u00e9cnico em Regula\u00e7\u00e3o de Servi\u00e7os P\u00fablicos<\/strong>: 89 vagas.<\/li><\/ul><p><\/p>\n\n\n\n<p>Ao contabilizar todas as vagas, a Ag\u00eancia <a href=\"https:\/\/www.novaconcursos.com.br\/portal\/concursos-previstos\/nacional\/\">Nacional <\/a>de Telecomunica\u00e7\u00f5es ofertar\u00e1 <strong>346 cargos<\/strong>.<\/p>\n\n\n\n<p>Vale mencionar que o pedido de concurso n\u00e3o se direcionou apenas para a Anatel, mas tamb\u00e9m para a <strong>Infraero<\/strong>. Essa solicita\u00e7\u00e3o foi feita a fim de <strong>reduzir os impactos<\/strong> que a lacuna no quadro de pessoal causa.<\/p>\n\n\n\n<h2 class=\"wp-block-heading\" id=\"como-foi-a-ltima-seleo-da-anatel-\">Como foi a \u00faltima sele\u00e7\u00e3o da Anatel? <\/h2>\n\n\n\n<p>O \u00faltimo concurso da Anatel aconteceu em <strong>2014 <\/strong>e contou com a oferta de <strong>100 vagas<\/strong> para cargos de n\u00edvel m\u00e9dio e superior.<\/p>\n\n\n\n<p>Para o <strong>n\u00edvel m\u00e9dio<\/strong>, foram ofertadas oportunidades para o <strong>cargo <\/strong>de T\u00e9cnico Administrativo nas \u00e1reas Administrativas e de Comunica\u00e7\u00e3o, al\u00e9m de ter aberto vagas para T\u00e9cnico em Regula\u00e7\u00e3o de Servi\u00e7os P\u00fablicos tamb\u00e9m<\/p>\n\n\n\n<p>Enquanto isso, para o <strong>n\u00edvel superior<\/strong>, as vagas foram para:<\/p>\n\n\n\n<ul class=\"wp-block-list\"><li><strong>Analista Administrativo<\/strong>, nas especialidades de: Administra\u00e7\u00e3o, Arquitetura de Solu\u00e7\u00f5es de Tecnologia da Informa\u00e7\u00e3o e Comunica\u00e7\u00e3o, Desenvolvimento de Sistemas de Informa\u00e7\u00e3o, Direito, bem como Engenharia Civil e Suporte e Infraestrutura de Tecnologia da Informa\u00e7\u00e3o;<\/li><li><strong>Especialista em Regula\u00e7\u00e3o de Servi\u00e7os P\u00fablicos de Telecomunica\u00e7\u00f5es<\/strong>, nas especialidades de: M\u00eddia Digital, Contabilidade, bem como Economia, Engenharia, M\u00e9todos Quantitativos e Direito.<\/li><\/ul><p>Os <strong>sal\u00e1rios <\/strong>para os Analistas foram, inicialmente, de <strong>R$ 10.543,90<\/strong>. Enquanto que, para o cargo de Especialista em Regula\u00e7\u00e3o, o sal\u00e1rio inicial foi de <strong>R$ 11.403,90.<\/strong><\/p>\n\n\n\n<p>J\u00e1 para o n\u00edvel m\u00e9dio, os contratados ao cargo de T\u00e9cnico Administrativo receberam por m\u00eas <strong>R$ 5.418,25<\/strong>, enquanto que, para o cargo de T\u00e9cnico em Regula\u00e7\u00e3o, o sal\u00e1rio inicial foi de <strong>R$ 5.674,25<\/strong>.<\/p>\n\n\n\n<h3 class=\"wp-block-heading\">Etapas do \u00faltimo concurso <\/h3>\n\n\n\n<p>O concurso Anatel foi realizado em <strong>at\u00e9 tr\u00eas etapas<\/strong>:<\/p>\n\n\n\n<ul class=\"wp-block-list\"><li>Prova <strong>Objetiva <\/strong>(para todos os cargos);<\/li><li>Prova <strong>Discursiva <\/strong>(para cargos de n\u00edvel superior);<\/li><li>Avalia\u00e7\u00e3o de <strong>T\u00edtulos <\/strong>(para cargos de n\u00edvel superior).<\/li><\/ul><p><\/p>\n\n\n\n<p>As <strong>provas objetivas<\/strong> foram compostas por 120 itens, sendo 50 de Conhecimentos B\u00e1sicos e 70 de Conhecimentos Espec\u00edficos.<\/p>\n\n\n\n<figure class=\"wp-block-image size-large\"><a href=\"https:\/\/aprovacao.novaconcursos.com.br\/assinatura\" target=\"_blank\" rel=\"noreferrer noopener\"><img decoding=\"async\" src=\"https:\/\/www.novaconcursos.com.br\/portal\/wp-content\/uploads\/2022\/01\/Faixa-Frete-Gr%E2%80%A0tis-portal.png\" alt=\"\" class=\"wp-image-153078\" loading=\"lazy\" title=\"\"><\/a><figcaption><\/figcaption><\/figure>","protected":false},"excerpt":{"rendered":"<p>Aten\u00e7\u00e3o, concurseiros! Um novo concurso Anatel foi requisitado ao Minist\u00e9rio da Economia. De acordo com o of\u00edcio enviado, o pedido foi para o preenchimento de 346 vagas. Saiba mais! Confira: Guia Definitivo \u2013 Plano de Estudos Passo a Passo (GR\u00c1TIS) Ainda no of\u00edcio, o representante da Ag\u00eancia Nacional de Telecomunica\u00e7\u00f5es (Anatel) justificou que, desde que [&hellip;]<\/p>\n","protected":false},"author":54673,"featured_media":153392,"comment_status":"closed","ping_status":"closed","sticky":false,"template":"","format":"standard","meta":{"_acf_changed":false,"footnotes":"","_wp_rev_ctl_limit":""},"categories":[228],"tags":[],"class_list":["post-153389","post","type-post","status-publish","format-standard","has-post-thumbnail","hentry","category-noticias"],"acf":[],"_links":{"self":[{"href":"https:\/\/www.novaconcursos.com.br\/portal\/wp-json\/wp\/v2\/posts\/153389","targetHints":{"allow":["GET"]}}],"collection":[{"href":"https:\/\/www.novaconcursos.com.br\/portal\/wp-json\/wp\/v2\/posts"}],"about":[{"href":"https:\/\/www.novaconcursos.com.br\/portal\/wp-json\/wp\/v2\/types\/post"}],"author":[{"embeddable":true,"href":"https:\/\/www.novaconcursos.com.br\/portal\/wp-json\/wp\/v2\/users\/54673"}],"replies":[{"embeddable":true,"href":"https:\/\/www.novaconcursos.com.br\/portal\/wp-json\/wp\/v2\/comments?post=153389"}],"version-history":[{"count":5,"href":"https:\/\/www.novaconcursos.com.br\/portal\/wp-json\/wp\/v2\/posts\/153389\/revisions"}],"predecessor-version":[{"id":153396,"href":"https:\/\/www.novaconcursos.com.br\/portal\/wp-json\/wp\/v2\/posts\/153389\/revisions\/153396"}],"wp:featuredmedia":[{"embeddable":true,"href":"https:\/\/www.novaconcursos.com.br\/portal\/wp-json\/wp\/v2\/media\/153392"}],"wp:attachment":[{"href":"https:\/\/www.novaconcursos.com.br\/portal\/wp-json\/wp\/v2\/media?parent=153389"}],"wp:term":[{"taxonomy":"category","embeddable":true,"href":"https:\/\/www.novaconcursos.com.br\/portal\/wp-json\/wp\/v2\/categories?post=153389"},{"taxonomy":"post_tag","embeddable":true,"href":"https:\/\/www.novaconcursos.com.br\/portal\/wp-json\/wp\/v2\/tags?post=153389"}],"curies":[{"name":"wp","href":"https:\/\/api.w.org\/{rel}","templated":true}]}}