{"id":153738,"date":"2022-01-26T09:40:52","date_gmt":"2022-01-26T12:40:52","guid":{"rendered":"https:\/\/www.novaconcursos.com.br\/portal\/?p=153738"},"modified":"2022-01-26T09:40:57","modified_gmt":"2022-01-26T12:40:57","slug":"ploa-2022-veto-orcamento-concurso-aft-impactado","status":"publish","type":"post","link":"https:\/\/www.novaconcursos.com.br\/portal\/noticias\/ploa-2022-veto-orcamento-concurso-aft-impactado\/","title":{"rendered":"PLOA 2022: Com veto no or\u00e7amento novo concurso AFT poder\u00e1 ser impactado!"},"content":{"rendered":"<p>Aten\u00e7\u00e3o concurseiros! O <a href=\"https:\/\/www.novaconcursos.com.br\/portal\/concursos\/concurso-aft\/\">concurso AFT<\/a> (Auditor Fiscal do Trabalho) poder\u00e1 ser <strong>impactado <\/strong>com o veto no<strong> Or\u00e7amento de 2022<\/strong>, uma vez que o <strong>Minist\u00e9rio do Trabalho<\/strong> foi um dos mais atingidos pelos<strong> vetos do presidente<\/strong>. Entenda!<\/p>\n\n\n\n<ul class=\"wp-block-list\"><li><strong>Confira:<\/strong> <a href=\"https:\/\/www.novaconcursos.com.br\/eventos\/guia-definitivo-como-montar-um-mapa-mental\/\" target=\"_blank\" rel=\"noreferrer noopener\" aria-label=\"Guia Definitivo - Como montar um mapa mental (Gr\u00e1tis) (abre numa nova aba)\">Guia Definitivo \u2013 Como montar um mapa mental (Gr\u00e1tis)<\/a><\/li><\/ul><p><\/p>\n\n\n\n<p>Estude para o concurso dos seus sonhos com a\u00a0<a href=\"https:\/\/www.novaconcursos.com.br\/eventos\/assinatura\" target=\"_blank\" rel=\"noreferrer noopener\" aria-label=\" (abre numa nova aba)\">Assinatura Completa da Nova<\/a>\u00a0. Tenha acesso a Cursos, Plataforma de Quest\u00f5es, Eventos Exclusivos para Assinantes e Muito Mais!<\/p>\n\n\n\n<h2 class=\"wp-block-heading\" id=\"concurso-aft-poder-ser-impactado\">Concurso AFT poder\u00e1 ser impactado?<\/h2>\n\n\n\n<p>Na \u00faltima segunda-feira (24), o <strong>presidente da Rep\u00fablica<\/strong>, Jair Bolsonaro, sancionou o or\u00e7amento de 2022.<\/p>\n\n\n\n<p>Assim, o texto trouxe a <strong>previs\u00e3o de 43.192 vagas <\/strong>para sele\u00e7\u00f5es p\u00fablicas, entretanto, o <a href=\"https:\/\/www.novaconcursos.com.br\/portal\/concursos-previstos\/nacional\">concurso <\/a>Auditor Fiscal do Trabalho poder\u00e1 ser impactado negativamente.<\/p>\n\n\n\n<p>Vale destacar que o <strong>Minist\u00e9rio do Trabalho <\/strong>sofreu um corte de R$1,005 bilh\u00e3o, sendo um dos mais atingidos pelo veto, ou seja, quase um ter\u00e7o dos gastos. <\/p>\n\n\n\n<p>Isso porque o total previsto no or\u00e7amento aprovado pelo Congresso era de R$ 3,184 bilh\u00f5es. Sendo assim, restaram <strong>R$2,035 bilh\u00f5es<\/strong> para a pasta chefiada pelo ministro Onyx Lorenzoni. <\/p>\n\n\n\n<p>A diretora do\u00a0Sindicato Nacional dos Auditores Fiscais do Trabalho (Sinait),\u00a0Rosa Jorge, afirmou que o <strong>concurso AFT \u00e9 urgente, <\/strong>pois o n\u00famero de auditores \u00e9 insuficiente.<\/p>\n\n\n\n<p><em>\u201cA\u00a0\u00a0falta de concurso p\u00fablico est\u00e1 asfixiando a categoria. O \u00faltimo certame foi realizado em 2013, com apenas 100 vagas. Como tamb\u00e9m a falta de estrutura em grande parte das superintend\u00eancias e ger\u00eancias para dar suporte ao desenvolvimento das atividades da fiscaliza\u00e7\u00e3o\u201d,<\/em> disse a diretora.<\/p>\n\n\n\n<h3 class=\"wp-block-heading\"><strong>Menor quadro em 25 anos<\/strong><\/h3>\n\n\n\n<p>Um of\u00edcio enviado em setembro de 2021 ressaltou a <strong>necessidade de um novo certame,<\/strong> pois o quadro de servidores tinha apenas 2.091 Auditores-Fiscais. <\/p>\n\n\n\n<p>No documento, por lei, a carreira tem\u00a03.644 vagas, o que gera um\u00a0<strong>d\u00e9ficit de\u00a01.553 cargos<\/strong>. Segundo o presidente do Sinait, Bob Machado, o\u00a0<strong>quadro atual \u00e9 o menor em 25 anos<\/strong>. <\/p>\n\n\n\n<p>Al\u00e9m disso, atualmente s\u00e3o registradas,\u00a0em m\u00e9dia,<strong> 130 aposentadorias<\/strong> por ano, o que pode aumentar a vac\u00e2ncia. <\/p>\n\n\n\n<p><em>\u201cMuitos auditores-fiscais recebem abono perman\u00eancia e podem deixar o servi\u00e7o p\u00fablico a qualquer momento. Esta \u00e9 uma das demandas mais recorrentes e antigas da carreira\u201d<\/em>, ressaltou o presidente.<\/p>\n\n\n\n<h3 class=\"wp-block-heading\"><strong>Pedido\u00a0est\u00e1 em an\u00e1lise<\/strong><\/h3>\n\n\n\n<p>Um <strong>pedido <\/strong>foi enviado ao Minist\u00e9rio da Economia em 2021, solicitando a abertura de um novo <a href=\"https:\/\/www.novaconcursos.com.br\/portal\/concursos-abertos\/nacional\">concurso <\/a>AFT <strong>com 1.524 vagas. <\/strong><\/p>\n\n\n\n<p>Assim, as oportunidades seriam para<strong> Auditor-Fiscal do Trabalho, <\/strong>carreira que exige o n\u00edvel superior em qualquer \u00e1rea e tem sal\u00e1rios de R$ 21.487.<\/p>\n\n\n\n<p>Vale destacar ainda que em novembro de 2020, o pedido <strong>registrou 12 movimenta\u00e7\u00f5es, <\/strong>passando pela Diretoria de Gest\u00e3o de Pessoas (DGP) e pela\u00a0Coordena\u00e7\u00e3o-Geral de Concursos e Provimento de Pessoal (SGP-CGCOP).<\/p>\n\n\n\n<p>Posteriormente, o pedido\u00a0foi protocolado pela Subsecretaria de Inspe\u00e7\u00e3o do Trabalho (SIT) e aguarda um aval do <strong>Minist\u00e9rio da Economia.\u00a0<\/strong><\/p>\n\n\n\n<p><em>\u201cO governo toma o caminho contr\u00e1rio do que \u00e9 reivindicado pelo conjunto dos servidores, que se organizam em f\u00f3runs diversos para amplificar sua capacidade de reagir. O anseio da Auditoria-Fiscal do Trabalho \u00e9, entre outros pontos, a realiza\u00e7\u00e3o de concurso p\u00fablico\u201d,<\/em> diz o Sinait.<\/p>\n\n\n\n<h2 class=\"wp-block-heading\" id=\"ltimo-concurso-para-auditorfiscal-do-trabalho\">\u00daltimo concurso para Auditor-Fiscal do Trabalho<\/h2>\n\n\n\n<p>O \u00faltimo concurso para o cargo foi realizado em\u00a0<strong>2013<\/strong>, com oferta de apenas\u00a0<strong>100 vagas<\/strong>. Desde ent\u00e3o, novas solicita\u00e7\u00f5es de concurso foram realizadas, sem sucesso.<\/p>\n\n\n\n<p>A carreira exige diploma, devidamente registrado, de conclus\u00e3o de curso de gradua\u00e7\u00e3o de <strong>n\u00edvel superior em qualquer \u00e1rea<\/strong> de forma\u00e7\u00e3o, fornecido por institui\u00e7\u00e3o de ensino superior reconhecida pelo Minist\u00e9rio da Educa\u00e7\u00e3o (MEC).<\/p>\n\n\n\n<p>Ademais, a remunera\u00e7\u00e3o inicial do cargo \u00e9 de\u00a0<strong>R$ 21.029,09<\/strong>. Entretanto, na \u00faltima classe\/padr\u00e3o, o valor chega a mais de R$ 30 mil. <\/p>\n\n\n\n<h3 class=\"wp-block-heading\" id=\"atribuicoes\">Atribui\u00e7\u00f5es<\/h3>\n\n\n\n<ul class=\"wp-block-list\"><li>Cumprimento de disposi\u00e7\u00f5es legais e regulamentares, inclusive as relacionadas \u00e0 seguran\u00e7a e \u00e0 medicina do trabalho, no \u00e2mbito das rela\u00e7\u00f5es de trabalho e de emprego;<\/li><li>Verifica\u00e7\u00e3o dos registros em Carteira de Trabalho e Previd\u00eancia Social (CTPS), visando-se \u00e0 redu\u00e7\u00e3o dos \u00edndices de informalidade;<\/li><li>Verifica\u00e7\u00e3o do recolhimento do Fundo de Garantia do Tempo de Servi\u00e7o (FGTS), objetivando maximizar os \u00edndices de arrecada\u00e7\u00e3o; ao cumprimento de acordos, conven\u00e7\u00f5es e contratos coletivos de trabalho celebrados entre empregados e empregadores;<\/li><li>Respeito aos acordos, tratados e conven\u00e7\u00f5es internacionais dos quais o Brasil \u00e9 signat\u00e1rio;<\/li><li>Lavratura de auto de apreens\u00e3o e guarda de documentos, materiais, livros e assemelhados, para verifica\u00e7\u00e3o da exist\u00eancia de fraude e irregularidades, bem como ao exame da contabilidade das empresas, n\u00e3o se lhes aplicando o disposto nos artigos 17 e 18 do C\u00f3digo Comercial.<\/li><\/ul><figure class=\"wp-block-image size-large\"><a href=\"https:\/\/www.novaconcursos.com.br\/eventos\/assinatura\" target=\"_blank\" rel=\"noreferrer noopener\"><img decoding=\"async\" src=\"https:\/\/www.novaconcursos.com.br\/portal\/wp-content\/uploads\/2022\/01\/Faixa-Frete-Gr%E2%80%A0tis-portal.png\" alt=\"Assinatura completa Nova: conhe\u00e7a a assintura completa com o melhor custo-benef\u00edcio do mercado\" class=\"wp-image-153078\" loading=\"lazy\" title=\"\"><\/a><figcaption><\/figcaption><\/figure>","protected":false},"excerpt":{"rendered":"<p>Aten\u00e7\u00e3o concurseiros! O concurso AFT (Auditor Fiscal do Trabalho) poder\u00e1 ser impactado com o veto no Or\u00e7amento de 2022, uma vez que o Minist\u00e9rio do Trabalho foi um dos mais atingidos pelos vetos do presidente. Entenda! Confira: Guia Definitivo \u2013 Como montar um mapa mental (Gr\u00e1tis) Estude para o concurso dos seus sonhos com a\u00a0Assinatura [&hellip;]<\/p>\n","protected":false},"author":54671,"featured_media":142768,"comment_status":"closed","ping_status":"closed","sticky":false,"template":"","format":"standard","meta":{"_acf_changed":false,"footnotes":"","_wp_rev_ctl_limit":""},"categories":[228],"tags":[],"class_list":["post-153738","post","type-post","status-publish","format-standard","has-post-thumbnail","hentry","category-noticias"],"acf":[],"_links":{"self":[{"href":"https:\/\/www.novaconcursos.com.br\/portal\/wp-json\/wp\/v2\/posts\/153738","targetHints":{"allow":["GET"]}}],"collection":[{"href":"https:\/\/www.novaconcursos.com.br\/portal\/wp-json\/wp\/v2\/posts"}],"about":[{"href":"https:\/\/www.novaconcursos.com.br\/portal\/wp-json\/wp\/v2\/types\/post"}],"author":[{"embeddable":true,"href":"https:\/\/www.novaconcursos.com.br\/portal\/wp-json\/wp\/v2\/users\/54671"}],"replies":[{"embeddable":true,"href":"https:\/\/www.novaconcursos.com.br\/portal\/wp-json\/wp\/v2\/comments?post=153738"}],"version-history":[{"count":4,"href":"https:\/\/www.novaconcursos.com.br\/portal\/wp-json\/wp\/v2\/posts\/153738\/revisions"}],"predecessor-version":[{"id":153742,"href":"https:\/\/www.novaconcursos.com.br\/portal\/wp-json\/wp\/v2\/posts\/153738\/revisions\/153742"}],"wp:featuredmedia":[{"embeddable":true,"href":"https:\/\/www.novaconcursos.com.br\/portal\/wp-json\/wp\/v2\/media\/142768"}],"wp:attachment":[{"href":"https:\/\/www.novaconcursos.com.br\/portal\/wp-json\/wp\/v2\/media?parent=153738"}],"wp:term":[{"taxonomy":"category","embeddable":true,"href":"https:\/\/www.novaconcursos.com.br\/portal\/wp-json\/wp\/v2\/categories?post=153738"},{"taxonomy":"post_tag","embeddable":true,"href":"https:\/\/www.novaconcursos.com.br\/portal\/wp-json\/wp\/v2\/tags?post=153738"}],"curies":[{"name":"wp","href":"https:\/\/api.w.org\/{rel}","templated":true}]}}