{"id":153805,"date":"2022-01-26T13:21:36","date_gmt":"2022-01-26T16:21:36","guid":{"rendered":"https:\/\/www.novaconcursos.com.br\/portal\/?p=153805"},"modified":"2024-07-12T16:55:00","modified_gmt":"2024-07-12T19:55:00","slug":"concurso-pm-mt-edital-retificado","status":"publish","type":"post","link":"https:\/\/www.novaconcursos.com.br\/portal\/noticias\/concurso-pm-mt-edital-retificado\/","title":{"rendered":"Concurso PM MT: Edital retificado. Mudan\u00e7a altera sal\u00e1rios e requisitos!"},"content":{"rendered":"<p>Edital do <a href=\"https:\/\/www.novaconcursos.com.br\/portal\/concursos\/pm-mt\/\">concurso PM MT<\/a> <strong>sofre retifica\u00e7\u00e3o e traz mudan\u00e7as <\/strong>nos requisitos, remunera\u00e7\u00f5es e cronograma. <strong>Acompanhe todos os detalhes!<\/strong><\/p>\n\n\n\n<p>Ainda assim, o edital do Pol\u00edcia Militar do\u00a0<a href=\"https:\/\/www.novaconcursos.com.br\/portal\/concursos-previstos\/mt\/\">Mato Grosso<\/a>\u00a0oferta vagas em car\u00e1ter de reserva, sem quantitativo definido, para os cargos de\u00a0<strong>Soldado, Oficial e Oficial de Sa\u00fade<\/strong>.<\/p>\n\n\n\n<p>Vale ressaltar que <strong>as inscri\u00e7\u00f5es j\u00e1 foram encerrada<\/strong>s, os interessados puderam se candidatar at\u00e9 o dia 24 de janeiro de 2022, no site da banca organizadora,\u00a0<a rel=\"noreferrer noopener\" href=\"http:\/\/www.concursos.ufmt.br\/Portal\/\" target=\"_blank\">UFMT<\/a> <\/p>\n\n\n\n<p>Estude para o concurso dos seus sonhos com a<a rel=\"noreferrer noopener\" aria-label=\"\u00a0Assinatura Completa da Nova (abre numa nova aba)\" href=\"https:\/\/aprovacao.novaconcursos.com.br\/assinatura\" target=\"_blank\">\u00a0Assinatura Completa da Nova<\/a>. Tenha acesso a\u00a0<strong>Cursos, Plataforma de Quest\u00f5es, Eventos Exclusivos<\/strong>\u00a0para Assinantes e Muito Mais!<\/p>\n\n\n\n<h2 class=\"wp-block-heading\" id=\"mudanas-no-concurso-pm-mt\">Mudan\u00e7as no concurso PM MT<\/h2>\n\n\n\n<p>Como dito anteriormente, o edital do concurso para a Pol\u00edcia Militar do\u00a0<a href=\"https:\/\/www.novaconcursos.com.br\/portal\/concursos-abertos\/mt\/\">Mato Grosso\u00a0<\/a>teve sua <strong>primeira retifica\u00e7\u00e3o publicada<\/strong>.  <\/p>\n\n\n\n<p>As<strong> principais mudan\u00e7as <\/strong>ocorreram no sal\u00e1rio, requisitos, conte\u00fado program\u00e1tico, quadro da prova objetiva, al\u00e9m do cronograma de atividades. <\/p>\n\n\n\n<p>Nesse sentido, os sal\u00e1rios para <strong>Soldados passaram de R$ 3.313,38 para R$ 3.545,31<\/strong> e para<strong> Oficiais<\/strong>, os valores foram de<strong> R$ 8.411,88 para R$ 9.000,71.\u00a0<\/strong><\/p>\n\n\n\n<p>Sobretudo, o edital indicava que os candidatos deveriam ter altura m\u00ednima de 1,67m para homens e 1,57m para mulheres, al\u00e9m de peso proporcional \u00e0 altura. <strong>Essa exig\u00eancia do peso foi retirada<\/strong>.\u00a0<\/p>\n\n\n\n<p>Al\u00e9m disso, um item acrescentado refere-se aos <strong>locais de prova<\/strong>. Contudo, quem optou por fazer os exames objetivos e discursivos em Cuiab\u00e1 poder\u00e1 ser alocado na cidade de V\u00e1rzea Grande, em fun\u00e7\u00e3o da distribui\u00e7\u00e3o dos candidatos em salas e locais de avalia\u00e7\u00e3o.\u00a0<\/p>\n\n\n\n<p>Contudo, ter\u00e3o as reda\u00e7\u00f5es corrigidas os concorrentes com pontua\u00e7\u00e3o igual ou superior a 50% na prova objetiva e classificados at\u00e9 a 400\u00aa posi\u00e7\u00e3o. <\/p>\n\n\n\n<p>Outra retifica\u00e7\u00e3o foi para os <strong>Testes F\u00edsicos<\/strong>, previstos para o <strong>per\u00edodo de 5 a 13 de maio.\u00a0 <\/strong><\/p>\n\n\n\n<p>O teste ser\u00e1 realizado em dois dias, sendo constitu\u00edda pelos exerc\u00edcios de: <\/p>\n\n\n\n<ul class=\"wp-block-list\"><li><em>Corrida de 12 minutos, flex\u00e3o na barra fixa (masculino \u2013 posi\u00e7\u00e3o pronada), sustenta\u00e7\u00e3o isom\u00e9trica na barra fica (feminino \u2013 posi\u00e7\u00e3o pronada), abdominal remador, meio sugado e nata\u00e7\u00e3o.\u00a0<\/em><\/li>\n<\/ul><p><\/p>\n\n\n\n<p>J\u00e1 a aplica\u00e7\u00e3o da Avalia\u00e7\u00e3o Psicol\u00f3gica ganhou mais um dia. <strong>Ser\u00e1 em 29 e 30 de maio.\u00a0<\/strong><\/p>\n\n\n\n<p>Por fim, foi acrescentado o<strong> protocolo de biosseguran\u00e7a diante da Covid-19<\/strong>. Nesse sentido, ao decorrer da aplica\u00e7\u00e3o das provas <strong>ser\u00e1 obrigat\u00f3rio o uso de m\u00e1scara de prote\u00e7\u00e3o facial que cubra o nariz e a boca<\/strong>.\u00a0<\/p>\n\n\n\n<p>Por fim, dever\u00e1 ser respeitado o<strong> distanciamento social e a ocupa\u00e7\u00e3o m\u00e1xima de 60% dos lugares<\/strong>. A organiza\u00e7\u00e3o do concurso disponibilizar\u00e1 \u00e1lcool gel para os candidatos.\u00a0<\/p>\n\n\n\n<h2 class=\"wp-block-heading\" id=\"provas-do-concurso-pm-mt-sero-aplicadas-em-fevereiro\">Provas do concurso PM MT ser\u00e3o aplicadas em fevereiro<\/h2>\n\n\n\n<p>Os inscritos no concurso da PM MT ser\u00e3o avaliados por meio das\u00a0<strong>etapas<\/strong>\u00a0de:<\/p>\n\n\n\n<ul class=\"wp-block-list\"><li>Prova objetiva;<\/li>\n\n\n\n<li>Prova discursiva (para os cargos de Oficial);<\/li>\n\n\n\n<li>Exame M\u00e9dico-Odontol\u00f3gico;<\/li>\n\n\n\n<li>Teste de Aptid\u00e3o F\u00edsica (TAF);<\/li>\n\n\n\n<li>Avalia\u00e7\u00e3o Psicol\u00f3gica;<\/li>\n\n\n\n<li>Investiga\u00e7\u00e3o Documental e Funcional.<\/li>\n<\/ul><p><\/p>\n\n\n\n<p>As\u00a0<strong>Provas Objetivas<\/strong>\u00a0ser\u00e3o realizadas no dia\u00a0<strong>20 de fevereiro de 2022<\/strong>\u00a0e ter\u00e3o estruturas e mat\u00e9rias diferentes para cada um dos cargos, portanto\u00a0<strong>confira<\/strong>\u00a0mais detalhes!<\/p>\n\n\n\n<h3 class=\"wp-block-heading\"><strong>Soldado<\/strong><\/h3>\n\n\n\n<p>Os exames ter\u00e3o 60 quest\u00f5es, sendo 15 de L\u00edngua Portuguesa, tr\u00eas de Hist\u00f3ria de Mato Grosso, tr\u00eas de Geografia de Mato Grosso, tr\u00eas de F\u00edsica, tr\u00eas de Matem\u00e1tica, tr\u00eas de Qu\u00edmica, cinco de Rela\u00e7\u00f5es Interpessoais, duas de Princ\u00edpios da \u00c9tica e Filosofia, cinco de No\u00e7\u00f5es de Inform\u00e1tica, seis de No\u00e7\u00f5es de Gest\u00e3o P\u00fablica e 12 de Legisla\u00e7\u00e3o B\u00e1sica.\u00a0<\/p>\n\n\n\n<h3 class=\"wp-block-heading\"><strong>Oficial<\/strong>\u00a0<\/h3>\n\n\n\n<p>As provas ser\u00e3o compostas por 60 quest\u00f5es, das quais sete de L\u00edngua Portuguesa, tr\u00eas de Hist\u00f3ria de Mato Grosso, tr\u00eas de Geografia de Mato Grosso, duas de Princ\u00edpios de \u00c9tica e de Filosofia, cinco de Matem\u00e1tica, seis de Direito Administrativo.<\/p>\n\n\n\n<p>Al\u00e9m de seis de Direito Constitucional, seis de Direito Penal, seis de Direito Processual Penal, seis de Direito Penal Militar, cinco de Direito Processual Penal Militar e cinco de Legisla\u00e7\u00e3o Extravagante e Legisla\u00e7\u00e3o Policial Militar de Mato Grosso.<\/p>\n\n\n\n<h3 class=\"wp-block-heading\"><strong>Oficial do quadro de Sa\u00fade<\/strong><\/h3>\n\n\n\n<p>As avalia\u00e7\u00f5es ser\u00e3o compostas por 60 quest\u00f5es, sendo sete de L\u00edngua Portuguesa, tr\u00eas de Hist\u00f3ria de Mato Grosso, tr\u00eas de Geografia de Mato Grosso, duas de Princ\u00edpios de \u00c9tica e de Filosofia, cinco de Matem\u00e1tica.<\/p>\n\n\n\n<p>Al\u00e9m de cinco de Conhecimentos em Sa\u00fade P\u00fablica, cinco de Fundamentos B\u00e1sicos de Medicina\/Odontologia, cinco de Legisla\u00e7\u00e3o da Pol\u00edcia Militar de Mato Grosso e 25 de Conhecimentos da Especialidade.\u00a0<\/p>\n\n\n\n<p>Por \u00faltimo, na <strong>Prova Discursiva<\/strong>, os concorrentes a Oficial da Pol\u00edcia Militar dever\u00e3o elaborar uma reda\u00e7\u00e3o.\u00a0<\/p>\n\n\n\n<figure class=\"wp-block-image size-large\"><a href=\"https:\/\/aprovacao.novaconcursos.com.br\/assinatura\" target=\"_blank\" rel=\"noreferrer noopener\"><img decoding=\"async\" src=\"https:\/\/www.novaconcursos.com.br\/portal\/wp-content\/uploads\/2022\/01\/Faixa-Frete-Gr%E2%80%A0tis-portal.png\" alt=\"Assinatura completa Nova: conhe\u00e7a a assintura completa com o melhor custo-benef\u00edcio do mercado\" class=\"wp-image-153078\" loading=\"lazy\" title=\"\"><\/a><figcaption><\/figcaption><\/figure>","protected":false},"excerpt":{"rendered":"<p>Edital do concurso PM MT sofre retifica\u00e7\u00e3o e traz mudan\u00e7as nos requisitos, remunera\u00e7\u00f5es e cronograma. Acompanhe todos os detalhes! Ainda assim, o edital do Pol\u00edcia Militar do\u00a0Mato Grosso\u00a0oferta vagas em car\u00e1ter de reserva, sem quantitativo definido, para os cargos de\u00a0Soldado, Oficial e Oficial de Sa\u00fade. Vale ressaltar que as inscri\u00e7\u00f5es j\u00e1 foram encerradas, os interessados [&hellip;]<\/p>\n","protected":false},"author":54662,"featured_media":150584,"comment_status":"closed","ping_status":"closed","sticky":false,"template":"","format":"standard","meta":{"_acf_changed":false,"footnotes":"","_wp_rev_ctl_limit":""},"categories":[228],"tags":[],"class_list":["post-153805","post","type-post","status-publish","format-standard","has-post-thumbnail","hentry","category-noticias"],"acf":[],"_links":{"self":[{"href":"https:\/\/www.novaconcursos.com.br\/portal\/wp-json\/wp\/v2\/posts\/153805","targetHints":{"allow":["GET"]}}],"collection":[{"href":"https:\/\/www.novaconcursos.com.br\/portal\/wp-json\/wp\/v2\/posts"}],"about":[{"href":"https:\/\/www.novaconcursos.com.br\/portal\/wp-json\/wp\/v2\/types\/post"}],"author":[{"embeddable":true,"href":"https:\/\/www.novaconcursos.com.br\/portal\/wp-json\/wp\/v2\/users\/54662"}],"replies":[{"embeddable":true,"href":"https:\/\/www.novaconcursos.com.br\/portal\/wp-json\/wp\/v2\/comments?post=153805"}],"version-history":[{"count":4,"href":"https:\/\/www.novaconcursos.com.br\/portal\/wp-json\/wp\/v2\/posts\/153805\/revisions"}],"predecessor-version":[{"id":243705,"href":"https:\/\/www.novaconcursos.com.br\/portal\/wp-json\/wp\/v2\/posts\/153805\/revisions\/243705"}],"wp:featuredmedia":[{"embeddable":true,"href":"https:\/\/www.novaconcursos.com.br\/portal\/wp-json\/wp\/v2\/media\/150584"}],"wp:attachment":[{"href":"https:\/\/www.novaconcursos.com.br\/portal\/wp-json\/wp\/v2\/media?parent=153805"}],"wp:term":[{"taxonomy":"category","embeddable":true,"href":"https:\/\/www.novaconcursos.com.br\/portal\/wp-json\/wp\/v2\/categories?post=153805"},{"taxonomy":"post_tag","embeddable":true,"href":"https:\/\/www.novaconcursos.com.br\/portal\/wp-json\/wp\/v2\/tags?post=153805"}],"curies":[{"name":"wp","href":"https:\/\/api.w.org\/{rel}","templated":true}]}}