{"id":153935,"date":"2022-01-27T10:26:35","date_gmt":"2022-01-27T13:26:35","guid":{"rendered":"https:\/\/www.novaconcursos.com.br\/portal\/?p=153935"},"modified":"2022-01-27T15:10:14","modified_gmt":"2022-01-27T18:10:14","slug":"concurso-ufu-mg-saiu-edital-para-area-apoio","status":"publish","type":"post","link":"https:\/\/www.novaconcursos.com.br\/portal\/noticias\/concurso-ufu-mg-saiu-edital-para-area-apoio\/","title":{"rendered":"Concurso UFU MG: Saiu o edital. Vagas para a \u00e1rea de apoio!"},"content":{"rendered":"<p>Aten\u00e7\u00e3o, concurseiros! Saiu o edital do<a href=\"https:\/\/www.novaconcursos.com.br\/portal\/concursos\/concurso-ufu\/\"> concurso UFU MG<\/a> oferecendo tr\u00eas vagas na <strong>\u00e1rea de apoio<\/strong>. Os sal\u00e1rios podem chegar ao <strong>R$ 4,6 mil<\/strong>. Saiba mais!<\/p>\n\n\n\n<ul class=\"wp-block-list\"><li><strong>Confira<\/strong>: <a href=\"https:\/\/www.novaconcursos.com.br\/eventos\/guia-definitivo-como-fazer-uma-boa-revisao\/\" target=\"_blank\" rel=\"noreferrer noopener\" aria-label=\"Guia Definitivo - Como Fazer uma boa Revis\u00e3o (GR\u00c1TIS) (abre numa nova aba)\">Guia Definitivo \u2013 Como Fazer uma boa Revis\u00e3o (GR\u00c1TIS)<\/a><\/li><\/ul><p><\/p>\n\n\n\n<p>\u00c9 importante dizer que ser\u00e3o duas vagas de Ampla Concorr\u00eancia e uma para Negros. As vagas s\u00e3o para a carreira de <strong>Administrador<\/strong>, que tem como requisito a<strong> forma\u00e7\u00e3o superior<\/strong> em Administra\u00e7\u00e3o, al\u00e9m de exigir o registro no Conselho competente.<\/p>\n\n\n\n<p>De acordo com o edital, o sal\u00e1rio para os contratados ser\u00e1 de <strong>R$ 4.638,66<\/strong>, j\u00e1 incluindo os <strong>R$458<\/strong> do aux\u00edlio-alimenta\u00e7\u00e3o, por uma jornada de 40 horas semanais. <\/p>\n\n\n\n<p>A Universidade Federal de Uberl\u00e2ndia, em <a href=\"https:\/\/www.novaconcursos.com.br\/portal\/concursos-abertos\/mg\/\">Minas Gerais<\/a>, poder\u00e1 ter at\u00e9 14 aprovados, sendo que 3 poder\u00e3o tomar posse imediatamente, enquanto os demais <strong>11 formar\u00e3o um Cadastro de Reserva<\/strong>. Por fim, as convoca\u00e7\u00f5es de posse poder\u00e3o acontecer durante todo o prazo de <strong>validade <\/strong>do certame, que \u00e9 de dois anos e poder\u00e1 ser prolongado por mais dois.<\/p>\n\n\n\n<p>Estude para o concurso dos seus sonhos com a <a rel=\"noreferrer noopener\" aria-label=\"Assinatura Completa da Nova (abre numa nova aba)\" href=\"https:\/\/aprovacao.novaconcursos.com.br\/assinatura\" target=\"_blank\">Assinatura Completa da Nova<\/a>. Tenha acesso a <strong>Cursos, Plataforma de Quest\u00f5es, Eventos Exclusivos<\/strong> para Assinantes e Muito Mais!<\/p>\n\n\n\n<h2 class=\"wp-block-heading\" id=\"locais-de-vaga-\">Locais de vaga <\/h2>\n\n\n\n<p>Os aprovados poder\u00e3o ser lotados em <strong>qualquer campus<\/strong> da Universidade Federal de Uberl\u00e2ndia. Ou seja, poder\u00e3o atuar nas cidades de Uberl\u00e2ndia, Ituiutaba, Patos de Minas e Monte Carmelo.<\/p>\n\n\n\n<p>As lota\u00e7\u00f5es, no entanto, v\u00e3o depender da <strong>necessidade <\/strong>da Universidade. <\/p>\n\n\n\n<h2 class=\"wp-block-heading\" id=\"inscries-no-concurso-ufu-mg-\">Inscri\u00e7\u00f5es no concurso UFU MG <\/h2>\n\n\n\n<p>Os interessados no certame poder\u00e3o se inscrever<strong> at\u00e9 o dia 2 de fevereiro <\/strong>e, para isso, basta acessar o <a href=\"https:\/\/www.portalselecao.ufu.br\/servicos\/Edital\/cronograma\/1180\" target=\"_blank\" rel=\"noreferrer noopener\" aria-label=\"site da pr\u00f3pria Universidade (abre numa nova aba)\">site da pr\u00f3pria Universidade<\/a> e preencher os dados requisitados.<\/p>\n\n\n\n<p>Ap\u00f3s esse processo, ser\u00e1 necess\u00e1rio gerar um boleto, no valor de<strong> R$ 125<\/strong>, que dever\u00e1 ser pago at\u00e9 o dia 3 de fevereiro. <\/p>\n\n\n\n<p>\u00c9 importante ressaltar que at\u00e9 o dia 31 de janeiro ser\u00e1 poss\u00edvel requisitar a <strong>isen\u00e7\u00e3o <\/strong>do valor da taxa, no caso de candidato oriundo de <strong>fam\u00edlia de baixa renda<\/strong> ou que j\u00e1 tenha doado <strong>medula \u00f3ssea<\/strong> em entidades reconhecidas pelo Minist\u00e9rio da Sa\u00fade.<\/p>\n\n\n\n<h2 class=\"wp-block-heading\" id=\"concurso-ufu-mg-como-sero-as-provas-\">Concurso UFU MG: como ser\u00e3o as provas? <\/h2>\n\n\n\n<p>Os inscritos no concurso da UFU de <a href=\"https:\/\/www.novaconcursos.com.br\/portal\/concursos-previstos\/mg\/\">Minas Gerais<\/a> ser\u00e3o avaliados em uma \u00fanica etapa, de car\u00e1ter eliminat\u00f3rio e classificat\u00f3rio, que consistir\u00e1 na <strong>Prova Objetiva<\/strong>. A aplica\u00e7\u00e3o desse exame, por fim, est\u00e1 prevista para o dia <strong>27 de mar\u00e7o<\/strong>, na cidade de Uberl\u00e2ndia.<\/p>\n\n\n\n<p>A Prova, que durar\u00e1 3 horas, ser\u00e1 constitu\u00edda por <strong>40 quest\u00f5es de m\u00faltipla escolha<\/strong> sobre as seguintes mat\u00e9rias:<\/p>\n\n\n\n<ul class=\"wp-block-list\"><li>L\u00edngua Portuguesa: 10 quest\u00f5es;<\/li><li>No\u00e7\u00f5es de Inform\u00e1tica: 5 quest\u00f5es;<\/li><li>Legisla\u00e7\u00e3o: 5 quest\u00f5es;<\/li><li>Conhecimentos Espec\u00edficos: 20 quest\u00f5es.<\/li><\/ul><p><\/p>\n\n\n\n<p>Por fim, \u00e9 importante dizer que os <strong>gabaritos preliminares<\/strong> ser\u00e3o publicados logo no dia 28 de mar\u00e7o. <\/p>\n\n\n\n<p><\/p>\n\n\n\n<figure class=\"wp-block-image size-large\"><a href=\"https:\/\/aprovacao.novaconcursos.com.br\/assinatura\" target=\"_blank\" rel=\"noreferrer noopener\"><img decoding=\"async\" src=\"https:\/\/www.novaconcursos.com.br\/portal\/wp-content\/uploads\/2022\/01\/Faixa-Frete-Gr%E2%80%A0tis-portal.png\" alt=\"Assinatura completa Nova: conhe\u00e7a a assintura completa com o melhor custo-benef\u00edcio do mercado\" class=\"wp-image-153078\" loading=\"lazy\" title=\"\"><\/a><figcaption><\/figcaption><\/figure>","protected":false},"excerpt":{"rendered":"<p>Aten\u00e7\u00e3o, concurseiros! Saiu o edital do concurso UFU MG oferecendo tr\u00eas vagas na \u00e1rea de apoio. Os sal\u00e1rios podem chegar ao R$ 4,6 mil. Saiba mais! Confira: Guia Definitivo \u2013 Como Fazer uma boa Revis\u00e3o (GR\u00c1TIS) \u00c9 importante dizer que ser\u00e3o duas vagas de Ampla Concorr\u00eancia e uma para Negros. As vagas s\u00e3o para a [&hellip;]<\/p>\n","protected":false},"author":54673,"featured_media":135530,"comment_status":"closed","ping_status":"closed","sticky":false,"template":"","format":"standard","meta":{"_acf_changed":false,"footnotes":"","_wp_rev_ctl_limit":""},"categories":[228],"tags":[],"class_list":["post-153935","post","type-post","status-publish","format-standard","has-post-thumbnail","hentry","category-noticias"],"acf":[],"_links":{"self":[{"href":"https:\/\/www.novaconcursos.com.br\/portal\/wp-json\/wp\/v2\/posts\/153935","targetHints":{"allow":["GET"]}}],"collection":[{"href":"https:\/\/www.novaconcursos.com.br\/portal\/wp-json\/wp\/v2\/posts"}],"about":[{"href":"https:\/\/www.novaconcursos.com.br\/portal\/wp-json\/wp\/v2\/types\/post"}],"author":[{"embeddable":true,"href":"https:\/\/www.novaconcursos.com.br\/portal\/wp-json\/wp\/v2\/users\/54673"}],"replies":[{"embeddable":true,"href":"https:\/\/www.novaconcursos.com.br\/portal\/wp-json\/wp\/v2\/comments?post=153935"}],"version-history":[{"count":6,"href":"https:\/\/www.novaconcursos.com.br\/portal\/wp-json\/wp\/v2\/posts\/153935\/revisions"}],"predecessor-version":[{"id":154036,"href":"https:\/\/www.novaconcursos.com.br\/portal\/wp-json\/wp\/v2\/posts\/153935\/revisions\/154036"}],"wp:featuredmedia":[{"embeddable":true,"href":"https:\/\/www.novaconcursos.com.br\/portal\/wp-json\/wp\/v2\/media\/135530"}],"wp:attachment":[{"href":"https:\/\/www.novaconcursos.com.br\/portal\/wp-json\/wp\/v2\/media?parent=153935"}],"wp:term":[{"taxonomy":"category","embeddable":true,"href":"https:\/\/www.novaconcursos.com.br\/portal\/wp-json\/wp\/v2\/categories?post=153935"},{"taxonomy":"post_tag","embeddable":true,"href":"https:\/\/www.novaconcursos.com.br\/portal\/wp-json\/wp\/v2\/tags?post=153935"}],"curies":[{"name":"wp","href":"https:\/\/api.w.org\/{rel}","templated":true}]}}