{"id":154247,"date":"2022-01-31T12:50:16","date_gmt":"2022-01-31T15:50:16","guid":{"rendered":"https:\/\/www.novaconcursos.com.br\/portal\/?post_type=nc-public-tender&#038;p=154247"},"modified":"2024-12-16T09:55:21","modified_gmt":"2024-12-16T12:55:21","slug":"concurso-creci-sc","status":"publish","type":"post","link":"https:\/\/www.novaconcursos.com.br\/portal\/concursos\/concurso-creci-sc\/","title":{"rendered":"Concurso Creci SC: Edital foi publicado nesta segunda-feira (31)!"},"content":{"rendered":"<p>Aten\u00e7\u00e3o, concurseiros! O edital do <strong>concurso Creci SC<\/strong> (Conselho Regional de Corretores de Im\u00f3veis de Santa Catarina, 11\u00aa Regi\u00e3o) foi publicado e traz a oferta de nada menos que <strong>360 vagas<\/strong>. Os cargos s\u00e3o de n\u00edveis m\u00e9dio, t\u00e9cnico e superior.<\/p>\n<p>Se interessa pelo certame? Ent\u00e3o<strong> saiba mais<\/strong>!<\/p>\n<ul><li><a class=\"_ps2id\" href=\"#inscri%C3%A7%C3%A3o\" data-ps2id-offset=\"\">Inscri\u00e7\u00e3o<\/a><\/li>\n<li><a class=\"_ps2id\" href=\"#carg-vag\" data-ps2id-offset=\"\">Cargos e Vagas<\/a>\n<ul><li><a class=\"_ps2id\" href=\"#locais\" data-ps2id-offset=\"\">Locais de Vaga<\/a><\/li>\n<li><a class=\"_ps2id\" href=\"#requ\" data-ps2id-offset=\"\">Requisitos<\/a><\/li>\n<li><a class=\"_ps2id\" href=\"#sal-ben\" data-ps2id-offset=\"\">Sal\u00e1rios e Benef\u00edcios<\/a><\/li>\n<\/ul><\/li>\n<li><a class=\"_ps2id\" href=\"#provas\" data-ps2id-offset=\"\">Provas<\/a><\/li>\n<\/ul><p>\u00a0<\/p>\n<h2 id=\"ps2id-idinscrio-targetcomo-realizar-a-inscrio-no-concurso-cr\">[ps2id id=\u2019inscri\u00e7\u00e3o\u2019 target=\u201d\/]Como realizar a inscri\u00e7\u00e3o no concurso Creci SC?<\/h2>\n<p>Os interessados no concurso Creci de <a href=\"https:\/\/www.novaconcursos.com.br\/portal\/concursos-abertos\/sc\/\">Santa Catarina<\/a> poder\u00e3o se inscrever entre os dias <strong>31 de janeiro e 07 de mar\u00e7o<\/strong>. Para isso, basta acessar o site da banca organizadora, <a href=\"http:\/\/www.quadrix.org.br\/todos-os-concursos\/inscricoes-abertas\/crecisc2021.aspx\" target=\"_blank\" rel=\"noopener noreferrer\">Instituto Quadrix<\/a>, e preencher os dados requisitados.<\/p>\n<p>Ap\u00f3s esse processo, os candidatos dever\u00e3o pagar uma <strong>taxa de inscri\u00e7\u00e3o<\/strong>, a fim de efetivar a participa\u00e7\u00e3o no certame. Os valores s\u00e3o:<\/p>\n<ul><li><strong>R$ 44,62<\/strong> para os cargos de n\u00edvel m\u00e9dio e n\u00edvel t\u00e9cnico; e<\/li>\n<li><strong>R$ 52,38<\/strong> para os cargos de n\u00edvel superior.<\/li>\n<\/ul><p>\u00a0<\/p>\n<p>Haver\u00e1 a possibilidade de requisitar a isen\u00e7\u00e3o de taxa entre os dias<strong> 31 e janeiro e 04 de fevereiro<\/strong>. No entanto, somente os candidatos que se enquadrarem nas <strong>situa\u00e7\u00f5es<\/strong> abaixo ter\u00e3o direito ao desconto:<\/p>\n<ul><li>Estiver inscrito no Cadastro \u00danico para Programas Sociais do Governo Federal (<strong>Cad\u00danico<\/strong>), de que trata o Decreto n\u00ba 6.135\/2007 e for <strong>membro de fam\u00edlia de baixa renda<\/strong>, nos termos do Decreto n\u00ba 6.135\/2007; ou<\/li>\n<li>For <strong>doador de medula \u00f3ssea<\/strong> em entidades reconhecidas pelo Minist\u00e9rio da Sa\u00fade, nos termos da Lei n\u00ba 13.656\/2018.<\/li>\n<\/ul><p>\u00a0<\/p>\n<p>Estude para o concurso dos seus sonhos com a <a href=\"https:\/\/aprovacao.novaconcursos.com.br\/assinatura\" target=\"_blank\" rel=\"noopener noreferrer\">Assinatura Completa da Nova<\/a>. Tenha acesso a Cursos, Plataforma de Quest\u00f5es, Eventos Exclusivos para Assinantes e Muito Mais!<\/p>\n<h2 id=\"ps2id-idcargvag-targetconcurso-creci-sc-cargos-e-vagas\">[ps2id id=\u2019carg-vag\u2019 target=\u201d\/]Concurso Creci SC: Cargos e vagas<\/h2>\n<p>O concurso atual do Conselho Regional de Corretores de Im\u00f3veis de <a href=\"https:\/\/www.novaconcursos.com.br\/portal\/concursos-previstos\/sc\/\">Santa Catarina<\/a> oferta <strong>360 vagas<\/strong>, que s\u00e3o imediatas e de cadastro de reserva.<\/p>\n<p>Para o <strong>n\u00edvel superior<\/strong>, por exemplo, as vagas s\u00e3o distribu\u00eddas para tr\u00eas cargos diferentes, confira:<\/p>\n<ul><li>Agente fiscal \u2013 5 + 140 CR;<\/li>\n<li>Analista de TI \u2013 15 CR;<\/li>\n<li>Contador \u2013 15 CR.<\/li>\n<\/ul><p>\u00a0<\/p>\n<p>Enquanto isso, para o <strong>n\u00edvel m\u00e9dio<\/strong>, as vagas s\u00e3o somente para a carreira de <strong>Assistente Administrativo<\/strong>, sendo 8 vagas imediatas e 157 em car\u00e1ter de cadastro de reserva. Por fim, para o <strong>n\u00edvel t\u00e9cnico<\/strong>, as oportunidades s\u00e3o para <strong>T\u00e9cnico em Tecnologia da Informa\u00e7\u00e3o<\/strong>, sendo 1 vagas imediata e outras 19 CR.<\/p>\n<h3>[ps2id id=\u2019locais\u2019 target=\u201d\/]Locais de vaga<\/h3>\n<p>As oportunidades do concurso Creci SC ser\u00e3o distribu\u00eddas em v\u00e1rias cidades. Os n\u00edveis m\u00e9dio e superior, por exemplo, est\u00e3o com vagas nas <strong>cidades<\/strong> de Balne\u00e1rio Cambori\u00fa, Blumenau, Chapec\u00f3, Crici\u00fama, Florian\u00f3polis, bem como Itapema,\u00a0Joinville e Lages.<\/p>\n<p>J\u00e1 o <strong>n\u00edvel t\u00e9cnico<\/strong> apresenta vagas somente para a cidade de <strong>Florian\u00f3polis<\/strong>, capital do Estado.<\/p>\n<h3>[ps2id id=\u2019requ\u2019 target=\u201d\/]Requisitos<\/h3>\n<p><strong>Assistente Administrativo<\/strong>: Certificado, devidamente registrado, de conclus\u00e3o de curso de n\u00edvel m\u00e9dio, expedido por institui\u00e7\u00e3o de ensino reconhecida pelo Minist\u00e9rio da Educa\u00e7\u00e3o (MEC).<\/p>\n<p><strong>T\u00e9cnico em TI<\/strong>: Certificado, devidamente registrado, de conclus\u00e3o de conclus\u00e3o de curso de n\u00edvel m\u00e9dio profissionalizante em Tecnologia da Informa\u00e7\u00e3o ou decurso de n\u00edvel m\u00e9dio acrescido de curso na \u00e1rea de Tecnologia da Informa\u00e7\u00e3o ou curso de denomina\u00e7\u00e3o conte\u00fado equivalentes, expedidos por institui\u00e7\u00e3o de ensino reconhecida pelo Minist\u00e9rio da Educa\u00e7\u00e3o (MEC). Ser\u00e3o aceitos tamb\u00e9m cursos de gradua\u00e7\u00e3o de n\u00edvel superior conclu\u00eddos na \u00e1rea de Tecnologia da Informa\u00e7\u00e3o.<\/p>\n<p><strong>Agente fiscal<\/strong>: Diploma, devidamente registrado, de conclus\u00e3o de curso de gradua\u00e7\u00e3o de n\u00edvel superior em qualquer \u00e1rea de forma\u00e7\u00e3o, fornecido por institui\u00e7\u00e3o de ensino superior reconhecida pelo Minist\u00e9rio da Educa\u00e7\u00e3o (MEC). Carteira Nacional de Habilita\u00e7\u00e3o no m\u00ednimo Categoria \u201cB\u201d, conforme arts. 143 e147 do C\u00f3digo Nacional de Tr\u00e2nsito e Resolu\u00e7\u00f5es 168\/2004 e 285\/2008, do CONTRAN, com pontua\u00e7\u00e3o que permita, nos termos da legisla\u00e7\u00e3o de tr\u00e2nsito, o pleno exerc\u00edcio do direito de dirigir. Disponibilidade para viagens, para permanecer fora de sua base durante sua jornada de trabalho mensal, para at\u00e9 15 pernoites consecutivos\u00a0\u00a0 sem\u00a0\u00a0 retornar\u00a0\u00a0 a\u00a0\u00a0 base,\u00a0 para 5 pernoites consecutivos por semana, al\u00e9m de trabalho extraordin\u00e1rio espor\u00e1dico entre 19h e 22h durante a semana e para trabalho extraordin\u00e1rio espor\u00e1dico nos fins de semana.<\/p>\n<p><strong>Analista de TI<\/strong>: Diploma, devidamente registrado, de conclus\u00e3o de curso de gradua\u00e7\u00e3o de n\u00edvel superior em an\u00e1lise de Sistemas ou Processamento de Dados ou Engenharia da Computa\u00e7\u00e3o ou Ci\u00eancia da Computa\u00e7\u00e3o, ou curso de denomina\u00e7\u00e3o e conte\u00fado equivalentes, fornecido por institui\u00e7\u00e3o de ensino superior reconhecida pelo Minist\u00e9rio da Educa\u00e7\u00e3o (MEC).<\/p>\n<p><strong>Contador<\/strong>: Diploma, devidamente registrado, de conclus\u00e3o de curso de gradua\u00e7\u00e3o de n\u00edvel superior em Ci\u00eancias Cont\u00e1beis, fornecido por institui\u00e7\u00e3o de ensino reconhecida pelo Minist\u00e9rio da Educa\u00e7\u00e3o (MEC). Registro ativo e adimplente no Conselho Regional de Contabilidade (CRC)<\/p>\n<h3>[ps2id id=\u2019sal-ben\u2019 target=\u201d\/]Sal\u00e1rios e benef\u00edcios<\/h3>\n<p>O sal\u00e1rios para os <strong>Assistentes Administrativos,<\/strong> inicialmente, ser\u00e1 de <strong>R$ 2.357,06<\/strong>. Este ser\u00e1 tamb\u00e9m o\u00a0 valor do vencimento para o cargo de <strong>T\u00e9cnico em TI<\/strong>. J\u00e1 para a carreira de <strong>Agente Fiscal<\/strong>, o sal\u00e1rio ser\u00e1 de <strong>R$ 3.008,27<\/strong>, enquanto que os demais cargos de <strong>n\u00edvel superior<\/strong> receber\u00e3o\u00a0<strong>R$ 3.839,41.\u00a0<\/strong><\/p>\n<p>Os contratados para atuar no Creci SC ter\u00e3o direito, ainda, aos seguintes <strong>benef\u00edcios<\/strong>:<\/p>\n<ul><li>Vale Alimenta\u00e7\u00e3o, no valor de R$ 893,17 (oitocentos e trinta e sete reais e dezessete centavos);<\/li>\n<li>Plano de Sa\u00fade (M\u00e9dico, Hospitalar);<\/li>\n<li>Plano de Cargos e Sal\u00e1rios; e<\/li>\n<li>Vale transporte, conforme legisla\u00e7\u00e3o.<\/li>\n<\/ul><p>\u00a0<\/p>\n<h2 id=\"ps2id-idprovas-targetcomo-sero-as-provas-do-concurso-creci-s\">[ps2id id=\u2019provas\u2019 target=\u201d\/]Como ser\u00e3o as provas do concurso Creci SC?<\/h2>\n<p>Todos os candidatos ao concurso Creci ser\u00e3o avaliados por meio de Provas Objetivas e Discursivas, que t\u00eam car\u00e1ter eliminat\u00f3rio e classificat\u00f3rio. Confira mais detalhes!<\/p>\n<h3>Prova Objetiva<\/h3>\n<p>A <strong>prova objetiva<\/strong> avaliar\u00e1 as habilidades e os conhecimentos do candidato, conforme item 9 deste edital e ser\u00e1 composta de 120 (cento e vinte) itens. A avalia\u00e7\u00e3o ser\u00e1 aplicada no dia <strong>10 de abril de 2022<\/strong>, no per\u00edodo da tarde.<\/p>\n<p>Cada <strong>\u00e1rea de conhecimento<\/strong> ser\u00e1 constitu\u00edda de itens para julgamento, agrupados por comandos que dever\u00e3o ser respeitados. O julgamento de cada item ser\u00e1 CERTO ou ERRADO, de acordo com o(s) comando(s) a que se refere o item. Haver\u00e1, no cart\u00e3o-resposta, para cada item, duas \u00e1reas de marca\u00e7\u00e3o: a \u00e1rea designada com a letra C, que dever\u00e1 ser preenchida pelo candidato caso julgue o item CERTO, e a \u00e1rea designada com a letra E, que dever\u00e1 ser preenchida pelo candidato caso julgue o item ERRADO.<\/p>\n<h3>Prova Discursiva<\/h3>\n<p>A <strong>prova discursiva<\/strong> acontecer\u00e1 no mesmo dia e dentro dos prazos de dura\u00e7\u00e3o previstos para a realiza\u00e7\u00e3o da prova objetiva e valer\u00e1 10,00 pontos.<\/p>\n<p>Para os cargos de <strong>n\u00edvel superior<\/strong>, a prova discursiva consistir\u00e1 em uma quest\u00e3o para reda\u00e7\u00e3o de texto dissertativo, de at\u00e9 30 linhas, acerca\u00a0 de\u00a0 tema\u00a0 baseado\u00a0 nos\u00a0 conhecimentos\u00a0 espec\u00edficos\u00a0 do respectivo\u00a0 cargo,\u00a0 conforme os\u00a0 conte\u00fados\u00a0 program\u00e1ticos\u00a0 constantes\u00a0 no Anexo II deste edital.<\/p>\n<p>Para os cargos de <strong>n\u00edvel m\u00e9dio e n\u00edvel t\u00e9cnico<\/strong>, a prova discursiva consistir\u00e1 em reda\u00e7\u00e3o de texto de g\u00eaneros textuais\/discursivos, de at\u00e930 linhas, acerca de tema baseado nos principais acontecimentos e assuntos da atualidade que envolvem o Brasil e o mundo.<\/p>","protected":false},"excerpt":{"rendered":"<p>Aten\u00e7\u00e3o, concurseiros! O edital do concurso Creci SC (Conselho Regional de Corretores de Im\u00f3veis de Santa Catarina, 11\u00aa Regi\u00e3o) foi publicado e traz a oferta de nada menos que 360 vagas. Os cargos s\u00e3o de n\u00edveis m\u00e9dio, t\u00e9cnico e superior.<br \/>\nSe interessa pelo certame? Ent\u00e3o saiba mais!<\/p>\n","protected":false},"author":54673,"featured_media":141966,"comment_status":"closed","ping_status":"closed","sticky":false,"template":"","format":"standard","meta":{"_acf_changed":false,"footnotes":"","_wp_rev_ctl_limit":""},"categories":[44999],"tags":[],"class_list":["post-154247","post","type-post","status-publish","format-standard","has-post-thumbnail","hentry","category-concursos"],"acf":[],"_links":{"self":[{"href":"https:\/\/www.novaconcursos.com.br\/portal\/wp-json\/wp\/v2\/posts\/154247","targetHints":{"allow":["GET"]}}],"collection":[{"href":"https:\/\/www.novaconcursos.com.br\/portal\/wp-json\/wp\/v2\/posts"}],"about":[{"href":"https:\/\/www.novaconcursos.com.br\/portal\/wp-json\/wp\/v2\/types\/post"}],"author":[{"embeddable":true,"href":"https:\/\/www.novaconcursos.com.br\/portal\/wp-json\/wp\/v2\/users\/54673"}],"replies":[{"embeddable":true,"href":"https:\/\/www.novaconcursos.com.br\/portal\/wp-json\/wp\/v2\/comments?post=154247"}],"version-history":[{"count":1,"href":"https:\/\/www.novaconcursos.com.br\/portal\/wp-json\/wp\/v2\/posts\/154247\/revisions"}],"predecessor-version":[{"id":154296,"href":"https:\/\/www.novaconcursos.com.br\/portal\/wp-json\/wp\/v2\/posts\/154247\/revisions\/154296"}],"wp:featuredmedia":[{"embeddable":true,"href":"https:\/\/www.novaconcursos.com.br\/portal\/wp-json\/wp\/v2\/media\/141966"}],"wp:attachment":[{"href":"https:\/\/www.novaconcursos.com.br\/portal\/wp-json\/wp\/v2\/media?parent=154247"}],"wp:term":[{"taxonomy":"category","embeddable":true,"href":"https:\/\/www.novaconcursos.com.br\/portal\/wp-json\/wp\/v2\/categories?post=154247"},{"taxonomy":"post_tag","embeddable":true,"href":"https:\/\/www.novaconcursos.com.br\/portal\/wp-json\/wp\/v2\/tags?post=154247"}],"curies":[{"name":"wp","href":"https:\/\/api.w.org\/{rel}","templated":true}]}}