{"id":154257,"date":"2022-01-31T11:27:06","date_gmt":"2022-01-31T14:27:06","guid":{"rendered":"https:\/\/www.novaconcursos.com.br\/portal\/?p=154257"},"modified":"2025-04-16T13:56:22","modified_gmt":"2025-04-16T16:56:22","slug":"concursos-gcm-2022-oportunidades-nao-perder","status":"publish","type":"post","link":"https:\/\/www.novaconcursos.com.br\/portal\/noticias\/concursos-gcm-2022-oportunidades-nao-perder\/","title":{"rendered":"Concursos GCM 2022: 8 oportunidades que voc\u00ea n\u00e3o pode perder!"},"content":{"rendered":"<p>Aten\u00e7\u00e3o concurseiros! H\u00e1 <strong>diversas oportunidades abertas<\/strong> para Guarda Civil Municipal em v\u00e1rios <strong>estados do pa\u00eds. <\/strong>Portanto, <strong>confira 8<\/strong> que voc\u00ea n\u00e3o pode perder e saiba detalhes das <a href=\"https:\/\/www.novaconcursos.com.br\/portal\/concursos-previstos\/nacional\">sele\u00e7\u00f5es<\/a>!<\/p>\n\n\n\n<ul class=\"wp-block-list\"><li><strong>Confira:<\/strong> <a aria-label=\"Guia Definitivo Plano de Estudos (Gr\u00e1tis) (abre numa nova aba)\" href=\"https:\/\/www.novaconcursos.com.br\/eventos\/guia-definitivo-plano-de-estudos-passo-a-passo\/\" target=\"_blank\" rel=\"noreferrer noopener\">Guia Definitivo Plano de Estudos (Gr\u00e1tis)<\/a><\/li>\n<\/ul><p><\/p>\n\n\n\n<p>Estude para o concurso dos seus sonhos com a\u00a0<a href=\"https:\/\/www.novaconcursos.com.br\/eventos\/assinatura\" target=\"_blank\" rel=\"noreferrer noopener\" aria-label=\" (abre numa nova aba)\">Assinatura Completa da Nova<\/a>\u00a0\u00a0. Tenha acesso a Cursos, Plataforma de Quest\u00f5es, Eventos Exclusivos para Assinantes e Muito Mais!<\/p>\n\n\n\n<h2 class=\"wp-block-heading\" id=\"concursos-gcm-2022-selees-abertas-e-previstas\">Concursos GCM 2022: sele\u00e7\u00f5es abertas e previstas<\/h2>\n\n\n\n<p>Ap\u00f3s um per\u00edodo sem editais, os <a href=\"https:\/\/www.novaconcursos.com.br\/portal\/concursos-abertos\/nacional\">concursos <\/a>est\u00e3o retornando com boas oportunidades para quem tem interesse em <strong>ingressar no setor p\u00fablico. <\/strong><\/p>\n\n\n\n<p>Na \u00e1rea da seguran\u00e7a, os concursos para  <strong>guardas municipais <\/strong>possuem oportunidades em v\u00e1rios estados do pa\u00eds.<\/p>\n\n\n\n<p>Sendo assim, as principais sele\u00e7\u00f5es abertas para o cargo de\u00a0<strong>Guarda Municipal<\/strong>\u00a0preveem apenas<strong>\u00a0idade m\u00ednima de 18 anos<\/strong>\u00a0aos candidatos.<\/p>\n\n\n\n<p>Sendo assim, n\u00e3o h\u00e1 exig\u00eancia de idade m\u00e1xima para participar. Entretanto, a Constitui\u00e7\u00e3o Federal afirma que a idade m\u00e1xima \u00e9 de\u00a0<strong>75 anos<\/strong>.<\/p>\n\n\n\n<h2 class=\"wp-block-heading\" id=\"gcm-so-gonalo-rj\">GCM S\u00e3o Gon\u00e7alo \u2013 RJ<\/h2>\n\n\n\n<p>As <strong>inscri\u00e7\u00f5es <\/strong>para o <a href=\"https:\/\/www.novaconcursos.com.br\/portal\/concursos\/concurso-guarda-de-sao-goncalo-rj\/\">concurso Guarda de S\u00e3o Gon\u00e7alo RJ<\/a>\u00a0est\u00e3o <strong>abertas <\/strong>e seguir\u00e3o at\u00e9 o dia 20 de fevereiro.<\/p>\n\n\n\n<p>Portanto, os interessados dever\u00e3o entrar no site da banca organizadora, o\u00a0Instituto Selecon. Haver\u00e1 a taxa de <strong>R$ 80,00<\/strong>, que deve ser paga at\u00e9\u00a0<strong>21 de fevereiro<\/strong>.<\/p>\n\n\n\n<p>S\u00e3o <strong>160 oportunidades de n\u00edvel m\u00e9dio<\/strong>, sendo 40 em car\u00e1ter imediato e 120 para forma\u00e7\u00e3o de cadastro reserva. As provas objetivas acontecem dia 3 de abril.<\/p>\n\n\n\n<h2 class=\"wp-block-heading\" id=\"gcm-praia-grande-sp\">GCM Praia Grande \u2013 SP<\/h2>\n\n\n\n<p>As <strong>inscri\u00e7\u00f5es <\/strong>para o\u00a0Concurso GCM de Praia Grande, no estado de S\u00e3o Paulo, tamb\u00e9m est\u00e3o <strong>abertas <\/strong>at\u00e9 3 de fevereiro.<\/p>\n\n\n\n<p>Haver\u00e1 a cobran\u00e7a de <strong>uma taxa de inscri\u00e7\u00e3o<\/strong> de R$ 74,00. As inscri\u00e7\u00f5es devem ser realizadas no site da banca <a href=\"http:\/\/www.ibam-concursos.org.br\/\" target=\"_blank\" rel=\"noopener\">IBAM<\/a>.<\/p>\n\n\n\n<p>Assim, a oferta \u00e9 de <strong>170 vagas <\/strong>para provimento imediato em cargos de n\u00edvel m\u00e9dio. A carreira \u00e9 de Seguran\u00e7a P\u00fablica. As <strong>provas <\/strong>ser\u00e3o dia 20 de fevereiro.<\/p>\n\n\n\n<h2 class=\"wp-block-heading\" id=\"gcm-osasco-sp\">GCM Osasco \u2013 SP<\/h2>\n\n\n\n<p>O concurso da <a href=\"https:\/\/www.novaconcursos.com.br\/portal\/concursos\/concurso-prefeitura-de-osasco-sp\/\">Prefeitura de Osasco \u2013 SP<\/a> oferta <strong>160 vagas imediatas<\/strong> para a Guarda Civil Municipal, sendo 80 para mulheres e 80 para homens.<\/p>\n\n\n\n<p>Assim, as <strong>inscri\u00e7\u00f5es <\/strong>est\u00e3o abertas e permanecem at\u00e9 o dia<strong> 24 de fevereiro,<\/strong> por meio do\u00a0<a rel=\"noreferrer noopener\" href=\"https:\/\/www.vunesp.com.br\/PMOS2108\" target=\"_blank\">site da Funda\u00e7\u00e3o Vunesp<\/a>, banca organizadora.<\/p>\n\n\n\n<p>Haver\u00e1 a cobran\u00e7a de uma <strong>taxa <\/strong>de inscri\u00e7\u00e3o de R$ 68,50. As <strong>provas objetivas <\/strong>ser\u00e3o aplicadas ainda no primeiro semestre desse ano.<\/p>\n\n\n\n<h2 class=\"wp-block-heading\" id=\"gcm-so-paulo\">GCM S\u00e3o Paulo<\/h2>\n\n\n\n<p>Ap\u00f3s a forma\u00e7\u00e3o da comiss\u00e3o organizadora, o grupo j\u00e1 est\u00e1 em processo de\u00a0<strong>escolha de uma banca organizadora\u00a0<\/strong>para o <a href=\"https:\/\/www.novaconcursos.com.br\/portal\/concursos\/concurso-gcm-sp\/\">concurso GCM SP<\/a>. <\/p>\n\n\n\n<p>Ademais, s\u00e3o ofertadas\u00a0<strong>1.000 vagas<\/strong> <strong>efetivas de n\u00edvel m\u00e9dio<\/strong>\u00a0para a carreira. \u00c9 preciso que os candidatos possuam\u00a0<strong>entre 18 e 35 anos.<\/strong> <\/p>\n\n\n\n<p>\u00c9 importante destacar que o que se prev\u00ea \u00e9 que as contrata\u00e7\u00f5es aconte\u00e7am <strong>de forma escalonada<\/strong>, ou seja, com convoca\u00e7\u00f5es\u00a0<strong>em 2022, 2023 e 2024.<\/strong><\/p>\n\n\n\n<h2 class=\"wp-block-heading\" id=\"gcm-mariana-mg\">GCM Mariana \u2013 MG<\/h2>\n\n\n\n<p>As <strong>inscri\u00e7\u00f5es <\/strong>para o concurso GCM Mariana \u2013 MG tamb\u00e9m estar\u00e3o <strong>abertas <\/strong>entre os dias<strong> 28 de fevereiro e 1\u00b0 de abril.<\/strong><\/p>\n\n\n\n<p>Haver\u00e1 a cobran\u00e7a de uma taxa de<strong> R$ 60,00<\/strong>. As inscri\u00e7\u00f5es, ent\u00e3o, devem ser feitas por meio do site da banca FUNDEP. <\/p>\n\n\n\n<p>As provas objetivas ser\u00e3o aplicadas em 15 de maio. Segundo o edital,\u00a0<strong>s\u00e3o ofertadas 20 vagas para Guarda Civil Municipal<\/strong>. <\/p>\n\n\n\n<h2 class=\"wp-block-heading\" id=\"gcm-manaus-am\">GCM Manaus \u2013 AM<\/h2>\n\n\n\n<p>O edital do\u00a0<a href=\"https:\/\/www.novaconcursos.com.br\/portal\/noticias\/novo-edital-concurso-guarda-de-manaus\/\">concurso Guarda de Manaus AM<\/a>\u00a0<strong>ainda n\u00e3o foi publicado<\/strong>. Com isso, o deputado Cabo Maciel cobrou a realiza\u00e7\u00e3o do processo seletivo.<\/p>\n\n\n\n<p>Um novo concurso foi anunciado pelo prefeito David Almeida <strong>no m\u00eas de setembro<\/strong>, com a promessa de que o edital seria aberto\u00a0<strong>at\u00e9 o fim de 2021.<\/strong> <\/p>\n\n\n\n<p>De acordo com ele,\u00a0<strong>ser\u00e3o ofertadas 200 vagas<\/strong>. Entretanto, o edital n\u00e3o saiu ano passado e continua previsto para os pr\u00f3ximos meses.<\/p>\n\n\n\n<h2 class=\"wp-block-heading\" id=\"gcm-joo-pessoa-pb\">GCM Jo\u00e3o Pessoa \u2013 PB<\/h2>\n\n\n\n<p>Foi anunciado que um novo edital para o\u00a0<a href=\"https:\/\/www.novaconcursos.com.br\/portal\/concursos\/concurso-prefeitura-de-joao-pessoa-pb\/\">concurso Guarda de Jo\u00e3o Pessoa \u2013 PB<\/a>\u00a0pretende ser publicado em\u00a0<strong>2022.<\/strong> <\/p>\n\n\n\n<p><em>\u201cTerminamos o estudo e j\u00e1 entregamos ao prefeito C\u00edcero Lucena para, em 2022, o aumento desse efetivo. N\u00f3s temos um efetivo baixo, mas o prefeito est\u00e1 muito antenado com isso<\/em>\u201c, disse o secret\u00e1rio de Seguran\u00e7a Jo\u00e3o Almeida.<\/p>\n\n\n\n<p>O edital poder\u00e1 ofertar\u00a0<strong>804 novas vagas\u00a0<\/strong>para v\u00e1rias \u00e1reas do \u00f3rg\u00e3o, devido ao tamanho do d\u00e9ficit. Entretanto, a previs\u00e3o do secret\u00e1rio \u00e9 de 200 vagas!<\/p>\n\n\n\n<h2 class=\"wp-block-heading\" id=\"cgm-so-lus-ma\">CGM S\u00e3o Lu\u00eds \u2013 MA<\/h2>\n\n\n\n<p>O<a href=\"https:\/\/www.novaconcursos.com.br\/portal\/concursos\/concurso-guarda-de-sao-luis-ma\/\">\u00a0concurso Guarda de S\u00e3o Lu\u00eds (MA)<\/a>\u00a0pode ser divulgado ainda neste ano! O\u00a0certame\u00a0j\u00e1 conta com<strong>\u00a0comiss\u00e3o definida<\/strong> desde 2020.<\/p>\n\n\n\n<p>No come\u00e7o de janeiro, o Prefeito do Munic\u00edpio, Eduardo Braide, anunciou que a sele\u00e7\u00e3o ofertar\u00e1 <strong>100 vagas!<\/strong><\/p>\n\n\n\n<p>De acordo com o prefeito, decis\u00e3o visa<strong> refor\u00e7ar de imediato<\/strong> o trabalho do \u00f3rg\u00e3o de seguran\u00e7a p\u00fablica.<\/p>","protected":false},"excerpt":{"rendered":"<p>Aten\u00e7\u00e3o concurseiros! H\u00e1 diversas oportunidades abertas para Guarda Civil Municipal em v\u00e1rios estados do pa\u00eds. Portanto, confira 8 que voc\u00ea n\u00e3o pode perder e saiba detalhes das sele\u00e7\u00f5es! Estude para o concurso dos seus sonhos com a\u00a0Assinatura Completa da Nova\u00a0\u00a0. Tenha acesso a Cursos, Plataforma de Quest\u00f5es, Eventos Exclusivos para Assinantes e Muito Mais! Concursos [&hellip;]<\/p>\n","protected":false},"author":54671,"featured_media":153459,"comment_status":"closed","ping_status":"closed","sticky":false,"template":"","format":"standard","meta":{"_acf_changed":false,"footnotes":"","_wp_rev_ctl_limit":""},"categories":[228],"tags":[],"class_list":["post-154257","post","type-post","status-publish","format-standard","has-post-thumbnail","hentry","category-noticias"],"acf":[],"_links":{"self":[{"href":"https:\/\/www.novaconcursos.com.br\/portal\/wp-json\/wp\/v2\/posts\/154257","targetHints":{"allow":["GET"]}}],"collection":[{"href":"https:\/\/www.novaconcursos.com.br\/portal\/wp-json\/wp\/v2\/posts"}],"about":[{"href":"https:\/\/www.novaconcursos.com.br\/portal\/wp-json\/wp\/v2\/types\/post"}],"author":[{"embeddable":true,"href":"https:\/\/www.novaconcursos.com.br\/portal\/wp-json\/wp\/v2\/users\/54671"}],"replies":[{"embeddable":true,"href":"https:\/\/www.novaconcursos.com.br\/portal\/wp-json\/wp\/v2\/comments?post=154257"}],"version-history":[{"count":11,"href":"https:\/\/www.novaconcursos.com.br\/portal\/wp-json\/wp\/v2\/posts\/154257\/revisions"}],"predecessor-version":[{"id":279614,"href":"https:\/\/www.novaconcursos.com.br\/portal\/wp-json\/wp\/v2\/posts\/154257\/revisions\/279614"}],"wp:featuredmedia":[{"embeddable":true,"href":"https:\/\/www.novaconcursos.com.br\/portal\/wp-json\/wp\/v2\/media\/153459"}],"wp:attachment":[{"href":"https:\/\/www.novaconcursos.com.br\/portal\/wp-json\/wp\/v2\/media?parent=154257"}],"wp:term":[{"taxonomy":"category","embeddable":true,"href":"https:\/\/www.novaconcursos.com.br\/portal\/wp-json\/wp\/v2\/categories?post=154257"},{"taxonomy":"post_tag","embeddable":true,"href":"https:\/\/www.novaconcursos.com.br\/portal\/wp-json\/wp\/v2\/tags?post=154257"}],"curies":[{"name":"wp","href":"https:\/\/api.w.org\/{rel}","templated":true}]}}