{"id":154283,"date":"2022-01-31T12:27:21","date_gmt":"2022-01-31T15:27:21","guid":{"rendered":"https:\/\/www.novaconcursos.com.br\/portal\/?p=154283"},"modified":"2024-11-12T13:51:49","modified_gmt":"2024-11-12T16:51:49","slug":"concurso-ministerio-saude-ultima-semana-inscricao","status":"publish","type":"post","link":"https:\/\/www.novaconcursos.com.br\/portal\/noticias\/concurso-ministerio-saude-ultima-semana-inscricao\/","title":{"rendered":"Concurso Minist\u00e9rio da Sa\u00fade: \u00daltima semana de inscri\u00e7\u00e3o. Oferta de 4,6 mil vagas!"},"content":{"rendered":"<p>Aten\u00e7\u00e3o concurseiros! Chegou a \u00faltima semana de inscri\u00e7\u00f5es para o <a href=\"https:\/\/www.novaconcursos.com.br\/portal\/concursos\/concurso-ministerio-da-saude\/\">concurso Minist\u00e9rio da Sa\u00fade<\/a>. S\u00e3o oportunidades no\u00a0<strong>Programa M\u00e9dicos pelos Brasil<\/strong> para Tutores M\u00e9dicos e M\u00e9dicos da Fam\u00edlia e Comunidade. <\/p>\n\n\n\n<ul class=\"wp-block-list\"><li><strong>Confira:<\/strong>\u00a0<a href=\"https:\/\/www.novaconcursos.com.br\/eventos\/guia-definitivo-plano-de-estudos-passo-a-passo\/\" target=\"_blank\" rel=\"noreferrer noopener\" aria-label=\" (abre numa nova aba)\">Guia Definitivo Plano de Estudos (Gr\u00e1tis)<\/a><\/li>\n<\/ul><p><\/p>\n\n\n\n<p>Estude para o concurso dos seus sonhos com a\u00a0<a href=\"https:\/\/www.novaconcursos.com.br\/eventos\/assinatura\" target=\"_blank\" rel=\"noreferrer noopener\" aria-label=\" (abre numa nova aba)\">Assinatura Completa da Nova<\/a>. Tenha acesso a Cursos, Plataforma de Quest\u00f5es, Eventos Exclusivos para Assinantes e Muito Mais!<\/p>\n\n\n\n<h2 class=\"wp-block-heading\" id=\"concurso-ministrio-da-sade-como-realizar-inscries\">Concurso Minist\u00e9rio da Sa\u00fade: como realizar inscri\u00e7\u00f5es?<\/h2>\n\n\n\n<p>Para se\u00a0<strong>inscrever\u00a0<\/strong>em uma das vagas do\u00a0<a href=\"https:\/\/www.novaconcursos.com.br\/portal\/concursos-previstos\/nacional\">concurso\u00a0<\/a>do Minist\u00e9rio da Sa\u00fade, basta entrar no\u00a0site\u00a0do IBFC,\u00a0que \u00e9 a <strong>banca\u00a0<\/strong>organizadora.<\/p>\n\n\n\n<p>Assim, as inscri\u00e7\u00f5es ficar\u00e3o abertas\u00a0<strong>at\u00e9 \u00e0s 23h do dia 06 de fevereiro,<\/strong> ou seja, at\u00e9 domingo pr\u00f3ximo. Haver\u00e1 a cobran\u00e7a de uma taxa de\u00a0<strong>R$ 53,00<\/strong>.<\/p>\n\n\n\n<p>Portanto, o interessado dever\u00e1 optar pelo cargo, por at\u00e9\u00a0<strong>tr\u00eas munic\u00edpios de uma mesma macrorregi\u00e3o<\/strong>\u00a0onde deseja ser lotado e escolher a cidade para realizar a prova.<\/p>\n\n\n\n<h2 class=\"wp-block-heading\" id=\"concurso-ministrio-da-sade-vagas-e-salrios-ofertados\">Concurso Minist\u00e9rio da Sa\u00fade: vagas e sal\u00e1rios ofertados<\/h2>\n\n\n\n<p>O edital da Ag\u00eancia para o Desenvolvimento da Aten\u00e7\u00e3o Prim\u00e1ria \u00e0 Sa\u00fade conta com a oferta de\u00a0<strong>4.652 vagas<\/strong>\u00a0imediatas.<\/p>\n\n\n\n<p>Al\u00e9m disso, haver\u00e1 ainda a\u00a0<strong>forma\u00e7\u00e3o de um cadastro reserva<\/strong>\u00a0para munic\u00edpios de todos os estados do Brasil.<\/p>\n\n\n\n<p>Ademais, ser\u00e3o vagas no\u00a0<strong>Programa M\u00e9dicos pelo Brasil<\/strong> em dois cargos da \u00e1rea m\u00e9dica. Portanto, confira:<\/p>\n\n\n\n<ul class=\"wp-block-list\"><li><strong>Tutor M\u00e9dico<\/strong>\n<ul class=\"wp-block-list\"><li><strong>66 vagas<\/strong>\u00a0para atua\u00e7\u00e3o em localidades\u00a0<strong>remotas<\/strong>. O sal\u00e1rio \u00e9 de R$ 12.600,00 + incentivo de integra\u00e7\u00e3o ensino e servi\u00e7o (at\u00e9 R$ 1.428,50) + incentivo de desempenho (R$ 1.400,00) + incentivo localidade remota (R$ 3.000,00) + aux\u00edlio-alimenta\u00e7\u00e3o;<\/li>\n\n\n\n<li><strong>529 vagas\u00a0<\/strong>para atua\u00e7\u00e3o em\u00a0<strong>\u00e1reas urbanas e intermedi\u00e1rias<\/strong>. O sal\u00e1rio \u00e9 de R$ 12.600,00 + incentivo de integra\u00e7\u00e3o ensino e servi\u00e7o (at\u00e9 R$ 1.428,50) + incentivo de desempenho (R$ 1.400,00) + aux\u00edlio-alimenta\u00e7\u00e3o.<\/li>\n<\/ul><\/li>\n\n\n\n<li><strong>M\u00e9dico de Fam\u00edlia e Comunidade<\/strong>\n<ul class=\"wp-block-list\"><li><strong>1.832 vagas<\/strong>\u00a0para atua\u00e7\u00e3o em localidades\u00a0<strong>remotas<\/strong>. O valor da bolsa forma\u00e7\u00e3o \u00e9 de R$ 12.000,00 + incentivo localidade remota (R$ 3.000,00) + outros aux\u00edlios que poder\u00e3o ser definidos;<\/li>\n\n\n\n<li><strong>56 vagas<\/strong>\u00a0para atua\u00e7\u00e3o em localidades\u00a0<strong>distritos sanit\u00e1rios ind\u00edgenas<\/strong>. O valor da bolsa forma\u00e7\u00e3o \u00e9 de R$ 12.000,00 + incentivo distrito sanit\u00e1rio ind\u00edgena (at\u00e9 R$ 6.000,00) + outros aux\u00edlios que poder\u00e3o ser definidos;<\/li>\n\n\n\n<li><strong>2.169 vagas\u00a0<\/strong>para atua\u00e7\u00e3o em\u00a0<strong>\u00e1reas urbanas e intermedi\u00e1rias<\/strong>. O valor da bolsa forma\u00e7\u00e3o \u00e9 de R$ 12.000,00 + outros aux\u00edlios que poder\u00e3o ser definidos.<\/li>\n<\/ul><\/li>\n<\/ul><p><\/p>\n\n\n\n<h3 class=\"wp-block-heading\">Requisitos<\/h3>\n\n\n\n<p>Para Tutor \u00e9 exigido curso de<strong>\u00a0gradua\u00e7\u00e3o em Medicina<\/strong>, registro no respectivo conselho profissional e ter resid\u00eancia ou t\u00edtulo de especialista em Medicina de Fam\u00edlia e Comunidade ou Cl\u00ednica M\u00e9dica.<\/p>\n\n\n\n<p>Enquanto isso, para M\u00e9dico de Fam\u00edlia e Comunidade a exig\u00eancia \u00e9 de curso de\u00a0<strong>gradua\u00e7\u00e3o em Medicina<\/strong>\u00a0e registro no respectivo conselho profissional.<\/p>\n\n\n\n<p>Ademais, a\u00a0<strong>jornada de trabalho <\/strong>\u00e9 de 40 horas semanais. Mas, para M\u00e9dico de Fam\u00edlia e Comunidade ainda haver\u00e1 20 horas formativas.<\/p>\n\n\n\n<h2 class=\"wp-block-heading\" id=\"concurso-ministrio-da-sade-como-ser-a-seleo-dos-candidatos\">Concurso Minist\u00e9rio da Sa\u00fade: como ser\u00e1 a sele\u00e7\u00e3o dos candidatos?<\/h2>\n\n\n\n<p>Os inscritos no\u00a0<a href=\"https:\/\/www.novaconcursos.com.br\/portal\/concursos-abertos\/nacional\">concurso\u00a0<\/a>ser\u00e3o avaliados por meio de\u00a0<strong>provas objetivas. Entretanto, haver\u00e1 provas de t\u00edtulos<\/strong>\u00a0para a carreira de Tutor.<\/p>\n\n\n\n<p>Sendo assim, a avalia\u00e7\u00e3o ser\u00e1 aplicada no dia\u00a0<strong>6 de mar\u00e7o.\u00a0<\/strong>Portanto, confira abaixo onde haver\u00e1 aplica\u00e7\u00e3o:<\/p>\n\n\n\n<ul class=\"wp-block-list\"><li>Aracaju \u2013 SE<\/li>\n\n\n\n<li>Bel\u00e9m \u2013 PA<\/li>\n\n\n\n<li>Belo Horizonte \u2013 MG<\/li>\n\n\n\n<li>Boa Vista \u2013 RR<\/li>\n\n\n\n<li>Bras\u00edlia \u2013 DF<\/li>\n\n\n\n<li>Campo Grande \u2013 MS<\/li>\n\n\n\n<li>Cuiab\u00e1 \u2013 MT<\/li>\n\n\n\n<li>Curitiba \u2013 PR<\/li>\n\n\n\n<li>Florian\u00f3polis \u2013 SC<\/li>\n\n\n\n<li>Fortaleza \u2013 CE<\/li>\n\n\n\n<li>Goi\u00e2nia \u2013 GO<\/li>\n\n\n\n<li>Jo\u00e3o Pessoa \u2013 PB<\/li>\n\n\n\n<li>Macap\u00e1 \u2013 AP<\/li>\n\n\n\n<li>Macei\u00f3 \u2013 AL<\/li>\n\n\n\n<li>Manaus \u2013 AM<\/li>\n\n\n\n<li>Natal \u2013 RN<\/li>\n\n\n\n<li>Palmas \u2013 TO<\/li>\n\n\n\n<li>Porto Alegre \u2013 RS<\/li>\n\n\n\n<li>Porto Velho \u2013 RO<\/li>\n\n\n\n<li>Recife \u2013 PE<\/li>\n\n\n\n<li>Rio Branco \u2013 AC<\/li>\n\n\n\n<li>Rio de Janeiro \u2013 RJ<\/li>\n\n\n\n<li>Salvador \u2013 BA<\/li>\n\n\n\n<li>S\u00e3o Luiz \u2013 MA<\/li>\n\n\n\n<li>S\u00e3o Paulo \u2013 SP<\/li>\n\n\n\n<li>Teresina \u2013 PI<\/li>\n\n\n\n<li>Vit\u00f3ria \u2013 ES<\/li>\n<\/ul><p><\/p>\n\n\n\n<p>Assim, a prova valer\u00e1\u00a0<strong>100 pontos e <\/strong>para ser aprovado ser\u00e1 preciso que o candidato atinja a nota m\u00ednima de\u00a0<strong>40 pontos<\/strong>.<\/p>\n\n\n\n<p>Ademais, ser\u00e3o\u00a0<strong>50 quest\u00f5es<\/strong>, sendo 5 quest\u00f5es de\u00a0L\u00edngua Portuguesa, 15 quest\u00f5es de Conhecimentos do SUS e 30 quest\u00f5es de Conhecimentos Espec\u00edficos.<\/p>\n\n\n\n<figure class=\"wp-block-image size-large\"><a href=\"https:\/\/www.novaconcursos.com.br\/eventos\/assinatura\" target=\"_blank\" rel=\"noreferrer noopener\"><img decoding=\"async\" src=\"https:\/\/www.novaconcursos.com.br\/portal\/wp-content\/uploads\/2022\/01\/Faixa-Frete-Gr%E2%80%A0tis-portal.png\" alt=\"Assinatura completa\" class=\"wp-image-153078\" loading=\"lazy\" title=\"\"><\/a><figcaption><\/figcaption><\/figure>","protected":false},"excerpt":{"rendered":"<p>Aten\u00e7\u00e3o concurseiros! Chegou a \u00faltima semana de inscri\u00e7\u00f5es para o concurso Minist\u00e9rio da Sa\u00fade. S\u00e3o oportunidades no\u00a0Programa M\u00e9dicos pelos Brasil para Tutores M\u00e9dicos e M\u00e9dicos da Fam\u00edlia e Comunidade. Estude para o concurso dos seus sonhos com a\u00a0Assinatura Completa da Nova. Tenha acesso a Cursos, Plataforma de Quest\u00f5es, Eventos Exclusivos para Assinantes e Muito Mais! [&hellip;]<\/p>\n","protected":false},"author":54671,"featured_media":152505,"comment_status":"closed","ping_status":"closed","sticky":false,"template":"","format":"standard","meta":{"_acf_changed":false,"footnotes":"","_wp_rev_ctl_limit":""},"categories":[228],"tags":[],"class_list":["post-154283","post","type-post","status-publish","format-standard","has-post-thumbnail","hentry","category-noticias"],"acf":[],"_links":{"self":[{"href":"https:\/\/www.novaconcursos.com.br\/portal\/wp-json\/wp\/v2\/posts\/154283","targetHints":{"allow":["GET"]}}],"collection":[{"href":"https:\/\/www.novaconcursos.com.br\/portal\/wp-json\/wp\/v2\/posts"}],"about":[{"href":"https:\/\/www.novaconcursos.com.br\/portal\/wp-json\/wp\/v2\/types\/post"}],"author":[{"embeddable":true,"href":"https:\/\/www.novaconcursos.com.br\/portal\/wp-json\/wp\/v2\/users\/54671"}],"replies":[{"embeddable":true,"href":"https:\/\/www.novaconcursos.com.br\/portal\/wp-json\/wp\/v2\/comments?post=154283"}],"version-history":[{"count":5,"href":"https:\/\/www.novaconcursos.com.br\/portal\/wp-json\/wp\/v2\/posts\/154283\/revisions"}],"predecessor-version":[{"id":260311,"href":"https:\/\/www.novaconcursos.com.br\/portal\/wp-json\/wp\/v2\/posts\/154283\/revisions\/260311"}],"wp:featuredmedia":[{"embeddable":true,"href":"https:\/\/www.novaconcursos.com.br\/portal\/wp-json\/wp\/v2\/media\/152505"}],"wp:attachment":[{"href":"https:\/\/www.novaconcursos.com.br\/portal\/wp-json\/wp\/v2\/media?parent=154283"}],"wp:term":[{"taxonomy":"category","embeddable":true,"href":"https:\/\/www.novaconcursos.com.br\/portal\/wp-json\/wp\/v2\/categories?post=154283"},{"taxonomy":"post_tag","embeddable":true,"href":"https:\/\/www.novaconcursos.com.br\/portal\/wp-json\/wp\/v2\/tags?post=154283"}],"curies":[{"name":"wp","href":"https:\/\/api.w.org\/{rel}","templated":true}]}}