{"id":154519,"date":"2022-02-02T09:35:51","date_gmt":"2022-02-02T12:35:51","guid":{"rendered":"https:\/\/www.novaconcursos.com.br\/portal\/?p=154519"},"modified":"2024-11-18T14:56:18","modified_gmt":"2024-11-18T17:56:18","slug":"concurso-publico-valido-exigir-vacinacao","status":"publish","type":"post","link":"https:\/\/www.novaconcursos.com.br\/portal\/artigos\/concurso-publico-valido-exigir-vacinacao\/","title":{"rendered":"Concurso P\u00fablico: \u00c9 v\u00e1lido exigir comprovante de vacina\u00e7\u00e3o para provas? Entenda!"},"content":{"rendered":"<p>Apesar de n\u00e3o ser a maioria, v\u00e1rios <a href=\"https:\/\/www.novaconcursos.com.br\/portal\/concursos-previstos\/nacional\">concursos p\u00fablicos<\/a> est\u00e3o <strong>cobrando a exibi\u00e7\u00e3o do comprovante<\/strong> de vacina contra a Covid-19 para prestar a prova ou mesmo assumir a fun\u00e7\u00e3o p\u00fablica; confira ent\u00e3o se a <strong>exig\u00eancia \u00e9 legal!<\/strong><\/p>\n\n\n\n<ul class=\"wp-block-list\"><li><strong>Confira:<\/strong> Guia <a href=\"https:\/\/www.novaconcursos.com.br\/eventos\/guia-definitivo-como-montar-um-mapa-mental\/\" target=\"_blank\" rel=\"noreferrer noopener\" aria-label=\"Definitivo Como montar um mapa mental (Gr\u00e1tis) (abre numa nova aba)\">Definitivo Como montar um mapa mental (Gr\u00e1tis)<\/a><\/li>\n<\/ul><p><\/p>\n\n\n\n<p>Estude para o concurso dos seus sonhos com a\u00a0<a href=\"https:\/\/www.novaconcursos.com.br\/eventos\/assinatura\" target=\"_blank\" rel=\"noreferrer noopener\" aria-label=\" (abre numa nova aba)\">Assinatura Completa da Nova<\/a>. Tenha acesso a Cursos, Plataforma de Quest\u00f5es, Eventos Exclusivos para Assinantes e Muito Mais!<\/p>\n\n\n\n<h2 class=\"wp-block-heading\" id=\"concurso-pblico-pode-haver-exigncia-de-vacina\">Concurso P\u00fablico: pode haver exig\u00eancia de vacina?<\/h2>\n\n\n\n<p>Muitos concursos p\u00fablicos, <strong>mesmo n\u00e3o sendo a maioria,<\/strong> est\u00e3o cobrando o comprovante de vacina\u00e7\u00e3o contra a Covid-19 para candidatos, para realiza\u00e7\u00e3o das provas. <\/p>\n\n\n\n<p>E, \u00e9 importante destacar que essa <strong>exig\u00eancia est\u00e1 amparada na lei, <\/strong>pois o comprovante faz parte dos equipamentos obrigat\u00f3rios coletivos (EPC).<\/p>\n\n\n\n<p>Sendo assim,<strong> quem n\u00e3o estiver vacinado<\/strong> pode colocar em risco a sa\u00fade de seus colegas e clientes.<\/p>\n\n\n\n<p>Portanto, \u00e9 dever de cada uma das institui\u00e7\u00f5es,<strong> zelar pelo cuidado e bem estar <\/strong>dos candidatos na hora da realiza\u00e7\u00e3o das provas.<\/p>\n\n\n\n<p>Entretanto, para saber se o edital em que voc\u00ea est\u00e1 inscrito ir\u00e1 exigir o comprovante, \u00e9 preciso <strong>acompanhar not\u00edcias de atualiza\u00e7\u00e3o<\/strong> no site da banca organizadora, respons\u00e1vel pela sele\u00e7\u00e3o.<\/p>\n\n\n\n<h3 class=\"wp-block-heading\">Qual \u00e9 a lei?<\/h3>\n\n\n\n<p>Ainda n\u00e3o h\u00e1 um consenso sobre at\u00e9 que ponto os\u00a0<strong>concursos podem obrigar <\/strong>os concurseiros a se imunizar contra a Covid-19.\u00a0<\/p>\n\n\n\n<p>Mas, de acordo com a\u00a0<a rel=\"noreferrer noopener\" href=\"http:\/\/www.planalto.gov.br\/ccivil_03\/_ato2019-2022\/2020\/lei\/l13979.htm\" target=\"_blank\">Lei n\u00ba 13.979<\/a>, <strong>publicada em fevereiro de 2020, <\/strong>autoridades podem adotar a realiza\u00e7\u00e3o compuls\u00f3ria da vacina\u00e7\u00e3o e outras medidas profil\u00e1ticas para enfrentamento da emerg\u00eancia de sa\u00fade p\u00fablica.\u00a0<\/p>\n\n\n\n<p>Al\u00e9m disso, a <strong>cobran\u00e7a de vacina\u00e7\u00e3o <\/strong>vem sendo adotada por muitas organiza\u00e7\u00f5es como forma de zelar pela equipe.<\/p>\n\n\n\n<h3 class=\"wp-block-heading\">N\u00fameros da pandemia x vacina\u00e7\u00e3o<\/h3>\n\n\n\n<p>A pandemia j\u00e1 est\u00e1 <strong>prestes a completar dois anos<\/strong> no pa\u00eds e o n\u00famero de infec\u00e7\u00f5es ainda \u00e9 elevado diariamente. <\/p>\n\n\n\n<p>S\u00e3o cerca de 355 milh\u00f5es de cidad\u00e3os que foram infectados pela doen\u00e7a no mundo, sendo que mais de <strong>24 milh\u00f5es s\u00e3o no Brasil.<\/strong><\/p>\n\n\n\n<p>E, aqui no pa\u00eds, <strong>70% da popula\u00e7\u00e3o j\u00e1 foi vacinada<\/strong>, o que tem evitado um cen\u00e1rio pior frente a nova onda de infec\u00e7\u00f5es que estamos vivendo.<\/p>\n\n\n\n<p>Segundo especialistas, a vacina reduz as complica\u00e7\u00f5es decorrentes do cont\u00e1gio e, consequentemente, o n\u00famero de mortes. Por isso, o <strong>comprovante<\/strong> tem sido exigido em diversas situa\u00e7\u00f5es.<\/p>\n\n\n\n<p>Sendo assim, as vacinas treinam seu <strong>sistema imunol\u00f3gico<\/strong> para criar anticorpos assim que ele \u00e9 exposto a um v\u00edrus ou uma doen\u00e7a. <\/p>\n\n\n\n<p><strong>J\u00e1 em rela\u00e7\u00e3o aos concursos<\/strong>, a pandemia teve in\u00edcio quando v\u00e1rios editais j\u00e1 estavam prontos, sendo que alguns j\u00e1 estavam at\u00e9 mesmo publicados. <\/p>\n\n\n\n<p>Entretanto, <strong>muitos <\/strong>tiveram que ser adiados e at\u00e9 mesmo <strong>cancelados<\/strong>, o que atrapalhou muito a vida dos concurseiros e dos \u00f3rg\u00e3os.<\/p>\n\n\n\n<p>Com a situa\u00e7\u00e3o, os<strong> respons\u00e1veis se reuniram<\/strong> e decidiram agora que o concurso p\u00fablico pode exigir vacina\u00e7\u00e3o, caso queira.<\/p>\n\n\n\n<h2 class=\"wp-block-heading\" id=\"concurso-mp-sp-vai-exigir-comprovante-de-vacinao\">Concurso MP SP vai exigir comprovante de vacina\u00e7\u00e3o<\/h2>\n\n\n\n<p>Dentre os concursos p\u00fablicos que est\u00e3o <strong>exigindo o comprovante<\/strong> de vacina\u00e7\u00e3o est\u00e1 o <a href=\"https:\/\/www.novaconcursos.com.br\/portal\/concursos\/concurso-mp-sp-promotor\/\">MP SP<\/a> (Minist\u00e9rio P\u00fablico de S\u00e3o Paulo).<\/p>\n\n\n\n<p>A medida foi anunciada em publica\u00e7\u00e3o no<strong> Di\u00e1rio Oficial do estado<\/strong> desta ter\u00e7a-feira (1\/2). O documento afirma que a exig\u00eancia leva em conta um t\u00f3pico do edital. Portanto, confira qual:<\/p>\n\n\n\n<p><em>\u201cEventuais protocolos sanit\u00e1rios relacionados \u00e0 pandemia da covid-19 poder\u00e3o ser adotados durante o per\u00edodo de realiza\u00e7\u00e3o deste concurso\u201d<\/em>, diz o t\u00f3pico.<\/p>\n\n\n\n<p>Sendo assim, ficou<strong> definida a apresenta\u00e7\u00e3o do comprovante <\/strong>de, no m\u00ednimo, duas doses (ou \u00fanico, no caso da Jansseen) contra a covid-19. <\/p>\n\n\n\n<p><em>\u201cO candidato que n\u00e3o apresentar o comprovante da vacina\u00e7\u00e3o n\u00e3o poder\u00e1 realizar as provas\u201d<\/em>, descreve o comunicado. <\/p>\n\n\n\n<p>Lembrando entretanto que a <strong>data da prova<\/strong> ainda est\u00e1 definida. O edital oferta 125 vagas para Promotor.<\/p>\n\n\n\n<p>A carreira exige <strong>bacharelado em Direito<\/strong> e experi\u00eancia na atividade jur\u00eddica de, no m\u00ednimo, 3 anos. Ademais, os sal\u00e1rios iniciais s\u00e3o de<strong> R$ 28.883,9.\u00a0 <\/strong><\/p>\n\n\n\n<h2 class=\"wp-block-heading\" id=\"concurso-pc-pb-no-vai-exigir-comprovante-de-vacinao\">Concurso PC PB n\u00e3o vai exigir comprovante de vacina\u00e7\u00e3o<\/h2>\n\n\n\n<p>Enquanto isso, o<a href=\"https:\/\/www.novaconcursos.com.br\/portal\/concursos\/concurso-pc-pb\/\"> concurso da Pol\u00edcia Civil da Para\u00edba<\/a> voltou atr\u00e1s na decis\u00e3o e <strong>n\u00e3o vai mais exigir o comprovante<\/strong> de vacina\u00e7\u00e3o para as provas.<\/p>\n\n\n\n<p>Portanto, podem realizar a prova, conforme previsto na lei estadual. A informa\u00e7\u00e3o foi confirmada pelo <strong>delegado Hugo Lucena, <\/strong>que \u00e9 da organiza\u00e7\u00e3o do certame. <\/p>\n\n\n\n<p>Segundo o delegado, quando a lei criou o passaporte foi publicado no Di\u00e1rio Oficial do Estado, <strong>em 14 de outubro.<\/strong> Entretanto, o edital j\u00e1 havia sido publicado e as inscri\u00e7\u00f5es abertas.<\/p>\n\n\n\n<p>Sendo assim, as <strong>inscri\u00e7\u00f5es aconteceram uma semana antes<\/strong> da aprova\u00e7\u00e3o da lei pela Assembleia Legislativa da Para\u00edba e da san\u00e7\u00e3o do governador. <\/p>\n\n\n\n<p>O concurso PC PB <strong>oferta 1.400 vagas, <\/strong>sendo 138 para pessoas com defici\u00eancia, para 17 cargos. Os sal\u00e1rios variam entre <strong>R$ 3.726,73 e R$ 12.769,80.<\/strong><\/p>\n\n\n\n<figure class=\"wp-block-image size-large\"><a href=\"https:\/\/www.novaconcursos.com.br\/eventos\/assinatura\" target=\"_blank\" rel=\"noreferrer noopener\"><img decoding=\"async\" src=\"https:\/\/www.novaconcursos.com.br\/portal\/wp-content\/uploads\/2022\/01\/Faixa-Frete-Gr%E2%80%A0tis-portal.png\" alt=\"assinatura completa\" class=\"wp-image-153078\" loading=\"lazy\" title=\"\"><\/a><figcaption><\/figcaption><\/figure>","protected":false},"excerpt":{"rendered":"<p>Apesar de n\u00e3o ser a maioria, v\u00e1rios concursos p\u00fablicos est\u00e3o cobrando a exibi\u00e7\u00e3o do comprovante de vacina contra a Covid-19 para prestar a prova ou mesmo assumir a fun\u00e7\u00e3o p\u00fablica; confira ent\u00e3o se a exig\u00eancia \u00e9 legal! Estude para o concurso dos seus sonhos com a\u00a0Assinatura Completa da Nova. Tenha acesso a Cursos, Plataforma de [&hellip;]<\/p>\n","protected":false},"author":54671,"featured_media":151572,"comment_status":"closed","ping_status":"closed","sticky":false,"template":"","format":"standard","meta":{"_acf_changed":false,"footnotes":"","_wp_rev_ctl_limit":""},"categories":[33508],"tags":[],"class_list":["post-154519","post","type-post","status-publish","format-standard","has-post-thumbnail","hentry","category-artigos"],"acf":[],"_links":{"self":[{"href":"https:\/\/www.novaconcursos.com.br\/portal\/wp-json\/wp\/v2\/posts\/154519","targetHints":{"allow":["GET"]}}],"collection":[{"href":"https:\/\/www.novaconcursos.com.br\/portal\/wp-json\/wp\/v2\/posts"}],"about":[{"href":"https:\/\/www.novaconcursos.com.br\/portal\/wp-json\/wp\/v2\/types\/post"}],"author":[{"embeddable":true,"href":"https:\/\/www.novaconcursos.com.br\/portal\/wp-json\/wp\/v2\/users\/54671"}],"replies":[{"embeddable":true,"href":"https:\/\/www.novaconcursos.com.br\/portal\/wp-json\/wp\/v2\/comments?post=154519"}],"version-history":[{"count":6,"href":"https:\/\/www.novaconcursos.com.br\/portal\/wp-json\/wp\/v2\/posts\/154519\/revisions"}],"predecessor-version":[{"id":261681,"href":"https:\/\/www.novaconcursos.com.br\/portal\/wp-json\/wp\/v2\/posts\/154519\/revisions\/261681"}],"wp:featuredmedia":[{"embeddable":true,"href":"https:\/\/www.novaconcursos.com.br\/portal\/wp-json\/wp\/v2\/media\/151572"}],"wp:attachment":[{"href":"https:\/\/www.novaconcursos.com.br\/portal\/wp-json\/wp\/v2\/media?parent=154519"}],"wp:term":[{"taxonomy":"category","embeddable":true,"href":"https:\/\/www.novaconcursos.com.br\/portal\/wp-json\/wp\/v2\/categories?post=154519"},{"taxonomy":"post_tag","embeddable":true,"href":"https:\/\/www.novaconcursos.com.br\/portal\/wp-json\/wp\/v2\/tags?post=154519"}],"curies":[{"name":"wp","href":"https:\/\/api.w.org\/{rel}","templated":true}]}}