{"id":154621,"date":"2022-02-02T14:09:47","date_gmt":"2022-02-02T17:09:47","guid":{"rendered":"https:\/\/www.novaconcursos.com.br\/portal\/?p=154621"},"modified":"2022-02-02T14:09:52","modified_gmt":"2022-02-02T17:09:52","slug":"concurso-dpe-am-comissao-formada","status":"publish","type":"post","link":"https:\/\/www.novaconcursos.com.br\/portal\/noticias\/concurso-dpe-am-comissao-formada\/","title":{"rendered":"Concurso DPE AM: Comiss\u00e3o formada para novo edital. Saiba mais!"},"content":{"rendered":"<p>Atualiza\u00e7\u00f5es sobre o pr\u00f3ximo <a href=\"https:\/\/www.novaconcursos.com.br\/portal\/concursos\/concurso-dpe-am\/\">concurso DPE AM<\/a>! Uma <strong>comiss\u00e3o organizadora <\/strong>foi formada para o novo edital, de forma que os tr\u00e2mites para a elabora\u00e7\u00e3o do documento <strong>j\u00e1 poder\u00e3o ser iniciados<\/strong>. Ademais, a sele\u00e7\u00e3o ofertar\u00e1 vagas para o quadro de servidores auxiliares.<\/p>\n\n\n\n<ul class=\"wp-block-list\"><li><strong>Confira: <\/strong><a href=\"https:\/\/www.novaconcursos.com.br\/eventos\/guia-definitivo-plano-de-estudos-passo-a-passo\/\" target=\"_blank\" rel=\"noreferrer noopener\" aria-label=\" (abre numa nova aba)\">Guia Definitivo Plano de Estudos \u2013 Gr\u00e1tis<\/a><\/li><\/ul><p><\/p>\n\n\n\n<p>No dia <strong>29 de janeiro <\/strong>foi publicado um regulamento que informa alguns detalhes acerca do pr\u00f3ximo concurso da Defensoria P\u00fablica do Amazonas. Ademais, uma <strong>comiss\u00e3o organizadora<\/strong> <strong>foi definida<\/strong> para auxiliar nos tr\u00e2mites a serem desenvolvidos para a sele\u00e7\u00e3o.<\/p>\n\n\n\n<p>Al\u00e9m disso, vale lembrar que o \u00faltimo concurso DPE AM aconteceu recentemente, <strong>no ano passado<\/strong>, sob a organiza\u00e7\u00e3o da <a href=\"https:\/\/www.concursosfcc.com.br\" target=\"_blank\" rel=\"noreferrer noopener\" aria-label=\"FCC (abre numa nova aba)\">FCC<\/a>, e ofertou oportunidades para os cargos de <strong>Analista Jur\u00eddico de Defensoria e Assistente T\u00e9cnico de Defensoria.<\/strong><\/p>\n\n\n\n<p>Estude para o concurso dos seus sonhos com a <a rel=\"noreferrer noopener\" aria-label=\"Assinatura Completa da Nova (abre numa nova aba)\" href=\"https:\/\/aprovacao.novaconcursos.com.br\/assinatura\" target=\"_blank\">Assinatura Completa da Nova<\/a>. Tenha acesso a <strong>Cursos, Plataforma de Quest\u00f5es, Eventos Exclusivos <\/strong>para Assinantes e Muito Mais!<\/p>\n\n\n\n<h2 class=\"wp-block-heading\" id=\"concurso-dpe-am-comisso-organizadora\"><strong>Concurso DPE AM: comiss\u00e3o organizadora<\/strong><\/h2>\n\n\n\n<p>Portanto, foi recentemente formada uma <strong>comiss\u00e3o organizadora<\/strong> para o novo concurso DPE AM. Ademais, o grupo ser\u00e1 respons\u00e1vel por estudar a <strong>necessidade da Defensoria<\/strong>, al\u00e9m de cuidar do processo de escolha e contrata\u00e7\u00e3o da banca organizadora.<\/p>\n\n\n\n<p>Sendo assim, conhe\u00e7a os <strong>membros <\/strong>da comiss\u00e3o definida:<\/p>\n\n\n\n<ul class=\"wp-block-list\"><li>Thiago Nobre Rosas (Presidente);<\/li><li>Nairo Aguiar Cordeiro (Membro); e<\/li><li>Theo Eduardo Ribeiro Fernandes Moreira da Costa (Membro).<\/li><\/ul><p><\/p>\n\n\n\n<h2 class=\"wp-block-heading\" id=\"panorama-geral-do-novo-concurso-dpe-am\"><strong>Panorama geral do novo concurso DPE AM<\/strong><\/h2>\n\n\n\n<p>Em suma, de acordo com o regulamento publicado, o pr\u00f3ximo concurso da Defensoria P\u00fablica do <a href=\"https:\/\/www.novaconcursos.com.br\/portal\/concursos-previstos\/am\/\">Amazonas<\/a> pode acontecer <strong>em breve<\/strong>, ofertando oportunidades para as <strong>carreiras<\/strong> a seguir:<\/p>\n\n\n\n<ul class=\"wp-block-list\"><li>Analista Jur\u00eddico de Defensoria \u2013 Ci\u00eancias Jur\u00eddicas<\/li><li>Assistente T\u00e9cnico de Defensoria \u2013 Assistente T\u00e9cnico Administrativo<\/li><\/ul><p><\/p>\n\n\n\n<p>\u00c9 igualmente importante destacar que para Analista o requisito \u00e9 o<strong> Curso Superior <\/strong>em Direito ou Ci\u00eancias Sociais, enquanto para Assistente ser\u00e1 exigido o <strong>Curso M\u00e9dio completo<\/strong>, devendo ser ambos devidamente reconhecidos.<\/p>\n\n\n\n<p>Al\u00e9m disso, o documento divulgado tamb\u00e9m informa que aqueles que forem aprovados no concurso p\u00fablico <strong>ser\u00e3o lotados nos munic\u00edpios de <\/strong>Autazes, Careiro Castanho, Careiro da V\u00e1rzea, Manaquiri, Presidente Figueiredo e Rio Preto da Eva.<\/p>\n\n\n\n<h2 class=\"wp-block-heading\" id=\"concurso-dpe-am-requisitos-bsicos\"><strong>Concurso DPE AM: requisitos b\u00e1sicos<\/strong><\/h2>\n\n\n\n<p>\u00c9 igualmente essencial que os concurseiros interessados no pr\u00f3ximo <a href=\"https:\/\/www.novaconcursos.com.br\/portal\/concursos-abertos\/am\/\">concurso<\/a> DPE AM saibam que, al\u00e9m das exig\u00eancias citadas acima, ainda dever\u00e3o cumprir com os seguintes <strong>requisitos b\u00e1sicos:<\/strong><\/p>\n\n\n\n<ul class=\"wp-block-list\"><li>ser aprovado e classificado no concurso p\u00fablico;<\/li><li>ter nacionalidade brasileira ou portuguesa e, neste caso, estar amparado pelo estatuto de igualdade entre brasileiros e portugueses, com reconhecimento do gozo dos direitos pol\u00edticos, nos termos do artigo 12, \u00a7 1\u00ba, da Constitui\u00e7\u00e3o Federal;<\/li><li>estar em dia com as obriga\u00e7\u00f5es eleitorais;<\/li><li>estar em dia com as obriga\u00e7\u00f5es militares, em caso de candidato do sexo masculino;<\/li><li>atender aos requisitos exigidos para o cargo e a especialidade, na forma do Anexo II do presente Ato;<\/li><li>ter idade m\u00ednima de dezoito anos completos;<\/li><li>ter aptid\u00e3o f\u00edsica e mental para o exerc\u00edcio das atribui\u00e7\u00f5es do cargo e da especialidade;<\/li><li>apresentar os laudos de sanidade f\u00edsica e mental;<\/li><li>apresentar declara\u00e7\u00e3o de bens e rendimentos;<\/li><li>declarar se tem ocupa\u00e7\u00e3o, ou n\u00e3o, de outro cargo, emprego ou fun\u00e7\u00e3o p\u00fablica;<\/li><li>n\u00e3o possuir condena\u00e7\u00e3o em \u00f3rg\u00e3o de classe, em rela\u00e7\u00e3o ao exerc\u00edcio profissional, quando exigida inscri\u00e7\u00e3o espec\u00edfica para o desempenho das fun\u00e7\u00f5es do cargo e da especialidade;<\/li><li>satisfazer as exig\u00eancias contidas neste Ato e no Edital de Abertura.<\/li><\/ul><p><\/p>\n\n\n\n<h2 class=\"wp-block-heading\" id=\"como-sero-as-provas-do-concurso\"><strong>Como ser\u00e3o as provas do concurso?<\/strong><\/h2>\n\n\n\n<p>Por fim, \u00e9 imprescind\u00edvel que os concurseiros tamb\u00e9m saibam que durante a sele\u00e7\u00e3o, passar\u00e3o pelas seguintes <strong>etapas avaliativas:<\/strong><\/p>\n\n\n\n<ul class=\"wp-block-list\"><li>primeira fase, constitu\u00edda de provas escritas, eminentemente com quest\u00f5es objetivas e de m\u00faltipla escolha, de car\u00e1ter eliminat\u00f3rio e classificat\u00f3rio;<\/li><li>segunda fase, apenas para os cargos de analista, constitu\u00edda de provas escritas, preferencialmente com estudos de casos, de car\u00e1ter eliminat\u00f3rio e classificat\u00f3rio.<\/li><\/ul><p><\/p>\n\n\n\n<p>Nesse sentido, para a <strong>prova objetiva<\/strong> ser\u00e1 necess\u00e1rio que os inscritos no concurso p\u00fablico respondam a <strong>60 quest\u00f5es <\/strong>de m\u00faltipla escolha sobre Conhecimentos Gerais (20) e Conhecimentos Espec\u00edficos (40).<\/p>\n\n\n\n<figure class=\"wp-block-image size-large\"><a href=\"https:\/\/aprovacao.novaconcursos.com.br\/assinatura\" target=\"_blank\" rel=\"noreferrer noopener\"><img decoding=\"async\" src=\"https:\/\/www.novaconcursos.com.br\/portal\/wp-content\/uploads\/2022\/01\/Faixa-Frete-Gr%E2%80%A0tis-portal.png\" alt=\"assinatura completa\" class=\"wp-image-153078\" loading=\"lazy\" title=\"\"><\/a><figcaption><\/figcaption><\/figure>","protected":false},"excerpt":{"rendered":"<p>Atualiza\u00e7\u00f5es sobre o pr\u00f3ximo concurso DPE AM! Uma comiss\u00e3o organizadora foi formada para o novo edital, de forma que os tr\u00e2mites para a elabora\u00e7\u00e3o do documento j\u00e1 poder\u00e3o ser iniciados. Ademais, a sele\u00e7\u00e3o ofertar\u00e1 vagas para o quadro de servidores auxiliares. Confira: Guia Definitivo Plano de Estudos \u2013 Gr\u00e1tis No dia 29 de janeiro foi [&hellip;]<\/p>\n","protected":false},"author":54674,"featured_media":135713,"comment_status":"closed","ping_status":"closed","sticky":false,"template":"","format":"standard","meta":{"_acf_changed":false,"footnotes":"","_wp_rev_ctl_limit":""},"categories":[228],"tags":[],"class_list":["post-154621","post","type-post","status-publish","format-standard","has-post-thumbnail","hentry","category-noticias"],"acf":[],"_links":{"self":[{"href":"https:\/\/www.novaconcursos.com.br\/portal\/wp-json\/wp\/v2\/posts\/154621","targetHints":{"allow":["GET"]}}],"collection":[{"href":"https:\/\/www.novaconcursos.com.br\/portal\/wp-json\/wp\/v2\/posts"}],"about":[{"href":"https:\/\/www.novaconcursos.com.br\/portal\/wp-json\/wp\/v2\/types\/post"}],"author":[{"embeddable":true,"href":"https:\/\/www.novaconcursos.com.br\/portal\/wp-json\/wp\/v2\/users\/54674"}],"replies":[{"embeddable":true,"href":"https:\/\/www.novaconcursos.com.br\/portal\/wp-json\/wp\/v2\/comments?post=154621"}],"version-history":[{"count":4,"href":"https:\/\/www.novaconcursos.com.br\/portal\/wp-json\/wp\/v2\/posts\/154621\/revisions"}],"predecessor-version":[{"id":154629,"href":"https:\/\/www.novaconcursos.com.br\/portal\/wp-json\/wp\/v2\/posts\/154621\/revisions\/154629"}],"wp:featuredmedia":[{"embeddable":true,"href":"https:\/\/www.novaconcursos.com.br\/portal\/wp-json\/wp\/v2\/media\/135713"}],"wp:attachment":[{"href":"https:\/\/www.novaconcursos.com.br\/portal\/wp-json\/wp\/v2\/media?parent=154621"}],"wp:term":[{"taxonomy":"category","embeddable":true,"href":"https:\/\/www.novaconcursos.com.br\/portal\/wp-json\/wp\/v2\/categories?post=154621"},{"taxonomy":"post_tag","embeddable":true,"href":"https:\/\/www.novaconcursos.com.br\/portal\/wp-json\/wp\/v2\/tags?post=154621"}],"curies":[{"name":"wp","href":"https:\/\/api.w.org\/{rel}","templated":true}]}}