{"id":154692,"date":"2022-02-03T10:04:58","date_gmt":"2022-02-03T13:04:58","guid":{"rendered":"https:\/\/www.novaconcursos.com.br\/portal\/?p=154692"},"modified":"2024-11-12T10:38:19","modified_gmt":"2024-11-12T13:38:19","slug":"concurso-pm-ac-projeto-lei-aumentar-idade","status":"publish","type":"post","link":"https:\/\/www.novaconcursos.com.br\/portal\/noticias\/concurso-pm-ac-projeto-lei-aumentar-idade\/","title":{"rendered":"Concurso PM AC: Projeto de lei quer aumentar idade m\u00e1xima de ingresso!"},"content":{"rendered":"<p>Aten\u00e7\u00e3o concurseiros! Um <strong>projeto de lei <\/strong>foi encaminhado pelo governador Gladson Cameli, para <strong>alterar a idade m\u00e1xima<\/strong> para ingresso na Pol\u00edcia Militar, impactando no <a href=\"https:\/\/www.novaconcursos.com.br\/portal\/concursos\/concurso-pm-ac\/\">concurso PM AC<\/a> e <a href=\"https:\/\/www.novaconcursos.com.br\/portal\/concursos\/concurso-bombeiros-ac\/\">Bombeiros AC<\/a>. <\/p>\n\n\n\n<ul class=\"wp-block-list\"><li><strong>Confira:<\/strong> <a href=\"https:\/\/www.novaconcursos.com.br\/eventos\/guia-definitivo-plano-de-estudos-passo-a-passo\/\" target=\"_blank\" rel=\"noreferrer noopener\" aria-label=\" (abre numa nova aba)\">Guia Definitivo Plano de Estudos (Gr\u00e1tis)<\/a> <\/li>\n<\/ul><p><\/p>\n\n\n\n<p>Estude para o concurso dos seus sonhos com a\u00a0<a href=\"https:\/\/www.novaconcursos.com.br\/eventos\/assinatura\" target=\"_blank\" rel=\"noreferrer noopener\" aria-label=\" (abre numa nova aba)\">Assinatura Completa da Nova<\/a>. Tenha acesso a Cursos, Plataforma de Quest\u00f5es, Eventos Exclusivos para Assinantes e Muito Mais!<\/p>\n\n\n\n<h2 class=\"wp-block-heading\" id=\"concurso-pm-ac-o-que-diz-o-projeto\">Concurso PM AC: o que diz o projeto?<\/h2>\n\n\n\n<p>Um Projeto de Lei busca atualizar a Lei Complementar n\u00ba 164\/2006, alterando a idade m\u00e1xima para ingresso na <strong>Pol\u00edcia Militar e no Corpo de Bombeiros <\/strong>do <a href=\"https:\/\/www.novaconcursos.com.br\/portal\/concursos-abertos\/ac\/\">Estado do Acre<\/a>.<\/p>\n\n\n\n<p>Assim, a proposta foi enviada em <strong>car\u00e1ter de urg\u00eancia<\/strong> pelo governador do Acre, Gladson Cameli. <\/p>\n\n\n\n<p>Atualmente, o Estatuto dos Militares do Acre prev\u00ea<strong> idade m\u00e1xima de 30 anos<\/strong>, no ato da inscri\u00e7\u00e3o, para ingresso no cargo de Soldado. <\/p>\n\n\n\n<p>Assim, o novo Projeto de Lei prop\u00f5e que o candidato<strong> tenha no m\u00e1ximo 32 anos <\/strong>no ato da inscri\u00e7\u00e3o para Aluno Soldado ou Oficial da PM e do CBM.<\/p>\n\n\n\n<p>Al\u00e9m disso, o projeto <strong>visa ainda retirar a exig\u00eancia<\/strong> do diploma Direito (bacharelado) para exercer o cargo de Oficial do Corpo de Bombeiros.<\/p>\n\n\n\n<p>Sendo assim, a <strong>carreira passaria a exigir escolaridade de n\u00edvel superior<\/strong> em qualquer \u00e1rea de forma\u00e7\u00e3o.<\/p>\n\n\n\n<h2 class=\"wp-block-heading\" id=\"h-novas-convoca-es\">Novas convoca\u00e7\u00f5es na PM<\/h2>\n\n\n\n<p>Quem foi <strong>aprovado <\/strong>nos \u00faltimos concursos da seguran\u00e7a p\u00fablica do <a href=\"https:\/\/www.novaconcursos.com.br\/portal\/concursos-previstos\/ac\/\">Estado do Acre<\/a> deve ficar <strong>atento<\/strong>, pois novas convoca\u00e7\u00f5es devem surgir. <\/p>\n\n\n\n<p>Assim, o governador anunciou que mais de 180 candidatos que est\u00e3o no cadastro de reserva dos\u00a0<strong>concursos da PM e PC <\/strong>ser\u00e3o chamados para se apresentar em breve.<\/p>\n\n\n\n<p>Portanto, o an\u00fancio foi feito tamb\u00e9m pelo <strong>deputado estadual<\/strong>, Pedro Longo, em uma sess\u00e3o da Assembleia Legislativa. <\/p>\n\n\n\n<p>Vale destacar que em 2021, o governador ainda assinou um decreto que autorizava a convoca\u00e7\u00e3o de <strong>325 aprovados<\/strong> no \u00faltimo concurso PM AC. As oportunidades seriam para Soldado.<\/p>\n\n\n\n<p>Ademais, a forma\u00e7\u00e3o das novas turmas ser\u00e1 poss\u00edvel <strong>devido ao parecer <\/strong>dado pela Procuradoria Geral do Estado (PGE).<\/p>\n\n\n\n<p>O parecer foi uma resposta a um pedido do poder executivo. Assim, a PGE consentiu que fossem ocupados os<strong> cargos que ficaram vagos <\/strong>a partir do ano de 2014.<\/p>\n\n\n\n<p>Por outro lado, <strong>para a Pol\u00edcia Civil, <\/strong>o deputado acredita que ser\u00e3o chamados mais de <strong>50 candidatos<\/strong>, o que indica que ser\u00e3o convocadas mais de 130 pessoas.<\/p>\n\n\n\n<h2 class=\"wp-block-heading\" id=\"novo-concurso-bombeiros-ac\">Novo concurso Bombeiros AC?<\/h2>\n\n\n\n<p><strong>Saiu o edital<\/strong>\u00a0do concurso do Corpo de Bombeiros do Acre, com a oferta de <strong>153 vagas<\/strong>\u00a0para a carreira de Soldado, com exig\u00eancia de<strong>\u00a0n\u00edvel superior<\/strong>.<\/p>\n\n\n\n<p>Os interessados em uma das vagas podem se\u00a0<strong>inscrever<\/strong> at\u00e9 \u00e0s 21h do dia\u00a0<strong>7 de fevereiro, <\/strong>por meio do\u00a0site\u00a0do Instituto\u00a0Brasileiro de Forma\u00e7\u00e3o e Capacita\u00e7\u00e3o\u00a0(IBFC), banca organizadora. <\/p>\n\n\n\n<p>A\u00a0<strong>prova objetiva\u00a0<\/strong>ser\u00e1 aplicada no dia 6 de mar\u00e7o, no turno da manh\u00e3, e contar\u00e1 com\u00a0<strong>65 quest\u00f5es<\/strong>. Saiba mais sobre a sele\u00e7\u00e3o, <a href=\"https:\/\/www.novaconcursos.com.br\/portal\/noticias\/concurso-bombeiros-ac-saiu-edital-vagas\/\">clicando aqui<\/a>.<\/p>\n\n\n\n<p>Lembrando que por enquanto a <strong>idade m\u00e1xima \u00e9 de 30 anos n<\/strong>o ato da inscri\u00e7\u00e3o. Caso o PL acima seja aprovado, a idade passa para 32!<\/p>\n\n\n\n<figure class=\"wp-block-image size-large\"><a href=\"https:\/\/www.novaconcursos.com.br\/eventos\/assinatura\" target=\"_blank\" rel=\"noreferrer noopener\"><img decoding=\"async\" src=\"https:\/\/www.novaconcursos.com.br\/portal\/wp-content\/uploads\/2022\/01\/Faixa-Frete-Gr%E2%80%A0tis-portal.png\" alt=\"assinatura completa\" class=\"wp-image-153078\" loading=\"lazy\" title=\"\"><\/a><figcaption><\/figcaption><\/figure>","protected":false},"excerpt":{"rendered":"<p>Aten\u00e7\u00e3o concurseiros! Um projeto de lei foi encaminhado pelo governador Gladson Cameli, para alterar a idade m\u00e1xima para ingresso na Pol\u00edcia Militar, impactando no concurso PM AC e Bombeiros AC. Estude para o concurso dos seus sonhos com a\u00a0Assinatura Completa da Nova. Tenha acesso a Cursos, Plataforma de Quest\u00f5es, Eventos Exclusivos para Assinantes e Muito [&hellip;]<\/p>\n","protected":false},"author":54671,"featured_media":154694,"comment_status":"closed","ping_status":"closed","sticky":false,"template":"","format":"standard","meta":{"_acf_changed":false,"footnotes":"","_wp_rev_ctl_limit":""},"categories":[228],"tags":[],"class_list":["post-154692","post","type-post","status-publish","format-standard","has-post-thumbnail","hentry","category-noticias"],"acf":[],"_links":{"self":[{"href":"https:\/\/www.novaconcursos.com.br\/portal\/wp-json\/wp\/v2\/posts\/154692","targetHints":{"allow":["GET"]}}],"collection":[{"href":"https:\/\/www.novaconcursos.com.br\/portal\/wp-json\/wp\/v2\/posts"}],"about":[{"href":"https:\/\/www.novaconcursos.com.br\/portal\/wp-json\/wp\/v2\/types\/post"}],"author":[{"embeddable":true,"href":"https:\/\/www.novaconcursos.com.br\/portal\/wp-json\/wp\/v2\/users\/54671"}],"replies":[{"embeddable":true,"href":"https:\/\/www.novaconcursos.com.br\/portal\/wp-json\/wp\/v2\/comments?post=154692"}],"version-history":[{"count":5,"href":"https:\/\/www.novaconcursos.com.br\/portal\/wp-json\/wp\/v2\/posts\/154692\/revisions"}],"predecessor-version":[{"id":260222,"href":"https:\/\/www.novaconcursos.com.br\/portal\/wp-json\/wp\/v2\/posts\/154692\/revisions\/260222"}],"wp:featuredmedia":[{"embeddable":true,"href":"https:\/\/www.novaconcursos.com.br\/portal\/wp-json\/wp\/v2\/media\/154694"}],"wp:attachment":[{"href":"https:\/\/www.novaconcursos.com.br\/portal\/wp-json\/wp\/v2\/media?parent=154692"}],"wp:term":[{"taxonomy":"category","embeddable":true,"href":"https:\/\/www.novaconcursos.com.br\/portal\/wp-json\/wp\/v2\/categories?post=154692"},{"taxonomy":"post_tag","embeddable":true,"href":"https:\/\/www.novaconcursos.com.br\/portal\/wp-json\/wp\/v2\/tags?post=154692"}],"curies":[{"name":"wp","href":"https:\/\/api.w.org\/{rel}","templated":true}]}}