{"id":154712,"date":"2022-02-03T10:50:22","date_gmt":"2022-02-03T13:50:22","guid":{"rendered":"https:\/\/www.novaconcursos.com.br\/portal\/?p=154712"},"modified":"2026-01-05T15:59:56","modified_gmt":"2026-01-05T18:59:56","slug":"concurso-policia-penal-df-banca-definida-edital-abril","status":"publish","type":"post","link":"https:\/\/www.novaconcursos.com.br\/portal\/noticias\/concurso-policia-penal-df-banca-definida-edital-abril\/","title":{"rendered":"Concurso Pol\u00edcia Penal DF: Banca j\u00e1 est\u00e1 definida. Edital at\u00e9 abril!"},"content":{"rendered":"<p>Boa not\u00edcia concurseiros! Com banca definida, o\u00a0<a href=\"https:\/\/www.novaconcursos.com.br\/portal\/concursos\/concurso-policia-penal-df\/\">concurso Pol\u00edcia Penal DF<\/a>\u00a0ter\u00e1 edital publicado\u00a0<strong>at\u00e9 abril.<\/strong>\u00a0Aguardado desde 2018, o certame dever\u00e1 ofertar\u00a0<strong>1.179 vagas<\/strong>. Sal\u00e1rios chegam a\u00a0<strong>R$ 4.745!<\/strong><\/p>\n\n\n\n<h2 class=\"wp-block-heading\" id=\"concurso-polcia-penal-df-banca-definida-e-o-edital\">Concurso Pol\u00edcia Penal DF: banca definida, e o edital?<\/h2>\n\n\n\n<p>Boa not\u00edcia! O\u00a0<strong>edital\u00a0<\/strong>do concurso da Pol\u00edcia Penal do\u00a0<a href=\"https:\/\/www.novaconcursos.com.br\/portal\/concursos-previstos\/df\/\">Distrito Federal<\/a>\u00a0ser\u00e1 publicado at\u00e9 o\u00a0<strong>m\u00eas de abril,<\/strong>\u00a0segundo informou o \u00f3rg\u00e3o.<\/p>\n\n\n\n<p>A banca j\u00e1 est\u00e1 confirmada, mas o presidente do <strong>sindicato dos Policiais Penais,<\/strong> Paulo Rog\u00e9rio, afirmou que ainda n\u00e3o teve acesso ao nome da empresa que ficar\u00e1 respons\u00e1vel pelo novo edital.<\/p>\n\n\n\n<p>Ele confirmou que o <strong>processo de escolha da organizadora<\/strong> est\u00e1, at\u00e9 o momento, em sigilo, mesmo j\u00e1 estando definida. <\/p>\n\n\n\n<p>Inicialmente, o edital do concurso estava previsto para sair em 2021, mas dever\u00e1 ser publicado nos\u00a0<strong>pr\u00f3ximos 60 e 75 dias.<\/strong><\/p>\n\n\n\n<p><em>\u201cExpectativa de 60 a 75 dias para publica\u00e7\u00e3o do novo edital. Pode ser que aconte\u00e7a antes, mas jogando dentro de uma margem de seguran\u00e7a, m\u00eas de abril. Ent\u00e3o pode ser que a banca receba hoje a convoca\u00e7\u00e3o e solte o edital com tr\u00eas, quatro, ou cinco dias ap\u00f3s essa convoca\u00e7\u00e3o. E pode ser que que solte no trig\u00e9simo dia. Ent\u00e3o estamos com uma previs\u00e3o bem segura para abril de 2022\u201d<\/em>, afirmou.<\/p>\n\n\n\n<h3 class=\"wp-block-heading\"><strong>1.179 vagas autorizadas<\/strong><\/h3>\n\n\n\n<p>Assim, a Pol\u00edcia Penal do\u00a0<a href=\"https:\/\/www.novaconcursos.com.br\/portal\/concursos-abertos\/df\/\">Distrito Federal<\/a>\u00a0tem\u00a0<strong>autoriza\u00e7\u00e3o<\/strong>\u00a0para ofertar <strong>1.179 vagas<\/strong>\u00a0no cargo de Agente de Execu\u00e7\u00e3o Penal.<\/p>\n\n\n\n<p>Ademais, futuramente o cargo passar\u00e1 a ser de Policial Penal, ou seja, uma mudan\u00e7a est\u00e1\u00a0<strong>sendo estudada<\/strong> pela corpora\u00e7\u00e3o, o mesmo que j\u00e1 vem acontecendo em outros estados.<\/p>\n\n\n\n<p>Do total de vagas,\u00a0<strong>400 oportunidades ser\u00e3o imediatas\u00a0<\/strong>e 779 para forma\u00e7\u00e3o de\u00a0cadastro de reserva.<\/p>\n\n\n\n<p>Al\u00e9m disso, o cargo exige o<strong>\u00a0n\u00edvel superior\u00a0em qualquer \u00e1rea<\/strong> e conta com um sal\u00e1rio inicial de\u00a0<strong>R$ 4.745.\u00a0<\/strong><\/p>\n\n\n\n<p>Al\u00e9m dos sal\u00e1rios, os contratados ainda\u00a0<strong>ter\u00e3o direito a benef\u00edcios<\/strong>, como aux\u00edlio-alimenta\u00e7\u00e3o, gratifica\u00e7\u00f5es por habilita\u00e7\u00e3o em atividades penitenci\u00e1rias e adicionais por tempo de servi\u00e7o e insalubridade.<\/p>\n\n\n\n<p><em>\u201cO n\u00famero total de vagas na carreira s\u00e3o 3 mil. Hoje,\u00a0temos preenchidos um pouco acima de 50%. A luta do sindicato \u00e9 que chamem, com urg\u00eancia, os 1.179 o mais r\u00e1pido poss\u00edvel, dada a car\u00eancia de efetivo no sistema penitenci\u00e1rio do DF\u201d<\/em>, disse o sindicato.<\/p>\n\n\n\n<h3 class=\"wp-block-heading\"><strong>Aguardado desde 2018<\/strong><\/h3>\n\n\n\n<p>O concurso da Pol\u00edcia Penal do Distrito Federal vem sendo aguardado desde 2018, quando houve a<strong>\u00a0cria\u00e7\u00e3o de 1,4 mil cargos. <\/strong><\/p>\n\n\n\n<p>Anteriormente, at\u00e9 julho de 2018 s\u00f3 poderiam ser preenchidas 1,6 mil vagas de Agentes Penais. Entretanto, <strong>agora \u00e9 poss\u00edvel contratar at\u00e9\u00a03 mil.<\/strong><\/p>\n\n\n\n<p>Ademais, a Assessoria de Imprensa afirmou que a\u00a0<strong>expectativa\u00a0<\/strong>\u00e9 que todos estes postos sejam\u00a0<strong>preenchidos\u00a0<\/strong>por meio da nova sele\u00e7\u00e3o, que deve sair em breve!<\/p>\n\n\n\n<p>Em tempo, o governo do DF acredita que conseguir\u00e1\u00a0<strong>atingir uma m\u00e9dia de 5,1 internos por Agente<\/strong>.<\/p>\n\n\n\n<p>Vale destacar que esse valor se aproxima do n\u00famero recomendado pelo Conselho Nacional de Pol\u00edtica Criminal e Penitenci\u00e1ria (CNMP),que \u00e9 de um Agente para\u00a05 presos.<\/p>\n\n\n\n<p>Em\u00a0<strong>2020\u00a0<\/strong>o Distrito Federal contava com\u00a0<strong>1.998 servidores<\/strong>\u00a0entre Agentes de Execu\u00e7\u00e3o Penal, Agentes Policiais de Cust\u00f3dia, Delegados de Pol\u00edcia e Funcion\u00e1rios Administrativos.<\/p>\n\n\n\n<figure class=\"wp-block-image size-large\"><a href=\"https:\/\/www.novaconcursos.com.br\/eventos\/assinatura\" target=\"_blank\" rel=\"noreferrer noopener\"><img decoding=\"async\" src=\"https:\/\/www.novaconcursos.com.br\/portal\/wp-content\/uploads\/2022\/01\/Faixa-Frete-Gr%E2%80%A0tis-portal.png\" alt=\"assinatura completa\" class=\"wp-image-153078\" loading=\"lazy\" title=\"\"><\/a><figcaption><\/figcaption><\/figure>","protected":false},"excerpt":{"rendered":"<p>Boa not\u00edcia concurseiros! Com banca definida, o\u00a0concurso Pol\u00edcia Penal DF\u00a0ter\u00e1 edital publicado\u00a0at\u00e9 abril.\u00a0Aguardado desde 2018, o certame dever\u00e1 ofertar\u00a01.179 vagas. Sal\u00e1rios chegam a\u00a0R$ 4.745! Concurso Pol\u00edcia Penal DF: banca definida, e o edital? Boa not\u00edcia! O\u00a0edital\u00a0do concurso da Pol\u00edcia Penal do\u00a0Distrito Federal\u00a0ser\u00e1 publicado at\u00e9 o\u00a0m\u00eas de abril,\u00a0segundo informou o \u00f3rg\u00e3o. A banca j\u00e1 est\u00e1 confirmada, [&hellip;]<\/p>\n","protected":false},"author":54671,"featured_media":137375,"comment_status":"closed","ping_status":"closed","sticky":false,"template":"","format":"standard","meta":{"_acf_changed":false,"footnotes":"","_wp_rev_ctl_limit":""},"categories":[228],"tags":[],"class_list":["post-154712","post","type-post","status-publish","format-standard","has-post-thumbnail","hentry","category-noticias"],"acf":[],"_links":{"self":[{"href":"https:\/\/www.novaconcursos.com.br\/portal\/wp-json\/wp\/v2\/posts\/154712","targetHints":{"allow":["GET"]}}],"collection":[{"href":"https:\/\/www.novaconcursos.com.br\/portal\/wp-json\/wp\/v2\/posts"}],"about":[{"href":"https:\/\/www.novaconcursos.com.br\/portal\/wp-json\/wp\/v2\/types\/post"}],"author":[{"embeddable":true,"href":"https:\/\/www.novaconcursos.com.br\/portal\/wp-json\/wp\/v2\/users\/54671"}],"replies":[{"embeddable":true,"href":"https:\/\/www.novaconcursos.com.br\/portal\/wp-json\/wp\/v2\/comments?post=154712"}],"version-history":[{"count":5,"href":"https:\/\/www.novaconcursos.com.br\/portal\/wp-json\/wp\/v2\/posts\/154712\/revisions"}],"predecessor-version":[{"id":301856,"href":"https:\/\/www.novaconcursos.com.br\/portal\/wp-json\/wp\/v2\/posts\/154712\/revisions\/301856"}],"wp:featuredmedia":[{"embeddable":true,"href":"https:\/\/www.novaconcursos.com.br\/portal\/wp-json\/wp\/v2\/media\/137375"}],"wp:attachment":[{"href":"https:\/\/www.novaconcursos.com.br\/portal\/wp-json\/wp\/v2\/media?parent=154712"}],"wp:term":[{"taxonomy":"category","embeddable":true,"href":"https:\/\/www.novaconcursos.com.br\/portal\/wp-json\/wp\/v2\/categories?post=154712"},{"taxonomy":"post_tag","embeddable":true,"href":"https:\/\/www.novaconcursos.com.br\/portal\/wp-json\/wp\/v2\/tags?post=154712"}],"curies":[{"name":"wp","href":"https:\/\/api.w.org\/{rel}","templated":true}]}}