{"id":154826,"date":"2022-02-04T10:53:31","date_gmt":"2022-02-04T13:53:31","guid":{"rendered":"https:\/\/www.novaconcursos.com.br\/portal\/?p=154826"},"modified":"2022-02-04T10:53:36","modified_gmt":"2022-02-04T13:53:36","slug":"concurso-pm-pe-solicitacao-edital-primeiro-semestre","status":"publish","type":"post","link":"https:\/\/www.novaconcursos.com.br\/portal\/noticias\/concurso-pm-pe-solicitacao-edital-primeiro-semestre\/","title":{"rendered":"Concurso PM PE: Solicita\u00e7\u00e3o pede edital no primeiro semestre. Saiba mais!"},"content":{"rendered":"<p>Aten\u00e7\u00e3o concurseiros! Um novo <strong>edital\u00a0<\/strong>do\u00a0<a href=\"https:\/\/www.novaconcursos.com.br\/portal\/concursos\/concurso-pm-pe\/\">concurso PM PE<\/a>\u00a0pode sair no\u00a0<strong>primeiro semestre<\/strong>\u00a0de 2022! Isso porque a<strong> Assembleia Legislativa<\/strong> de Pernambuco (Alepe) encaminhou um <strong>pedido <\/strong>ao governo estadual. Entenda!<\/p>\n\n\n\n<ul class=\"wp-block-list\"><li><strong>Confira:<\/strong> <a href=\"https:\/\/www.novaconcursos.com.br\/eventos\/guia-definitivo-plano-de-estudos-passo-a-passo\/\" target=\"_blank\" rel=\"noreferrer noopener\" aria-label=\"Guia Definitivo Plano de Estudos (Gr\u00e1tis) (abre numa nova aba)\">Guia Definitivo Plano de Estudos (Gr\u00e1tis)<\/a><\/li><\/ul><p><\/p>\n\n\n\n<p>Estude para o concurso dos seus sonhos com a\u00a0<a href=\"https:\/\/www.novaconcursos.com.br\/eventos\/assinatura\" target=\"_blank\" rel=\"noreferrer noopener\" aria-label=\" (abre numa nova aba)\">Assinatura Completa da Nova<\/a>. Tenha acesso a Cursos, Plataforma de Quest\u00f5es, Eventos Exclusivos para Assinantes e Muito Mais!<\/p>\n\n\n\n<h2 class=\"wp-block-heading\" id=\"concurso-pm-pe-novo-edital-sai-quando\">Concurso PM PE: novo edital sai quando?<\/h2>\n\n\n\n<p>\u00c9 o que os concurseiros querem saber! E h\u00e1 <strong>possibilidade do edital<\/strong> do concurso da Pol\u00edcia Militar do <a href=\"https:\/\/www.novaconcursos.com.br\/portal\/concursos-previstos\/pe\/\">Estado de Pernambuco<\/a> sair em breve.<\/p>\n\n\n\n<p>Isso porque a Assembleia Legislativa de Pernambuco (Alepe) encaminhou ao governo estadual uma <strong>solicita\u00e7\u00e3o para a realiza\u00e7\u00e3o<\/strong> de um novo concurso.<\/p>\n\n\n\n<p>Assim, no documento, a assembleia afirma o desejo de que o novo edital saia <strong>ainda no primeiro semestre<\/strong> deste ano.<\/p>\n\n\n\n<p>Portanto, o \u00f3rg\u00e3o afirma que o motivo para a abertura \u00e9 a <strong>redu\u00e7\u00e3o do quadro de profissionais,<\/strong> uma vez que as vac\u00e2ncias seguem aumentando.<\/p>\n\n\n\n<p>Al\u00e9m disso, vale destacar que o <strong>pedido tamb\u00e9m solicita <\/strong>novos concursos para a Pol\u00edcia Civil, Pol\u00edcia Cient\u00edfica e Corpo de Bombeiros.<\/p>\n\n\n\n<h3 class=\"wp-block-heading\">Comandantes tamb\u00e9m querem editais<\/h3>\n\n\n\n<p>Os\u00a0<strong>comandantes das duas corpora\u00e7\u00f5es<\/strong>\u00a0(PM e Bombeiros) se reuniram no \u00faltimo m\u00eas e trataram sobre novos editais para a \u00e1rea da Seguran\u00e7a P\u00fablica do <a href=\"https:\/\/www.novaconcursos.com.br\/portal\/concursos-abertos\/pe\/\">Estado de Pernambuco<\/a>. <\/p>\n\n\n\n<p>Al\u00e9m disso, a\u00a0<strong>reuni\u00e3o contou com a presen\u00e7a<\/strong>\u00a0do secret\u00e1rio de Defesa Social, Humberto Freire, e dos comandantes da PM PE, Jos\u00e9 Roberto Santana, e do Corpo de Bombeiros, Rog\u00e9rio Coutinho. <\/p>\n\n\n\n<p>Assim, durante a conversa, os representantes<strong>\u00a0trataram sobre a infraestrutura\u00a0<\/strong>f\u00edsica, log\u00edstica e os equipamentos para \u00f3rg\u00e3os operativos.<\/p>\n\n\n\n<p><em>\u201cNosso foco nessas pautas \u00e9 proporcionar mais qualidade de vida e de trabalho aos nossos servidores, tendo como objetivo final reduzir os \u00edndices de criminalidade e garantir a paz na sociedade\u201d,<\/em>\u00a0afirmou o secret\u00e1rio.<\/p>\n\n\n\n<p><\/p>\n\n\n\n<h2 class=\"wp-block-heading\" id=\"ltimos-concursos-pm-pe\"><strong>\u00daltimos concursos PM PE<\/strong><\/h2>\n\n\n\n<p>Publicado em 2018, o \u00faltimo concurso PM PE <strong>ofertou 580 vagas<\/strong>, sendo que 500 foram para Soldados, que exige o\u00a0<strong>n\u00edvel m\u00e9dio<\/strong>, e 80 para a carreira de Oficial, que tem exig\u00eancia de<strong>\u00a0n\u00edvel superior.<\/strong><\/p>\n\n\n\n<p>Al\u00e9m disso, dos 80 para Oficiais,\u00a0<strong>50 foram para a PM e 20 para os Bombeiros<\/strong>. <\/p>\n\n\n\n<p>Vale destacar ainda que era preciso<strong> gradua\u00e7\u00e3o em Direito<\/strong> para Oficiais da PM, mas para Oficiais dos Bombeiros foi pedida gradua\u00e7\u00e3o em qualquer \u00e1rea.<\/p>\n\n\n\n<p>Os interessados em uma das vagas ainda tiveram que apresentar outros\u00a0<strong>requisitos b\u00e1sicos,<\/strong>\u00a0fora a escolaridade. Portanto, saiba quais:<\/p>\n\n\n\n<ul class=\"wp-block-list\"><li>Ter, no m\u00ednimo, 18 anos completos na data de ingresso na carreira de militar do Estado e, no m\u00e1ximo, 28 anos na data de inscri\u00e7\u00e3o no concurso, considerando-se esta idade at\u00e9 o dia anterior \u00e0 data em que o candidato completar\u00e1 29 anos;<\/li><li>Ser habilitado para a condu\u00e7\u00e3o de ve\u00edculos automotores, no m\u00ednimo na categoria;<\/li><li>Ter altura m\u00ednima de 1,65m para homens e altura m\u00ednima de 1,60m para mulheres.<\/li><\/ul><p><\/p>\n\n\n\n<h3 class=\"wp-block-heading\">Como foram as provas?<\/h3>\n\n\n\n<p>Os inscritos foram avaliados por\u00a0<strong>meio de provas objetivas.<\/strong> Assim, elas continham\u00a0<strong>60 ou 70 quest\u00f5es<\/strong>, dependendo do cargo. Portanto, confira:<\/p>\n\n\n\n<ul class=\"wp-block-list\"><li><strong>Soldados PM<\/strong><ul><li>L\u00edngua Portuguesa (15)<\/li><li>Matem\u00e1tica (10)<\/li><li>Geografia (10)<\/li><li>Hist\u00f3ria (10)<\/li><li>Conhecimentos de Direitos e Garantias Fundamentais (15)<\/li><\/ul><\/li><li>Oficiais PM<ul><li>Linguagens, C\u00f3digos e Estat\u00edsticas e suas Tecnologias (30)<\/li><li>Conhecimentos Jur\u00eddicos (40)<\/li><li>reda\u00e7\u00e3o.\u00a0<\/li><\/ul><\/li><li>Oficial Bombeiros<ul><li>Linguagens, C\u00f3digos e Estat\u00edsticas e suas Tecnologias (15)<\/li><li>Matem\u00e1tica e suas Tecnologias (15)<\/li><li>Ci\u00eancias da Natureza e suas Tecnologias (20)<\/li><li>Conhecimentos Jur\u00eddicos e Legisla\u00e7\u00e3o Espec\u00edfica (20)<\/li><li>reda\u00e7\u00e3o dissertativa<\/li><\/ul><\/li><\/ul><p><\/p>\n\n\n\n<p>Ademais, al\u00e9m da objetiva, os inscritos ainda foram avaliados por\u00a0<strong>outras etapas<\/strong>: exame de sa\u00fade, teste de aptid\u00e3o f\u00edsica e avalia\u00e7\u00e3o psicol\u00f3gica.\u00a0<\/p>\n\n\n\n<figure class=\"wp-block-image size-large\"><a href=\"https:\/\/www.novaconcursos.com.br\/eventos\/assinatura\" target=\"_blank\" rel=\"noreferrer noopener\"><img decoding=\"async\" src=\"https:\/\/www.novaconcursos.com.br\/portal\/wp-content\/uploads\/2022\/01\/Faixa-Frete-Gr%E2%80%A0tis-portal.png\" alt=\"assinatura completa\" class=\"wp-image-153078\" loading=\"lazy\" title=\"\"><\/a><figcaption><\/figcaption><\/figure>","protected":false},"excerpt":{"rendered":"<p>Aten\u00e7\u00e3o concurseiros! Um novo edital\u00a0do\u00a0concurso PM PE\u00a0pode sair no\u00a0primeiro semestre\u00a0de 2022! Isso porque a Assembleia Legislativa de Pernambuco (Alepe) encaminhou um pedido ao governo estadual. Entenda! Confira: Guia Definitivo Plano de Estudos (Gr\u00e1tis) Estude para o concurso dos seus sonhos com a\u00a0Assinatura Completa da Nova. Tenha acesso a Cursos, Plataforma de Quest\u00f5es, Eventos Exclusivos para [&hellip;]<\/p>\n","protected":false},"author":54671,"featured_media":151412,"comment_status":"closed","ping_status":"closed","sticky":false,"template":"","format":"standard","meta":{"_acf_changed":false,"footnotes":"","_wp_rev_ctl_limit":""},"categories":[228],"tags":[],"class_list":["post-154826","post","type-post","status-publish","format-standard","has-post-thumbnail","hentry","category-noticias"],"acf":[],"_links":{"self":[{"href":"https:\/\/www.novaconcursos.com.br\/portal\/wp-json\/wp\/v2\/posts\/154826","targetHints":{"allow":["GET"]}}],"collection":[{"href":"https:\/\/www.novaconcursos.com.br\/portal\/wp-json\/wp\/v2\/posts"}],"about":[{"href":"https:\/\/www.novaconcursos.com.br\/portal\/wp-json\/wp\/v2\/types\/post"}],"author":[{"embeddable":true,"href":"https:\/\/www.novaconcursos.com.br\/portal\/wp-json\/wp\/v2\/users\/54671"}],"replies":[{"embeddable":true,"href":"https:\/\/www.novaconcursos.com.br\/portal\/wp-json\/wp\/v2\/comments?post=154826"}],"version-history":[{"count":6,"href":"https:\/\/www.novaconcursos.com.br\/portal\/wp-json\/wp\/v2\/posts\/154826\/revisions"}],"predecessor-version":[{"id":154834,"href":"https:\/\/www.novaconcursos.com.br\/portal\/wp-json\/wp\/v2\/posts\/154826\/revisions\/154834"}],"wp:featuredmedia":[{"embeddable":true,"href":"https:\/\/www.novaconcursos.com.br\/portal\/wp-json\/wp\/v2\/media\/151412"}],"wp:attachment":[{"href":"https:\/\/www.novaconcursos.com.br\/portal\/wp-json\/wp\/v2\/media?parent=154826"}],"wp:term":[{"taxonomy":"category","embeddable":true,"href":"https:\/\/www.novaconcursos.com.br\/portal\/wp-json\/wp\/v2\/categories?post=154826"},{"taxonomy":"post_tag","embeddable":true,"href":"https:\/\/www.novaconcursos.com.br\/portal\/wp-json\/wp\/v2\/tags?post=154826"}],"curies":[{"name":"wp","href":"https:\/\/api.w.org\/{rel}","templated":true}]}}