{"id":155010,"date":"2022-02-07T17:45:17","date_gmt":"2022-02-07T20:45:17","guid":{"rendered":"https:\/\/www.novaconcursos.com.br\/portal\/?p=155010"},"modified":"2022-02-07T17:48:41","modified_gmt":"2022-02-07T20:48:41","slug":"concurso-aeronautica-principais-oportunidades","status":"publish","type":"post","link":"https:\/\/www.novaconcursos.com.br\/portal\/noticias\/concurso-aeronautica-principais-oportunidades\/","title":{"rendered":"Concurso Aeron\u00e1utica: Confira as principais oportunidades em aberto!"},"content":{"rendered":"<p>O ano come\u00e7ou com \u00f3timas chances nos<strong> concursos Aeron\u00e1utica<\/strong>. At\u00e9 ent\u00e3o, j\u00e1 s\u00e3o <strong>mais de 400 vagas em aberto<\/strong>. Confira as principais oportunidades!<\/p>\n\n\n\n<ul class=\"wp-block-list\"><li><strong>Confira:<\/strong> <a rel=\"noreferrer noopener\" aria-label=\"Material gr\u00e1tis -  Guia Definitivo Plano de Estudos   (abre numa nova aba)\" href=\"https:\/\/www.novaconcursos.com.br\/eventos\/guia-definitivo-plano-de-estudos-passo-a-passo\/\" target=\"_blank\">Material gr\u00e1tis \u2013 Guia Definitivo Plano de Estudos  <\/a><\/li><\/ul><p><\/p>\n\n\n\n<p>Al\u00e9m disso, vale ressaltar que  hoje, 7 de fevereiro, foi publicado o edital do\u00a0<strong>concurso CADAR 2023<\/strong>. Segundo o documento, s\u00e3o ofertadas\u00a0<strong>11 vagas<\/strong>\u00a0ao quadro de\u00a0<strong>Oficiais Dentistas\u00a0volunt\u00e1rios<\/strong>\u00a0da Aeron\u00e1utica. <\/p>\n\n\n\n<p>Estude para o concurso dos seus sonhos com a\u00a0<a rel=\"noreferrer noopener\" aria-label=\"Assinatura Completa da Nova (abre numa nova aba)\" href=\"https:\/\/aprovacao.novaconcursos.com.br\/assinatura\" target=\"_blank\">Assinatura Completa da Nova<\/a>. Tenha acesso a\u00a0<strong>Cursos, Plataforma de Quest\u00f5es, Eventos Exclusivos<\/strong>\u00a0para Assinantes e Muito Mais!<\/p>\n\n\n\n<h2 class=\"wp-block-heading\" id=\"oportunidades-nos-concursos-aeronutica-\">Oportunidades nos concursos Aeron\u00e1utica <\/h2>\n\n\n\n<p>Como dito anteriormente, j\u00e1<strong> s\u00e3o mais de 400 vagas<\/strong> para a For\u00e7a A\u00e9rea <a href=\"https:\/\/www.novaconcursos.com.br\/portal\/concursos-abertos\/nacional\/\">Brasileira<\/a>, distribu\u00eddas entre <strong>3 editais e diversas oportunidades.<\/strong> <\/p>\n\n\n\n<p>Nesse sentido, acompanhe a seguir as <strong>principais informa\u00e7\u00f5es de cada um deles.<\/strong><\/p>\n\n\n\n<h3 class=\"wp-block-heading\">Concurso CADAR<\/h3>\n\n\n\n<p>Antes de mais nada, o edital do\u00a0<strong>concurso CADAR  <\/strong>foi publicado e conta com a oferta de <strong>11 vagas<\/strong>\u00a0para o quadro de\u00a0<strong>Oficiais Dentistas\u00a0volunt\u00e1rios<\/strong>\u00a0da <a href=\"https:\/\/www.novaconcursos.com.br\/portal\/concursos-previstos\/nacional\/\">Aeron\u00e1utica<\/a>.<\/p>\n\n\n\n<p>Os interessados em participar da sele\u00e7\u00e3o poder\u00e3o se inscrever entre os dias\u00a0<strong>21 de fevereiro a 13 de mar\u00e7o<\/strong>, no\u00a0<a rel=\"noreferrer noopener\" href=\"https:\/\/www2.fab.mil.br\/ciaar\/\" target=\"_blank\">portal<\/a>\u00a0da FAB, ao custo de <strong>R$ 130,00<\/strong>. <\/p>\n\n\n\n<p><strong>S\u00e3o condi\u00e7\u00f5es para a inscri\u00e7\u00e3o:<\/strong><\/p>\n\n\n\n<ul class=\"wp-block-list\"><li>a) ser brasileiro nato;<\/li><li>b) ser volunt\u00e1rio;<\/li><li>c) estar ciente de todas as normas e condi\u00e7\u00f5es estabelecidas nestas IE para habilita\u00e7\u00e3o \u00e0 futura matr\u00edcula no CADAR 2023;<\/li><li>d) inscrever-se por meio do Formul\u00e1rio de Solicita\u00e7\u00e3o de Inscri\u00e7\u00e3o (FSI); e<\/li><li>e) pagar a taxa de inscri\u00e7\u00e3o e comprovar o pagamento, ressalvado o disposto no item 3.3.<\/li><\/ul><p><\/p>\n\n\n\n<p>J\u00e1 a aplica\u00e7\u00e3o da prova objetiva \u00e9 <strong>prevista para 12 de junho<\/strong>.<\/p>\n\n\n\n<p>Por fim, <strong>a matr\u00edcula e o in\u00edcio do curso se dar\u00e1 na data prevista de 23 de janeiro de 2023<\/strong>. J\u00e1 a conclus\u00e3o do curso e nomea\u00e7\u00e3o \u00e9 prevista para 11 de maio, com formatura em 12 de maio de 2023. <\/p>\n\n\n\n<h3 class=\"wp-block-heading\">Concurso Aeron\u00e1utica EEAR<\/h3>\n\n\n\n<p>Contudo, foi divulgado tamb\u00e9m o\u00a0<strong>edital<\/strong>\u00a0do novo <a href=\"https:\/\/www.novaconcursos.com.br\/portal\/concursos\/concurso-aeronautica-eear\/\" target=\"_blank\" rel=\"noreferrer noopener\" aria-label=\"concurso\u00a0Aeron\u00e1utica EEAR (abre numa nova aba)\">concurso\u00a0Aeron\u00e1utica EEAR<\/a>\u00a0(Escola de Especialistas do Ar). <\/p>\n\n\n\n<p>As 243 oportunidades s\u00e3o destinadas para candidatos do sexo masculino e candidatas do sexo feminino para\u00a0<strong>Admiss\u00e3o ao Curso de Forma\u00e7\u00e3o de Sargentos (CFS)<\/strong>, com exig\u00eancia apenas de\u00a0<strong>n\u00edvel m\u00e9dio<\/strong>.<\/p>\n\n\n\n<p>Durante o curso de forma\u00e7\u00e3o, o Soldado recebe um soldo equivalente ao valor de\u00a0<strong>R$ 1.199,00<\/strong>. Al\u00e9m disso, os alunos recebem\u00a0<strong>alimenta\u00e7\u00e3o, alojamento, fardamento e assist\u00eancia m\u00e9dico-hospitalar e dent\u00e1ria<\/strong>.<\/p>\n\n\n\n<p>O Curso de Forma\u00e7\u00e3o de Sargentos da\u00a0Aeron\u00e1utica\u00a0(CFS), ser\u00e1 ministrado pela Escola de Especialistas de Aeron\u00e1utica (EEAR), em Guaratinguet\u00e1-SP, e ter\u00e1 dura\u00e7\u00e3o de dois anos.<\/p>\n\n\n\n<p>Ap\u00f3s a forma\u00e7\u00e3o e promo\u00e7\u00e3o \u00e0 gradua\u00e7\u00e3o de\u00a0<strong>terceiro-sargento<\/strong>, o soldo passa a ser de\u00a0<strong>R$ 3.825,00<\/strong>, somados ainda os adicionais militares (16%) e habilita\u00e7\u00e3o (16%). Dessa maneira, o sal\u00e1rio pode aumentar para\u00a0<strong>R$ 5.049,00<\/strong>.<\/p>\n\n\n\n<p>Os interessados podem se inscrever a partir do dia\u00a0<strong>14 de fevereiro<\/strong>, no site da Aeron\u00e1utica. <\/p>\n\n\n\n<p>Os candidatos ser\u00e3o avaliados por diversas etapas, sendo a primeira uma\u00a0<strong>prova objetiva escrita<\/strong>, de car\u00e1ter eliminat\u00f3rio e classificat\u00f3rio!<\/p>\n\n\n\n<h3 class=\"wp-block-heading\">Concurso Aeron\u00e1utica EAGS<\/h3>\n\n\n\n<p>Al\u00e9m disso, o<strong>\u00a0edital<\/strong>\u00a0do novo\u00a0<a href=\"https:\/\/www.novaconcursos.com.br\/portal\/concursos\/concurso-aeronautica-easg\/\" target=\"_blank\" rel=\"noreferrer noopener\" aria-label=\"concurso\u00a0Aeron\u00e1utica EAGS  (abre numa nova aba)\">concurso\u00a0Aeron\u00e1utica EAGS<strong> <\/strong><\/a><strong>(For\u00e7a A\u00e9rea Brasileira)<\/strong> tamb\u00e9m j\u00e1 est\u00e1 publicado.<\/p>\n\n\n\n<p>S\u00e3o 237 vagas voltadas ao <strong>Est\u00e1gio de Adapta\u00e7\u00e3o \u00e0 Gradua\u00e7\u00e3o de Sargento da Aeron\u00e1utica. <\/strong><\/p>\n\n\n\n<p>No entanto, vale ressaltar que as <strong>inscri\u00e7\u00f5es j\u00e1 foram encerradas no \u00faltimo dia 3.<\/strong><\/p>\n\n\n\n<p>Em suma, a primeira etapa (<strong>prova objetiva<\/strong>) est\u00e1 prevista para o dia\u00a0<strong>24 de abril de 2022<\/strong>, nas seguintes cidades:<\/p>\n\n\n\n<p>Parnamirim, Lagoa Santa, Alc\u00e2ntara, Bel\u00e9m, Recife, Rio de Janeiro, Bras\u00edlia, S\u00e3o Paulo, S\u00e3o Jos\u00e9 dos Campos, Campo Grande, Canoas, Santa Maria, Curitiba, , Manaus, Porto Velho e Boa Vista.<\/p>\n\n\n\n<p>As provas objetivas versar\u00e3o sobre as disciplinas de:<\/p>\n\n\n\n<ul class=\"wp-block-list\"><li>L\u00edngua Portuguesa<\/li><li>Conhecimentos Especializados (conforme \u00e0 especialidade)<\/li><\/ul><p><\/p>\n\n\n\n<figure class=\"wp-block-image size-large\"><a href=\"https:\/\/aprovacao.novaconcursos.com.br\/assinatura\" target=\"_blank\" rel=\"noreferrer noopener\"><img decoding=\"async\" src=\"https:\/\/www.novaconcursos.com.br\/portal\/wp-content\/uploads\/2022\/01\/Faixa-Frete-Gr%E2%80%A0tis-portal.png\" alt=\"assinatura completa\" class=\"wp-image-153078\" loading=\"lazy\" title=\"\"><\/a><figcaption><\/figcaption><\/figure>","protected":false},"excerpt":{"rendered":"<p>O ano come\u00e7ou com \u00f3timas chances nos concursos Aeron\u00e1utica. At\u00e9 ent\u00e3o, j\u00e1 s\u00e3o mais de 400 vagas em aberto. Confira as principais oportunidades! Confira: Material gr\u00e1tis \u2013 Guia Definitivo Plano de Estudos Al\u00e9m disso, vale ressaltar que hoje, 7 de fevereiro, foi publicado o edital do\u00a0concurso CADAR 2023. Segundo o documento, s\u00e3o ofertadas\u00a011 vagas\u00a0ao quadro [&hellip;]<\/p>\n","protected":false},"author":54662,"featured_media":126568,"comment_status":"closed","ping_status":"closed","sticky":false,"template":"","format":"standard","meta":{"_acf_changed":false,"footnotes":"","_wp_rev_ctl_limit":""},"categories":[228],"tags":[],"class_list":["post-155010","post","type-post","status-publish","format-standard","has-post-thumbnail","hentry","category-noticias"],"acf":[],"_links":{"self":[{"href":"https:\/\/www.novaconcursos.com.br\/portal\/wp-json\/wp\/v2\/posts\/155010","targetHints":{"allow":["GET"]}}],"collection":[{"href":"https:\/\/www.novaconcursos.com.br\/portal\/wp-json\/wp\/v2\/posts"}],"about":[{"href":"https:\/\/www.novaconcursos.com.br\/portal\/wp-json\/wp\/v2\/types\/post"}],"author":[{"embeddable":true,"href":"https:\/\/www.novaconcursos.com.br\/portal\/wp-json\/wp\/v2\/users\/54662"}],"replies":[{"embeddable":true,"href":"https:\/\/www.novaconcursos.com.br\/portal\/wp-json\/wp\/v2\/comments?post=155010"}],"version-history":[{"count":5,"href":"https:\/\/www.novaconcursos.com.br\/portal\/wp-json\/wp\/v2\/posts\/155010\/revisions"}],"predecessor-version":[{"id":155018,"href":"https:\/\/www.novaconcursos.com.br\/portal\/wp-json\/wp\/v2\/posts\/155010\/revisions\/155018"}],"wp:featuredmedia":[{"embeddable":true,"href":"https:\/\/www.novaconcursos.com.br\/portal\/wp-json\/wp\/v2\/media\/126568"}],"wp:attachment":[{"href":"https:\/\/www.novaconcursos.com.br\/portal\/wp-json\/wp\/v2\/media?parent=155010"}],"wp:term":[{"taxonomy":"category","embeddable":true,"href":"https:\/\/www.novaconcursos.com.br\/portal\/wp-json\/wp\/v2\/categories?post=155010"},{"taxonomy":"post_tag","embeddable":true,"href":"https:\/\/www.novaconcursos.com.br\/portal\/wp-json\/wp\/v2\/tags?post=155010"}],"curies":[{"name":"wp","href":"https:\/\/api.w.org\/{rel}","templated":true}]}}