{"id":15505,"date":"2015-03-23T12:29:11","date_gmt":"2015-03-23T15:29:11","guid":{"rendered":"http:\/\/www.novaconcursos.com.br\/portal\/?p=15505"},"modified":"2021-01-28T17:16:21","modified_gmt":"2021-01-28T20:16:21","slug":"o-que-cai-na-prova-prefeitura-de-santa-branca-sp-2015","status":"publish","type":"post","link":"https:\/\/www.novaconcursos.com.br\/portal\/artigos\/o-que-cai-na-prova-prefeitura-de-santa-branca-sp-2015\/","title":{"rendered":"O que cai na prova: Prefeitura de Santa Branca \u2013 SP 2015"},"content":{"rendered":"<p><a href=\"https:\/\/www.novaconcursos.com.br\/portal\/wp-content\/uploads\/2015\/03\/Prefeitura-de-Santa-branca.png\"><img decoding=\"async\" class=\"alignright size-medium wp-image-15450\" src=\"https:\/\/www.novaconcursos.com.br\/portal\/wp-content\/uploads\/2015\/03\/Prefeitura-de-Santa-branca-300x108.png\" alt=\"Prefeitura de Santa branca\" width=\"300\" height=\"108\" loading=\"lazy\" title=\"\"><\/a>A Prefeitura de Santa Branca \u2013 SP lan\u00e7ou edital de concurso p\u00fablico que visa preencher 177 oportunidades de trabalho. S\u00e3o diversos cargos e a remunera\u00e7\u00e3o \u00e9 de acordo com o cargo pretendido. Para saber mais informa\u00e7\u00f5es do edital, <a href=\"https:\/\/www.novaconcursos.com.br\/portal\/noticias\/novos-editais\/analise-de-edital-prefeitura-de-santa-branca-sp-2015\/\">clique aqui e confira a An\u00e1lise de Edital.\u00a0<\/a><\/p>\n<p>\u00a0<\/p>\n<p><strong>Conte\u00fado program\u00e1tico<\/strong><br><em><strong>L\u00edngua Portuguesa<\/strong><\/em>: Fonema e S\u00edlaba; Ortografia; Estrutura e Forma\u00e7\u00e3o das Palavras; Classifica\u00e7\u00e3o e Flex\u00e3o das Palavras; Classes de Palavras: tudo sobre substantivo, adjetivo, preposi\u00e7\u00e3o, conjun\u00e7\u00e3o, adv\u00e9rbio, verbo, pronome, numeral, interjei\u00e7\u00e3o e artigo; Acentua\u00e7\u00e3o; Concord\u00e2ncia nominal; Concord\u00e2ncia Verbal; Reg\u00eancia Nominal; Reg\u00eancia Verbal; Sinais de Pontua\u00e7\u00e3o; Uso da Crase; Coloca\u00e7\u00e3o dos pronomes nas frases; Termos Essenciais da Ora\u00e7\u00e3o (Sujeito e Predicado); An\u00e1lise e Interpreta\u00e7\u00e3o de Textos.<\/p>\n<p><em><strong>Matem\u00e1tica:<\/strong><\/em> Conjunto de n\u00fameros: naturais, inteiros, racionais, irracionais, reais, opera\u00e7\u00f5es, express\u00f5es (c\u00e1lculo), problemas, raiz quadrada; MDC e MMC \u2013 c\u00e1lculo \u2013 problemas; Porcentagem; Juros Simples; Regras de tr\u00eas simples e composta; Sistema de medidas: comprimento, superf\u00edcie, massa, capacidade, tempo, volume; Sistema Monet\u00e1rio Nacional (Real); Equa\u00e7\u00f5es: 1\u00ba e 2\u00ba graus; Inequa\u00e7\u00f5es do 1\u00ba grau; Express\u00f5es Alg\u00e9bricas; Fra\u00e7\u00e3o Alg\u00e9brica; Geometria Plana.<\/p>\n<p><em><strong>Conhecimentos Gerais:<\/strong> <\/em>Cultura Geral (Nacional e Internacional); Hist\u00f3ria e Geografia do Brasil; Atualidades Nacionais e Internacionais; Meio Ambiente; Cidadania; Direitos Sociais \u2013 Individuais e Coletivos; Ci\u00eancias F\u00edsicas e Biol\u00f3gicas \u2013 Ci\u00eancia Hoje.<\/p>\n<p><em><strong>Conhecimentos Espec\u00edficos:<\/strong><\/em> de acordo com o cargo pretendido.<\/p>\n<p>\u00a0<\/p>\n<p><strong>Crit\u00e9rios de desempate<\/strong><br>\na) idade igual ou superior a 60 anos, nos termos da Lei Federal 10.741\/2003, entre si e frente aos demais, dando-se prefer\u00eancia ao de idade mais elevada.<\/p>\n<p>b) maior idade.<\/p>\n<p>\u00a0<\/p>\n<p><strong>Compre os produtos da Nova<\/strong><\/p>\n<p>Compre as<b>\u00a0Apostilas<\/b>\u00a0para o seu\u00a0<b>Concurso P\u00fablico<\/b>\u00a0direto com a Editora Nova e parcele no cart\u00e3o de cr\u00e9dito em at\u00e9 6 x sem juros!<\/p>\n<p>Acompanhe a\u00a0<a title=\"Site Nova Concursos\" href=\"https:\/\/www.novaconcursos.com.br\/\" target=\"_blank\" rel=\"noopener noreferrer\"><strong>Nova Concursos<\/strong><\/a>\u00a0tamb\u00e9m nas\u00a0<strong>redes sociais<\/strong>!<\/p>\n<p><a title=\"Facebook Oficial Nova Concursos\" href=\"https:\/\/www.facebook.com\/NOVAConcursosOficial\" target=\"_blank\" rel=\"noopener noreferrer\"><img decoding=\"async\" src=\"https:\/\/www.novaconcursos.com.br\/portal\/wp-content\/uploads\/2014\/12\/facebook_logo_detail1.gif\" alt=\"facebook_logo_detail\" width=\"50\" height=\"50\" loading=\"lazy\" title=\"\"><\/a>\u00a0<a title=\"G+ Nova Concursos\" href=\"https:\/\/plus.google.com\/u\/1\/115146550907593514602\" target=\"_blank\" rel=\"noopener noreferrer\"><img decoding=\"async\" src=\"https:\/\/www.novaconcursos.com.br\/portal\/wp-content\/uploads\/2014\/12\/gplus.png\" alt=\"gplus\" width=\"50\" height=\"50\" loading=\"lazy\" title=\"\"><\/a>\u00a0<a title=\"Youtube Nova Concursos\" href=\"https:\/\/www.youtube.com\/channel\/UCYEz3vPWPP-oNtkKb4DxoAg?feature=watch\" target=\"_blank\" rel=\"noopener noreferrer\"><img decoding=\"async\" src=\"https:\/\/www.novaconcursos.com.br\/portal\/wp-content\/uploads\/2014\/12\/youtube-logo.png\" alt=\"youtube-logo\" width=\"50\" height=\"50\" loading=\"lazy\" title=\"\"><\/a><\/p>\n<p>\u00a0<\/p>","protected":false},"excerpt":{"rendered":"<p>A Prefeitura de Santa Branca \u2013 SP lan\u00e7ou edital de concurso p\u00fablico que visa preencher 177 oportunidades de trabalho. S\u00e3o diversos cargos e a remunera\u00e7\u00e3o \u00e9 de acordo com o cargo pretendido. Para saber mais informa\u00e7\u00f5es do edital, clique aqui e confira a An\u00e1lise de Edital.\u00a0 \u00a0 Conte\u00fado program\u00e1ticoL\u00edngua Portuguesa: Fonema e S\u00edlaba; Ortografia; Estrutura [&hellip;]<\/p>\n","protected":false},"author":16,"featured_media":15511,"comment_status":"closed","ping_status":"closed","sticky":false,"template":"","format":"standard","meta":{"_acf_changed":false,"footnotes":"","_wp_rev_ctl_limit":""},"categories":[33508],"tags":[4879,4853,4854,574,4855,4856,4880,4857,4858,2578,4898,4881,4899,4900,4859,4860,4882,4861,4862,1562],"class_list":["post-15505","post","type-post","status-publish","format-standard","has-post-thumbnail","hentry","category-artigos","tag-analise-de-edital-prefeitura-de-santa-branca-sao-paulo","tag-apostila-concurso-prefeitura-de-santa-branca","tag-apostila-concurso-prefeitura-de-santa-branca-2015","tag-apostila-para-concurso","tag-apostila-prefeitura-de-santa-branca","tag-apostila-prefeitura-de-santa-branca-2015","tag-concurso-aberto-prefeitura-de-santa-branca","tag-concurso-prefeitura-de-santa-branca","tag-concurso-prefeitura-de-santa-branca-2015","tag-concursos-publicos","tag-conteudo-programatico-prefeitura-de-santa-branca","tag-edital-prefeitura-de-santa-branca","tag-o-que-cai-na-prova-prefeitura-de-santa-branca","tag-o-que-cai-na-prova-prefeitura-de-santa-branca-sp","tag-prefeitura-de-santa-branca","tag-prefeitura-de-santa-branca-2015","tag-saiu-o-edital-prefeitura-de-santa-branca","tag-santa-branca","tag-santa-branca-sao-paulo","tag-sao-paulo"],"acf":[],"_links":{"self":[{"href":"https:\/\/www.novaconcursos.com.br\/portal\/wp-json\/wp\/v2\/posts\/15505","targetHints":{"allow":["GET"]}}],"collection":[{"href":"https:\/\/www.novaconcursos.com.br\/portal\/wp-json\/wp\/v2\/posts"}],"about":[{"href":"https:\/\/www.novaconcursos.com.br\/portal\/wp-json\/wp\/v2\/types\/post"}],"author":[{"embeddable":true,"href":"https:\/\/www.novaconcursos.com.br\/portal\/wp-json\/wp\/v2\/users\/16"}],"replies":[{"embeddable":true,"href":"https:\/\/www.novaconcursos.com.br\/portal\/wp-json\/wp\/v2\/comments?post=15505"}],"version-history":[{"count":2,"href":"https:\/\/www.novaconcursos.com.br\/portal\/wp-json\/wp\/v2\/posts\/15505\/revisions"}],"predecessor-version":[{"id":117486,"href":"https:\/\/www.novaconcursos.com.br\/portal\/wp-json\/wp\/v2\/posts\/15505\/revisions\/117486"}],"wp:featuredmedia":[{"embeddable":true,"href":"https:\/\/www.novaconcursos.com.br\/portal\/wp-json\/wp\/v2\/media\/15511"}],"wp:attachment":[{"href":"https:\/\/www.novaconcursos.com.br\/portal\/wp-json\/wp\/v2\/media?parent=15505"}],"wp:term":[{"taxonomy":"category","embeddable":true,"href":"https:\/\/www.novaconcursos.com.br\/portal\/wp-json\/wp\/v2\/categories?post=15505"},{"taxonomy":"post_tag","embeddable":true,"href":"https:\/\/www.novaconcursos.com.br\/portal\/wp-json\/wp\/v2\/tags?post=15505"}],"curies":[{"name":"wp","href":"https:\/\/api.w.org\/{rel}","templated":true}]}}