{"id":155201,"date":"2022-02-09T16:08:12","date_gmt":"2022-02-09T19:08:12","guid":{"rendered":"https:\/\/www.novaconcursos.com.br\/portal\/?p=155201"},"modified":"2022-02-09T16:09:07","modified_gmt":"2022-02-09T19:09:07","slug":"concurso-detran-df-366-vagas-confirmadas","status":"publish","type":"post","link":"https:\/\/www.novaconcursos.com.br\/portal\/noticias\/concurso-detran-df-366-vagas-confirmadas\/","title":{"rendered":"Concurso Detran DF: Diretor confirma edital. Oferta de 366 vagas!"},"content":{"rendered":"<p>Aten\u00e7\u00e3o concurseiros! Est\u00e1 confirmado o<strong> quantitativo de vagas<\/strong> para o <a href=\"https:\/\/www.novaconcursos.com.br\/portal\/concursos\/concurso-detran-df\/\">concurso Detran DF<\/a>. Ao todo <strong>366 oportunidades <\/strong>segundo o diretor do \u00f3rg\u00e3o, Z\u00e9lio Maia.<\/p>\n\n\n\n<ul class=\"wp-block-list\"><li><strong>Confira:<\/strong><a rel=\"noreferrer noopener\" aria-label=\" Material gr\u00e1tis -  Guia Definitivo Plano de Estudos (abre numa nova aba)\" href=\"https:\/\/www.novaconcursos.com.br\/eventos\/guia-definitivo-plano-de-estudos-passo-a-passo\/\" target=\"_blank\"> Material gr\u00e1tis \u2013 Guia Definitivo Plano de Estudos<\/a>  <\/li><\/ul><p><\/p>\n\n\n\n<p>Al\u00e9m disso, vale lembrar que no dia 24 de janeiro, foi publicada a portaria que define a<strong>\u00a0comiss\u00e3o organizadora<\/strong>\u00a0do concurso.<\/p>\n\n\n\n<p>Estude para o concurso dos seus sonhos com a\u00a0<a rel=\"noreferrer noopener\" aria-label=\"Assinatura Completa da Nova (abre numa nova aba)\" href=\"https:\/\/aprovacao.novaconcursos.com.br\/assinatura\" target=\"_blank\">Assinatura Completa da Nova<\/a>. Tenha acesso a\u00a0<strong>Cursos, Plataforma de Quest\u00f5es, Eventos Exclusivos<\/strong>\u00a0para Assinantes e Muito Mais!<\/p>\n\n\n\n<h2 class=\"wp-block-heading\" id=\"concurso-detran-df-vagas-confirmadas\">Concurso Detran DF: vagas confirmadas<\/h2>\n\n\n\n<p>\u00a0Como dito anteriormente, o concurso Detran do<a href=\"https:\/\/www.novaconcursos.com.br\/portal\/concursos-abertos\/df\/\"> Distrito Federal<\/a> j\u00e1 <strong>est\u00e1 autorizado<\/strong> e agora conta com<strong> n\u00famero de vagas confirmado<\/strong> pelo pr\u00f3prio  diretor do \u00f3rg\u00e3o, Z\u00e9lio Maia.<\/p>\n\n\n\n<p>A informa\u00e7\u00e3o foi dada durante uma entrevista ao Jornal Metr\u00f3pole na \u00faltima segunda, 7.\u00a0<\/p>\n\n\n\n<p>De acordo com o diretor, o processo j\u00e1 est\u00e1 em andamento pela comiss\u00e3o organizadora respons\u00e1vel. Al\u00e9m disso, ele<strong> prev\u00ea que at\u00e9 o meado do m\u00eas de mar\u00e7o a banca organizadora j\u00e1 estar\u00e1 definida e contratada.<\/strong><\/p>\n\n\n\n<p><em> \u201cA comiss\u00e3o para a contrata\u00e7\u00e3o da banca j\u00e1 est\u00e1 formada e j\u00e1 est\u00e1 elaborando todo o processo. Os cargos de t\u00e9cnico e de analista j\u00e1 est\u00e3o com o grupo de trabalho bem adiantado, fazendo a contrata\u00e7\u00e3o da banca. Estimamos que, at\u00e9 o fim de fevereiro, meados de mar\u00e7o, essa banca seja contratada. Depois disso, j\u00e1 \u00e9 o tempo natural do concurso\u201d<\/em>, disse Maia. <\/p>\n\n\n\n<p>Contudo, o diretor n\u00e3o estabeleceu uma data para a publica\u00e7\u00e3o do edital. Por\u00e9m, caso a banca seja contratada at\u00e9 meados de mar\u00e7o, <strong>o documento poder\u00e1 sair no mesmo m\u00eas ou logo em seguida.\u00a0 <\/strong><\/p>\n\n\n\n<h3 class=\"wp-block-heading\">Distribui\u00e7\u00e3o das vagas <\/h3>\n\n\n\n<p>Em suma, conforme foi confirmado pelo diretor do Detran <a href=\"https:\/\/www.novaconcursos.com.br\/portal\/concursos-previstos\/df\/\">Distrito Federal<\/a>, ser\u00e3o ofertadas 366 oportunidades para os cargos de T\u00e9cnico e Analista. Ele tamb\u00e9m confirmou a distribui\u00e7\u00e3o por cargos:<\/p>\n\n\n\n<ul class=\"wp-block-list\"><li><em>89 vagas imediatas para o\u00a0T\u00e9cnico em Atividades de Tr\u00e2nsito; e<\/em><\/li><li><em>34 para imediatas para o Analista em Atividades de Tr\u00e2nsito.<\/em><\/li><\/ul><p><\/p>\n\n\n\n<p>Dessa forma, <strong>o restante das vagas ser\u00e1 para formar cadastro de reserva<\/strong>, que poder\u00e1 ser preenchido durante toda a validade da sele\u00e7\u00e3o. <\/p>\n\n\n\n<h2 class=\"wp-block-heading\" id=\"ltimo-concurso-detran-df\">\u00daltimo concurso Detran DF<\/h2>\n\n\n\n<p>Por fim, o \u00faltimo concurso\u00a0aconteceu no ano de 2011, sob responsabilidade da\u00a0<a rel=\"noreferrer noopener\" href=\"https:\/\/www.pciconcursos.com.br\/organizadoras\/fundacao-universa\" target=\"_blank\">Funda\u00e7\u00e3o Universa<\/a>. Na \u00e9poca, foram ofertadas 100 vagas para o cargo de Agente de Tr\u00e2nsito.<\/p>\n\n\n\n<p>Os candidatos eram classificados mediante provas objetivas e discursivas. Al\u00e9m disso, houve um Teste de Aptid\u00e3o F\u00edsica, Avalia\u00e7\u00e3o Psicol\u00f3gica, Investiga\u00e7\u00e3o Social.<\/p>\n\n\n\n<p>O\u00a0<strong>conte\u00fado program\u00e1tico<\/strong>\u00a0era composto de:<\/p>\n\n\n\n<ul class=\"wp-block-list\"><li>L\u00edngua Portuguesa;<\/li><li>Atualidades;<\/li><li>No\u00e7\u00f5es de Direito Constitucional;<\/li><li>Lei Org\u00e2nica do Distrito Federal;<\/li><li>No\u00e7\u00f5es de Direito Penal:<ul><li>Direito Processual Penal;<\/li><li>Direito Administrativo;<\/li><\/ul><\/li><li>Microinform\u00e1tica; e, por fim,<\/li><li>Conhecimentos Espec\u00edficos.<\/li><\/ul><p><\/p>\n\n\n\n<figure class=\"wp-block-image size-large\"><a href=\"https:\/\/aprovacao.novaconcursos.com.br\/assinatura\" target=\"_blank\" rel=\"noreferrer noopener\"><img decoding=\"async\" src=\"https:\/\/www.novaconcursos.com.br\/portal\/wp-content\/uploads\/2022\/01\/Faixa-Frete-Gr%E2%80%A0tis-portal.png\" alt=\"assinatura completa\" class=\"wp-image-153078\" loading=\"lazy\" title=\"\"><\/a><figcaption><\/figcaption><\/figure>","protected":false},"excerpt":{"rendered":"<p>Aten\u00e7\u00e3o concurseiros! Est\u00e1 confirmado o quantitativo de vagas para o concurso Detran DF. Ao todo 366 oportunidades segundo o diretor do \u00f3rg\u00e3o, Z\u00e9lio Maia. Confira: Material gr\u00e1tis \u2013 Guia Definitivo Plano de Estudos Al\u00e9m disso, vale lembrar que no dia 24 de janeiro, foi publicada a portaria que define a\u00a0comiss\u00e3o organizadora\u00a0do concurso. Estude para o [&hellip;]<\/p>\n","protected":false},"author":54662,"featured_media":150604,"comment_status":"closed","ping_status":"closed","sticky":false,"template":"","format":"standard","meta":{"_acf_changed":false,"footnotes":"","_wp_rev_ctl_limit":""},"categories":[228],"tags":[],"class_list":["post-155201","post","type-post","status-publish","format-standard","has-post-thumbnail","hentry","category-noticias"],"acf":[],"_links":{"self":[{"href":"https:\/\/www.novaconcursos.com.br\/portal\/wp-json\/wp\/v2\/posts\/155201","targetHints":{"allow":["GET"]}}],"collection":[{"href":"https:\/\/www.novaconcursos.com.br\/portal\/wp-json\/wp\/v2\/posts"}],"about":[{"href":"https:\/\/www.novaconcursos.com.br\/portal\/wp-json\/wp\/v2\/types\/post"}],"author":[{"embeddable":true,"href":"https:\/\/www.novaconcursos.com.br\/portal\/wp-json\/wp\/v2\/users\/54662"}],"replies":[{"embeddable":true,"href":"https:\/\/www.novaconcursos.com.br\/portal\/wp-json\/wp\/v2\/comments?post=155201"}],"version-history":[{"count":1,"href":"https:\/\/www.novaconcursos.com.br\/portal\/wp-json\/wp\/v2\/posts\/155201\/revisions"}],"predecessor-version":[{"id":155214,"href":"https:\/\/www.novaconcursos.com.br\/portal\/wp-json\/wp\/v2\/posts\/155201\/revisions\/155214"}],"wp:featuredmedia":[{"embeddable":true,"href":"https:\/\/www.novaconcursos.com.br\/portal\/wp-json\/wp\/v2\/media\/150604"}],"wp:attachment":[{"href":"https:\/\/www.novaconcursos.com.br\/portal\/wp-json\/wp\/v2\/media?parent=155201"}],"wp:term":[{"taxonomy":"category","embeddable":true,"href":"https:\/\/www.novaconcursos.com.br\/portal\/wp-json\/wp\/v2\/categories?post=155201"},{"taxonomy":"post_tag","embeddable":true,"href":"https:\/\/www.novaconcursos.com.br\/portal\/wp-json\/wp\/v2\/tags?post=155201"}],"curies":[{"name":"wp","href":"https:\/\/api.w.org\/{rel}","templated":true}]}}