{"id":155328,"date":"2022-02-11T09:26:19","date_gmt":"2022-02-11T12:26:19","guid":{"rendered":"https:\/\/www.novaconcursos.com.br\/portal\/?p=155328"},"modified":"2022-02-11T14:00:16","modified_gmt":"2022-02-11T17:00:16","slug":"concurso-seg-publica-governo-sp-anuncia-reajuste","status":"publish","type":"post","link":"https:\/\/www.novaconcursos.com.br\/portal\/noticias\/concurso-seg-publica-governo-sp-anuncia-reajuste\/","title":{"rendered":"Concurso Seg. P\u00fablica: Governo do estado de SP anuncia reajuste para classe!"},"content":{"rendered":"<p>Aten\u00e7\u00e3o concurseiros! O Governo de <a href=\"https:\/\/www.novaconcursos.com.br\/portal\/concursos-previstos\/sp\/\">S\u00e3o Paulo<\/a> anunciou<strong> reajuste salarial de 20%<\/strong> para as for\u00e7as de seguran\u00e7a p\u00fablica e administra\u00e7\u00e3o penitenci\u00e1ria do estado. A medida <strong>passa a valer a partir de mar\u00e7o<\/strong>! Entenda!<\/p>\n\n\n\n<ul class=\"wp-block-list\"><li><strong>Confira:<\/strong> <a href=\"https:\/\/www.novaconcursos.com.br\/eventos\/guia-definitivo-plano-de-estudos-passo-a-passo\/\" target=\"_blank\" rel=\"noreferrer noopener\" aria-label=\"Guia Definitivo Plano de Estudos (Gr\u00e1tis) (abre numa nova aba)\">Guia Definitivo Plano de Estudos (Gr\u00e1tis)<\/a><\/li><\/ul><p><\/p>\n\n\n\n<p>Estude para o concurso dos seus sonhos com a\u00a0<a href=\"https:\/\/www.novaconcursos.com.br\/eventos\/assinatura\" target=\"_blank\" rel=\"noreferrer noopener\" aria-label=\" (abre numa nova aba)\">Assinatura Completa da Nova<\/a>. Tenha acesso a Cursos, Plataforma de Quest\u00f5es, Eventos Exclusivos para Assinantes e Muito Mais!<\/p>\n\n\n\n<h2 class=\"wp-block-heading\" id=\"concurso-segurana-pblica-reajuste-salarial\">Concurso Seguran\u00e7a P\u00fablica: reajuste salarial<\/h2>\n\n\n\n<p>O Governador Jo\u00e3o Doria anunciou nesta quinta-feira (10) um reajuste salarial de <strong>20% para profissionais da seguran\u00e7a p\u00fablica<\/strong> do <a href=\"https:\/\/www.novaconcursos.com.br\/portal\/concursos-abertos\/sp\/\">estado de S\u00e3o Paulo<\/a>. <\/p>\n\n\n\n<p>Assim, a medida beneficia mais de 276 mil profissionais do sistema prisional e das <strong>pol\u00edcias Civil, Militar e T\u00e9cnico-Cient\u00edfica, inclusive aposentados e pensionistas. <\/strong><\/p>\n\n\n\n<p><em>\u201c\u00c9 um momento muito importante e significativo. Gra\u00e7as \u00e0 estabilidade financeira e fiscal, podemos fazer aquilo que j\u00e1 desej\u00e1vamos, que \u00e9 o reconhecimento do funcionalismo p\u00fablico do Estado\u201d,<\/em> disse Doria. <\/p>\n\n\n\n<p><em>\u201cEsse aumento \u00e9 fruto de um esfor\u00e7o coletivo de todo o Governo\u201d<\/em>, completou o Governador.<\/p>\n\n\n\n<p>Sendo assim, a proposta ser\u00e1 concedida<strong> dentro dos limites da Lei de Responsabilidade Fiscal. <\/strong><\/p>\n\n\n\n<p>Entretanto, o estado espera a confirma\u00e7\u00e3o do super\u00e1vit or\u00e7ament\u00e1rio consolidado de <strong>R$ 5,9 bilh\u00f5es em 2021 <\/strong>para posteriormente poder formalizar os reajustes. <\/p>\n\n\n\n<p>Ademais, o <strong>projeto de lei ser\u00e1 encaminhado <\/strong>para aprecia\u00e7\u00e3o da Assembleia Legislativa de S\u00e3o Paulo (ALESP) nos pr\u00f3ximos dias.<\/p>\n\n\n\n<h3 class=\"wp-block-heading\">Quanto ficar\u00e3o os sal\u00e1rios?<\/h3>\n\n\n\n<p>Portanto, com o reajuste de 20% anunciado, o sal\u00e1rio inicial reajustado de um <strong>Soldado PM de 2\u00aa classe <\/strong>deve chegar a R$ 5,8 mil, j\u00e1 incluindo benef\u00edcios. <\/p>\n\n\n\n<p>Entretanto, para um <strong>Tenente PM de 2\u00aa classe<\/strong>, o novo valor ser\u00e1 de R$ 10,3 mil, entre sal\u00e1rio e benef\u00edcios.<\/p>\n\n\n\n<p>Enquanto isso, na Pol\u00edcia Civil, um<strong> Agente de 3\u00aa classe<\/strong> passar\u00e1 a receber R$ 6,3 mil acumulados entre vencimento e benef\u00edcios.<\/p>\n\n\n\n<p>J\u00e1 um <strong>Delegado de 2\u00aa classe<\/strong> ter\u00e1 sal\u00e1rio inicial de R$ 16,2 mil por m\u00eas. Ou seja, esses reajustes s\u00e3o um estimulo a mais para quem vai concorrer no pr\u00f3ximo concurso PC SP.<\/p>\n\n\n\n<p>O certame est\u00e1 com banca definida, <strong>Funda\u00e7\u00e3o Vunesp<\/strong>, que anunciou que o <strong>edital poder\u00e1 ser publicado<\/strong> a qualquer momento, pois se encontra em fase de finaliza\u00e7\u00e3o. Ser\u00e3o 2.939 vagas!<\/p>\n\n\n\n<h2 class=\"wp-block-heading\" id=\"concurso-segurana-pblica-associao-aguardava-valor-maior\">Concurso Seguran\u00e7a P\u00fablica: Associa\u00e7\u00e3o aguardava valor maior<\/h2>\n\n\n\n<p>O <strong>presidente <\/strong>da Associa\u00e7\u00e3o dos Cabos e Soldados da Pol\u00edcia Militar do Estado de S\u00e3o Paulo (<strong>ACSPMESP<\/strong>), Cabo Wilson Morais, parece n\u00e3o ter ficado feliz com o reajuste. Ele <strong>esperava um aumento maior. <\/strong><\/p>\n\n\n\n<p>\u201c<em>N\u00e3o era o aumento que esper\u00e1vamos, mas \u00e9 um come\u00e7o para dar um equil\u00edbrio nas contas dos policiais. O governador j\u00e1 poderia ter anunciado os \u00edndices para os pr\u00f3ximos anos para poder tranquilizar mais a categoria. Vou propor \u00e0 FERMESP (Federa\u00e7\u00e3o das Entidades Representativas dos Militares do Estado de S\u00e3o Paulo) uma reuni\u00e3o entre as entidades para discutir o assunto.<\/em>\u00a0<em>Ainda temos que pressionar o governador para cumprir sua promessa de fazer a pol\u00edcia de S\u00e3o Paulo, a melhor do pa\u00eds, a segunda mais bem remunerada do Brasil. Nossos policiais est\u00e3o sofrendo h\u00e1 anos sem reajuste ou com reajustes \u00ednfimos oferecidos nos \u00faltimos anos<\/em>\u201c, afirma.<\/p>\n\n\n\n<p>J\u00e1 o <strong>Sindpesp <\/strong>(Sindicado dos Delgados de Pol\u00edcia do Estado de S\u00e3o Paulo), por meio das redes sociais,  disse que a gest\u00e3o <strong>n\u00e3o<\/strong> <strong>deve priorizar o marketing.<\/strong><\/p>\n\n\n\n<p><em>\u201cA gest\u00e3o da Seguran\u00e7a P\u00fablica no Estado de S\u00e3o Paulo n\u00e3o deve priorizar o marketing. \u00c9 necess\u00e1rio urgentemente mais responsabilidade e comprometimento com a popula\u00e7\u00e3o. A Pol\u00edcia Civil presta um servi\u00e7o de excel\u00eancia para a popula\u00e7\u00e3o, mas gra\u00e7as \u00e0 abnega\u00e7\u00e3o, hero\u00edsmo e sacrif\u00edcio dos policiais\u201d,<\/em> escreveu.<\/p>\n\n\n\n<h2 class=\"wp-block-heading\" id=\"tambm-houve-reajuste-para-profissionais-da-sade-\">Tamb\u00e9m houve reajuste para profissionais da sa\u00fade  <\/h2>\n\n\n\n<p>O reajuste salarial de at\u00e9 <strong>20% tamb\u00e9m<\/strong> foi concedido para <strong>profissionais de sa\u00fade da rede p\u00fablica<\/strong> do estado de S\u00e3o Paulo. <\/p>\n\n\n\n<p>Sendo assim, ao menos<strong> 69,6 mil servidores da ativa e inativos<\/strong> ser\u00e3o beneficiados com os novos valores.<\/p>\n\n\n\n<p><em>\u201cA todas as carreiras da \u00e1rea de sa\u00fade p\u00fablica do estado de S\u00e3o Paulo, eles e elas tamb\u00e9m s\u00e3o nossos her\u00f3is. Profissionais que se expuseram e continuam se expondo, diante da gravidade desta pandemia, para salvar vidas. A todos, os que est\u00e3o na ativa e os que n\u00e3o est\u00e3o, o nosso reconhecimento e a nossa gratid\u00e3o\u201d, <\/em>destacou o governador Jo\u00e3o Doria.<\/p>\n\n\n\n<p>Portanto,<strong> Auxiliares de Sa\u00fade <\/strong>com carga hor\u00e1ria de 30 horas, por exemplo, contando os benef\u00edcios concedidos, receber\u00e3o R$ 2.638,17.<\/p>\n\n\n\n<p>Por outro lado, o sal\u00e1rio de <strong>T\u00e9cnicos de Enfermagem<\/strong> com carga hor\u00e1ria de 30 horas ir\u00e1 de R$ 1.023,28 para R$ 1.227,94 e, com os benef\u00edcios, chegar\u00e1 a R$ 2.097,76. <\/p>\n\n\n\n<p>Entretanto, para <strong>M\u00e9dicos <\/strong>com carga hor\u00e1ria de 20 horas, o reajuste ser\u00e1 de R$ 5.571,41 para R$ 6.685,69, chegando a receber R$ 8.953,54 com os benef\u00edcios.<\/p>\n\n\n\n<p><a rel=\"noreferrer noopener\" aria-label=\" (abre numa nova aba)\" href=\"https:\/\/issuu.com\/governosp\/docs\/apresenta_o_sa_de_e_seguran_a.pptx\" target=\"_blank\">Confira o documento do governo que explica sobre o reajuste salarial na sa\u00fade e seguran\u00e7a p\u00fablica<\/a>!<\/p>\n\n\n\n<figure class=\"wp-block-image size-large\"><a href=\"https:\/\/www.novaconcursos.com.br\/eventos\/assinatura\" target=\"_blank\" rel=\"noreferrer noopener\"><img decoding=\"async\" src=\"https:\/\/www.novaconcursos.com.br\/portal\/wp-content\/uploads\/2022\/01\/Faixa-Frete-Gr%E2%80%A0tis-portal.png\" alt=\"assinatura completa\" class=\"wp-image-153078\" loading=\"lazy\" title=\"\"><\/a><figcaption><\/figcaption><\/figure>","protected":false},"excerpt":{"rendered":"<p>Aten\u00e7\u00e3o concurseiros! O Governo de S\u00e3o Paulo anunciou reajuste salarial de 20% para as for\u00e7as de seguran\u00e7a p\u00fablica e administra\u00e7\u00e3o penitenci\u00e1ria do estado. A medida passa a valer a partir de mar\u00e7o! Entenda! Confira: Guia Definitivo Plano de Estudos (Gr\u00e1tis) Estude para o concurso dos seus sonhos com a\u00a0Assinatura Completa da Nova. Tenha acesso a [&hellip;]<\/p>\n","protected":false},"author":54671,"featured_media":155333,"comment_status":"closed","ping_status":"closed","sticky":false,"template":"","format":"standard","meta":{"_acf_changed":false,"footnotes":"","_wp_rev_ctl_limit":""},"categories":[228],"tags":[],"class_list":["post-155328","post","type-post","status-publish","format-standard","has-post-thumbnail","hentry","category-noticias"],"acf":[],"_links":{"self":[{"href":"https:\/\/www.novaconcursos.com.br\/portal\/wp-json\/wp\/v2\/posts\/155328","targetHints":{"allow":["GET"]}}],"collection":[{"href":"https:\/\/www.novaconcursos.com.br\/portal\/wp-json\/wp\/v2\/posts"}],"about":[{"href":"https:\/\/www.novaconcursos.com.br\/portal\/wp-json\/wp\/v2\/types\/post"}],"author":[{"embeddable":true,"href":"https:\/\/www.novaconcursos.com.br\/portal\/wp-json\/wp\/v2\/users\/54671"}],"replies":[{"embeddable":true,"href":"https:\/\/www.novaconcursos.com.br\/portal\/wp-json\/wp\/v2\/comments?post=155328"}],"version-history":[{"count":8,"href":"https:\/\/www.novaconcursos.com.br\/portal\/wp-json\/wp\/v2\/posts\/155328\/revisions"}],"predecessor-version":[{"id":155402,"href":"https:\/\/www.novaconcursos.com.br\/portal\/wp-json\/wp\/v2\/posts\/155328\/revisions\/155402"}],"wp:featuredmedia":[{"embeddable":true,"href":"https:\/\/www.novaconcursos.com.br\/portal\/wp-json\/wp\/v2\/media\/155333"}],"wp:attachment":[{"href":"https:\/\/www.novaconcursos.com.br\/portal\/wp-json\/wp\/v2\/media?parent=155328"}],"wp:term":[{"taxonomy":"category","embeddable":true,"href":"https:\/\/www.novaconcursos.com.br\/portal\/wp-json\/wp\/v2\/categories?post=155328"},{"taxonomy":"post_tag","embeddable":true,"href":"https:\/\/www.novaconcursos.com.br\/portal\/wp-json\/wp\/v2\/tags?post=155328"}],"curies":[{"name":"wp","href":"https:\/\/api.w.org\/{rel}","templated":true}]}}