{"id":155530,"date":"2022-02-14T12:24:03","date_gmt":"2022-02-14T15:24:03","guid":{"rendered":"https:\/\/www.novaconcursos.com.br\/portal\/?p=155530"},"modified":"2022-02-14T12:24:08","modified_gmt":"2022-02-14T15:24:08","slug":"concurso-telebras-locais-provas-disponiveis-dia-17","status":"publish","type":"post","link":"https:\/\/www.novaconcursos.com.br\/portal\/noticias\/concurso-telebras-locais-provas-disponiveis-dia-17\/","title":{"rendered":"Concurso Telebras: Locais de provas dispon\u00edveis em 17\/02!"},"content":{"rendered":"<p>As <strong>provas <\/strong>do <a href=\"https:\/\/www.novaconcursos.com.br\/portal\/concursos\/concurso-telebras\/\">concurso Telebras<\/a> est\u00e3o se aproximando e <strong>ser\u00e3o aplicadas no pr\u00f3ximo domingo<\/strong> (20). Assim, um documento publicado nesta semana trouxe <strong>informa\u00e7\u00f5es importantes<\/strong> da sele\u00e7\u00e3o, confira!<\/p>\n\n\n\n<ul class=\"wp-block-list\"><li><strong>Confira<\/strong>:<a rel=\"noreferrer noopener\" aria-label=\" (abre numa nova aba)\" href=\"https:\/\/www.novaconcursos.com.br\/eventos\/guia-definitivo-como-montar-um-mapa-mental\/\" target=\"_blank\">\u00a0Guia Definitivo \u2013 Como Realizar Mapas Mentais (GR\u00c1TIS)<\/a><\/li><\/ul><p><\/p>\n\n\n\n<p>Estude para o concurso dos seus sonhos com a\u00a0<a href=\"https:\/\/www.novaconcursos.com.br\/eventos\/assinatura\" target=\"_blank\" rel=\"noreferrer noopener\" aria-label=\" (abre numa nova aba)\">Assinatura Completa da Nova<\/a>. Tenha acesso a Cursos, Plataforma de Quest\u00f5es, Eventos Exclusivos para Assinantes e Muito Mais!<\/p>\n\n\n\n<h2 class=\"wp-block-heading\" id=\"concurso-telebrs-provas-no-fim-da-semana-saiba-detalhes\">Concurso Telebr\u00e1s: provas no fim da semana, saiba detalhes!<\/h2>\n\n\n\n<p>Aten\u00e7\u00e3o concurseiros! As provas do <a href=\"https:\/\/www.novaconcursos.com.br\/portal\/concursos-previstos\/nacional\">concurso <\/a>Telebras est\u00e3o se aproximando e <strong>acontecem no fim desta semana. <\/strong><\/p>\n\n\n\n<p>E, foi publicada a convoca\u00e7\u00e3o para os exames, <strong>relevando informa\u00e7\u00f5es importantes<\/strong> para as provas. Portanto, confira abaixo!<\/p>\n\n\n\n<h3 class=\"wp-block-heading\">Quando ser\u00e3o aplicadas?<\/h3>\n\n\n\n<p>Assim, as avalia\u00e7\u00f5es ser\u00e3o aplicadas no <strong>pr\u00f3ximo domingo, dia 20 de fevereiro. <\/strong>Portanto, confira os hor\u00e1rios:<\/p>\n\n\n\n<ul class=\"wp-block-list\"><li>As provas objetivas e a prova discursiva para os cargos de\u00a0<strong>n\u00edvel superior<\/strong>\u00a0ter\u00e3o a dura\u00e7\u00e3o de 4 horas e 30 minutos e ser\u00e3o aplicadas no dia 20 de fevereiro de 2022, \u00e0s 8 horas (hor\u00e1rio oficial de Bras\u00edlia\/DF).<\/li><li>As provas objetivas para os cargos de\u00a0<strong>n\u00edvel m\u00e9dio\u00a0<\/strong>ter\u00e3o a dura\u00e7\u00e3o de 3 horas e 30 minutos e ser\u00e3o aplicadas no dia 20 de fevereiro de 2022, \u00e0s 15 horas (hor\u00e1rio oficial de Bras\u00edlia\/DF).<\/li><\/ul><p><\/p>\n\n\n\n<h3 class=\"wp-block-heading\">Locais de prova<\/h3>\n\n\n\n<p>Al\u00e9m disso, os locais de prova estar\u00e3o dispon\u00edveis a partir de\u00a0<strong>17 de fevereiro<\/strong>, no <a rel=\"noreferrer noopener\" aria-label=\" (abre numa nova aba)\" href=\"https:\/\/www.cebraspe.org.br\/concursos\/telebras_21\" target=\"_blank\">portal <\/a>da banca organizadora Cebraspe, segundo o documento.<\/p>\n\n\n\n<p>Lembrando que as provas ser\u00e3o realizadas em <strong>Bras\u00edlia ou no Rio de Janeiro, <\/strong>dependendo do cargo escolhido. <\/p>\n\n\n\n<h3 class=\"wp-block-heading\">Medidas de preven\u00e7\u00e3o<\/h3>\n\n\n\n<ul class=\"wp-block-list\"><li>comparecer ao local de aplica\u00e7\u00e3o usando m\u00e1scara e portando m\u00e1scaras reservas, se necess\u00e1rio, de modo a possibilitar a troca de sua m\u00e1scara a cada duas horas; <\/li><li>armazenar as m\u00e1scaras usadas em saco pl\u00e1stico transparente, que dever\u00e1 ser trazido pelo candidato; <\/li><li>permanecer de m\u00e1scara durante todo o tempo em que estiver nas depend\u00eancias dos locais de aplica\u00e7\u00e3o de provas; <\/li><li>submeter-se \u00e0 verifica\u00e7\u00e3o da temperatura corporal para acesso ao local de aplica\u00e7\u00e3o, observado o subitem 7.1.5 do edital; <\/li><li>observar o distanciamento adequado, conforme demarca\u00e7\u00e3o do piso com fita adesiva em frente ao port\u00e3o de acesso ao local de aplica\u00e7\u00e3o, na entrada das salas de provas e dos banheiros; <\/li><li>observar o distanciamento m\u00ednimo exigido na legisla\u00e7\u00e3o aplic\u00e1vel entre os candidatos e entre membros da equipe de aplica\u00e7\u00e3o nas salas de aplica\u00e7\u00e3o das provas; <\/li><li>verificar o seu hor\u00e1rio de acesso ao local de provas, conforme informado na consulta individual, em link espec\u00edfico, em que ser\u00e3o disponibilizadas as informa\u00e7\u00f5es relativas a seu grupo e a seu hor\u00e1rio de entrada; <\/li><li>submeter-se \u00e0 pr\u00e9-identifica\u00e7\u00e3o realizada pela equipe de campo na chegada dos candidatos ao local de aplica\u00e7\u00e3o, sem contato f\u00edsico e sem o manuseio de documentos ou de qualquer outro objeto dos candidatos, podendo ser solicitado que o candidato abaixe a sua m\u00e1scara, de modo a permitir a visualiza\u00e7\u00e3o do seu rosto \u2013 concedendo-se somente ao candidato a manipula\u00e7\u00e3o de sua m\u00e1scara -, mantendo-se o distanciamento m\u00ednimo exigido na legisla\u00e7\u00e3o aplic\u00e1vel de qualquer outro candidato ou membro da equipe de aplica\u00e7\u00e3o; <\/li><li>permanecer de m\u00e1scara ao se retirar de sala para uso dos banheiros e observar os procedimentos de higieniza\u00e7\u00e3o das m\u00e3os nesses ambientes; <\/li><li>manter os cabelos arrumados de forma que n\u00e3o caiam sobre sua face enquanto estiver dentro dos locais de aplica\u00e7\u00e3o; <\/li><li>submeter-se ao controle de sa\u00edda dos candidatos ao t\u00e9rmino das provas para evitar aglomera\u00e7\u00e3o. <\/li><\/ul><p><\/p>\n\n\n\n<h2 class=\"wp-block-heading\" id=\"concurso-telebras-vagas-e-salrios\">Concurso Telebras: vagas e sal\u00e1rios<\/h2>\n\n\n\n<p>Ademais, o <a href=\"https:\/\/www.novaconcursos.com.br\/portal\/concursos-abertos\/nacional\">concurso <\/a>Telebras oferta <strong>3 vagas imediatas e 1.152 para o Cadastro de Reserva. <\/strong><\/p>\n\n\n\n<p>Assim, os cargos ofertados s\u00e3o de <strong>T\u00e9cnico e Especialista<\/strong>, ambos divididos em diversas especialidades. Portanto, confira:<\/p>\n\n\n\n<ul class=\"wp-block-list\"><li>Advogado: CR;<\/li><li>Analista de TI: CR;<\/li><li>Administrativo: 1 + CR;<\/li><li>Auditoria: 1 + CR;<\/li><li>Comercial: 1 + CR;<\/li><li>Estat\u00edstica: CR;<\/li><li>Finan\u00e7as: CR;<\/li><li>Marketing: CR;<\/li><li>Psicologia: CR;<\/li><li>Contador: 1 + CR;<\/li><li>Engenheiro<ul><li>Aeroespacial: CR;<\/li><li>Civil: CR;<\/li><li>Eletricista ou Eletr\u00f4nico: CR;<\/li><li>de Redes: 2 + CR;<\/li><li>de Telecomunica\u00e7\u00f5es: 3 + CR; e<\/li><\/ul><\/li><li>T\u00e9cnico em Gest\u00e3o de Telecomunica\u00e7\u00f5es \u2013 Assistente T\u00e9cnico (CR).<\/li><\/ul><p><\/p>\n\n\n\n<p>Fora isso, posteriormente, os sal\u00e1rios iniciais v\u00e3o de <strong>R$ 3.305,23 at\u00e9 R$ 8.766,57<\/strong>, em jornadas de 40 horas semanais. <\/p>\n\n\n\n<p>Al\u00e9m disso, as lota\u00e7\u00f5es s\u00e3o\u00a0<strong>somente\u00a0para Bras\u00edlia e Rio de Janeiro.<\/strong> Ademais, os candidatos dever\u00e3o ser avaliados ainda por meio de avalia\u00e7\u00f5es de t\u00edtulos.<\/p>\n\n\n\n<figure class=\"wp-block-image size-large\"><a href=\"https:\/\/www.novaconcursos.com.br\/eventos\/assinatura\" target=\"_blank\" rel=\"noreferrer noopener\"><img decoding=\"async\" src=\"https:\/\/www.novaconcursos.com.br\/portal\/wp-content\/uploads\/2022\/01\/Faixa-Frete-Gr%E2%80%A0tis-portal.png\" alt=\"assinatura completa\" class=\"wp-image-153078\" loading=\"lazy\" title=\"\"><\/a><figcaption><\/figcaption><\/figure>","protected":false},"excerpt":{"rendered":"<p>As provas do concurso Telebras est\u00e3o se aproximando e ser\u00e3o aplicadas no pr\u00f3ximo domingo (20). Assim, um documento publicado nesta semana trouxe informa\u00e7\u00f5es importantes da sele\u00e7\u00e3o, confira! Confira:\u00a0Guia Definitivo \u2013 Como Realizar Mapas Mentais (GR\u00c1TIS) Estude para o concurso dos seus sonhos com a\u00a0Assinatura Completa da Nova. Tenha acesso a Cursos, Plataforma de Quest\u00f5es, Eventos [&hellip;]<\/p>\n","protected":false},"author":54671,"featured_media":126348,"comment_status":"closed","ping_status":"closed","sticky":false,"template":"","format":"standard","meta":{"_acf_changed":false,"footnotes":"","_wp_rev_ctl_limit":""},"categories":[228],"tags":[],"class_list":["post-155530","post","type-post","status-publish","format-standard","has-post-thumbnail","hentry","category-noticias"],"acf":[],"_links":{"self":[{"href":"https:\/\/www.novaconcursos.com.br\/portal\/wp-json\/wp\/v2\/posts\/155530","targetHints":{"allow":["GET"]}}],"collection":[{"href":"https:\/\/www.novaconcursos.com.br\/portal\/wp-json\/wp\/v2\/posts"}],"about":[{"href":"https:\/\/www.novaconcursos.com.br\/portal\/wp-json\/wp\/v2\/types\/post"}],"author":[{"embeddable":true,"href":"https:\/\/www.novaconcursos.com.br\/portal\/wp-json\/wp\/v2\/users\/54671"}],"replies":[{"embeddable":true,"href":"https:\/\/www.novaconcursos.com.br\/portal\/wp-json\/wp\/v2\/comments?post=155530"}],"version-history":[{"count":5,"href":"https:\/\/www.novaconcursos.com.br\/portal\/wp-json\/wp\/v2\/posts\/155530\/revisions"}],"predecessor-version":[{"id":155540,"href":"https:\/\/www.novaconcursos.com.br\/portal\/wp-json\/wp\/v2\/posts\/155530\/revisions\/155540"}],"wp:featuredmedia":[{"embeddable":true,"href":"https:\/\/www.novaconcursos.com.br\/portal\/wp-json\/wp\/v2\/media\/126348"}],"wp:attachment":[{"href":"https:\/\/www.novaconcursos.com.br\/portal\/wp-json\/wp\/v2\/media?parent=155530"}],"wp:term":[{"taxonomy":"category","embeddable":true,"href":"https:\/\/www.novaconcursos.com.br\/portal\/wp-json\/wp\/v2\/categories?post=155530"},{"taxonomy":"post_tag","embeddable":true,"href":"https:\/\/www.novaconcursos.com.br\/portal\/wp-json\/wp\/v2\/tags?post=155530"}],"curies":[{"name":"wp","href":"https:\/\/api.w.org\/{rel}","templated":true}]}}