{"id":155861,"date":"2022-02-17T09:52:23","date_gmt":"2022-02-17T12:52:23","guid":{"rendered":"https:\/\/www.novaconcursos.com.br\/portal\/?p=155861"},"modified":"2022-02-17T15:58:46","modified_gmt":"2022-02-17T18:58:46","slug":"concurso-pm-es-edital-marco-1111-vagas","status":"publish","type":"post","link":"https:\/\/www.novaconcursos.com.br\/portal\/noticias\/concurso-pm-es-edital-marco-1111-vagas\/","title":{"rendered":"Concurso PM ES: Edital em mar\u00e7o, afirma Secret\u00e1rio. 1.111 vagas!"},"content":{"rendered":"<p>Aten\u00e7\u00e3o, concurseiros! A <strong>publica\u00e7\u00e3o edital <\/strong>do\u00a0<a href=\"https:\/\/www.novaconcursos.com.br\/portal\/concursos\/concurso-pm-es\/\">concurso PM ES<\/a>\u00a0com a oferta de mais de mil vagas deve acontecer <strong>em mar\u00e7o,<\/strong> segundo o Secret\u00e1rio de Seguran\u00e7a P\u00fablica, Coronel Ramalho.  Por isso, saiba<strong>\u00a0como ser\u00e3o distribu\u00eddas as vagas<\/strong>!<\/p>\n\n\n\n<ul class=\"wp-block-list\"><li><strong>Confira<\/strong>:\u00a0<a href=\"https:\/\/www.novaconcursos.com.br\/eventos\/guia-definitivo-plano-de-estudos-passo-a-passo\/\" target=\"_blank\" rel=\"noreferrer noopener\" aria-label=\" (abre numa nova aba)\">Guia Definitivo \u2013 Plano de Estudos Passo a Passo (GR\u00c1TIS)<\/a><\/li><\/ul><p><\/p>\n\n\n\n<p>Estude para o concurso dos seus sonhos com a\u00a0<a rel=\"noreferrer noopener\" aria-label=\" (abre numa nova aba)\" href=\"https:\/\/www.novaconcursos.com.br\/eventos\/assinatura\" target=\"_blank\">Assinatura Completa da Nova<\/a>. Tenha acesso a Cursos, Plataforma de Quest\u00f5es, Eventos Exclusivos para Assinantes e Muito Mais!<\/p>\n\n\n\n<h2 class=\"wp-block-heading\" id=\"concurso-pm-es-so-1111-vagas-quando-sai-o-edital\">Concurso PM ES: s\u00e3o 1.111 vagas; quando sai o edital?<\/h2>\n\n\n\n<p>Antes de mais nada, o concurso da Pol\u00edcia Militar do\u00a0<a href=\"https:\/\/www.novaconcursos.com.br\/portal\/concursos-abertos\/es\/\">Esp\u00edrito Santo<\/a> ir\u00e1 ofertar <strong>1.111 vagas<\/strong>, de acordo com o governador do estado.<\/p>\n\n\n\n<p>E, de acordo com o secretario da<strong> Seguran\u00e7a P\u00fablica do estado,<\/strong> coronel Ramalho, o edital ser\u00e1 publicado no pr\u00f3ximo m\u00eas, ou seja, em mar\u00e7o. <\/p>\n\n\n\n<p>Vale dizer, ainda, que esse\u00a0<strong>quantitativo foi aumentado<\/strong>, pois a oferta inicial de oportunidades seria de 671 vagas.<\/p>\n\n\n\n<p>Com a nova oferta, somente para o cargo de\u00a0<strong>Soldados<\/strong>, de n\u00edvel m\u00e9dio, ser\u00e3o\u00a0<strong>1.000 vagas<\/strong>. Assim, as <strong>demais <\/strong>ser\u00e3o divididas da seguinte maneira:<\/p>\n\n\n\n<ul class=\"wp-block-list\"><li>20 vagas para\u00a0<strong>Oficiais M\u00e9dicos<\/strong>;<\/li><li>20 vagas para\u00a0<strong>Oficiais Dentistas<\/strong>;<\/li><li>5 vagas para\u00a0<strong>Oficiais Farmac\u00eauticos\/Bioqu\u00edmicos<\/strong>;<\/li><li>2 vagas para\u00a0<strong>Oficiais M\u00e9dicos Veterin\u00e1rios<\/strong>;<\/li><li>10 vagas para\u00a0<strong>Oficiais Enfermeiros<\/strong>;<\/li><li>30 vagas para\u00a0<strong>Pra\u00e7as Especialistas de Sa\u00fade<\/strong>;<\/li><li>2 vagas para\u00a0<strong>Oficiais M\u00fasicos<\/strong>;<\/li><li>22 vagas para\u00a0<strong>Pra\u00e7as M\u00fasicos<\/strong>.<\/li><\/ul><p><\/p>\n\n\n\n<p>Ademais, \u00e9 importante dizer que o cargo de\u00a0<strong>Oficial\u00a0<\/strong>requer forma\u00e7\u00e3o no<strong>\u00a0Ensino Superior\u00a0<\/strong>na \u00e1rea em que atuar\u00e3o.<\/p>\n\n\n\n<h3 class=\"wp-block-heading\">Banca escolhida<\/h3>\n\n\n\n<p>A <strong>banca <\/strong>organizadora da sele\u00e7\u00e3o foi <strong>escolhida em janeiro<\/strong>, quando foi publicado o extrato de contrato confirmando o<strong> Instituto AOCP. <\/strong><\/p>\n\n\n\n<p>Al\u00e9m disso, o documento define, ainda, que a validade do\u00a0<strong>contrato ser\u00e1 de 12 meses<\/strong>, podendo haver prorroga\u00e7\u00e3o. <\/p>\n\n\n\n<h3 class=\"wp-block-heading\">Requisitos<\/h3>\n\n\n\n<ul class=\"wp-block-list\"><li>Ter, no m\u00ednimo, 18 anos de idade na data de matr\u00edcula no Curso de Forma\u00e7\u00e3o e, no m\u00e1ximo, 28 anos de idade no primeiro dia de inscri\u00e7\u00e3o no concurso;<\/li><li>Ter altura m\u00ednima, descal\u00e7o e descoberto, de 1,65m (um metro e sessenta e cinco cent\u00edmetros) para homens e de 1,60m (um metro e sessenta cent\u00edmetros) para mulheres;<\/li><li>N\u00edvel m\u00e9dio de forma\u00e7\u00e3o: soldado, oficial e m\u00fasicos; e<\/li><li>N\u00edvel superior de forma\u00e7\u00e3o: oficial de sa\u00fade.<\/li><\/ul><p><\/p>\n\n\n\n<h3 class=\"wp-block-heading\">Sal\u00e1rios<\/h3>\n\n\n\n<p>Levando em considera\u00e7\u00e3o o \u00faltimo concurso da Pol\u00edcia Militar do <a href=\"https:\/\/www.novaconcursos.com.br\/portal\/concursos-abertos\/es\/\">Estado do Esp\u00edrito Santo<\/a>, que foi publicado em 2018, os sal\u00e1rios iniciais s\u00e3o de <strong>R$ 2.778,43 a R$ 5.823,07.<\/strong><\/p>\n\n\n\n<h3 class=\"wp-block-heading\">Etapas e disciplinas<\/h3>\n\n\n\n<p>Tamb\u00e9m levando em considera\u00e7\u00e3o o edital de 2018, naquele ano, os candidatos foram classificados mediante<strong> provas objetivas e discursivas.<\/strong><\/p>\n\n\n\n<p><strong>Al\u00e9m disso<\/strong>, houve ainda Teste de Aptid\u00e3o F\u00edsica, Exames e Avalia\u00e7\u00f5es M\u00e9dicas, Sindic\u00e2ncia e Vida Pregressa, Avalia\u00e7\u00e3o Psicol\u00f3gica.<\/p>\n\n\n\n<p>Por fim, o<strong>\u00a0conte\u00fado program\u00e1tico<\/strong>\u00a0das avalia\u00e7\u00f5es de conhecimento versaram sobre L\u00edngua Portuguesa, Matem\u00e1tica e Racioc\u00ednio L\u00f3gico, bem como No\u00e7\u00f5es de Inform\u00e1tica e Conhecimentos Espec\u00edficos.<\/p>\n\n\n\n<figure class=\"wp-block-image size-large\"><a href=\"https:\/\/www.novaconcursos.com.br\/eventos\/assinatura\" target=\"_blank\" rel=\"noreferrer noopener\"><img decoding=\"async\" src=\"https:\/\/www.novaconcursos.com.br\/portal\/wp-content\/uploads\/2022\/01\/Faixa-Frete-Gr%E2%80%A0tis-portal.png\" alt=\"assinatura completa\" class=\"wp-image-153078\" loading=\"lazy\" title=\"\"><\/a><figcaption><\/figcaption><\/figure>","protected":false},"excerpt":{"rendered":"<p>Aten\u00e7\u00e3o, concurseiros! A publica\u00e7\u00e3o edital do\u00a0concurso PM ES\u00a0com a oferta de mais de mil vagas deve acontecer em mar\u00e7o, segundo o Secret\u00e1rio de Seguran\u00e7a P\u00fablica, Coronel Ramalho. Por isso, saiba\u00a0como ser\u00e3o distribu\u00eddas as vagas! Confira:\u00a0Guia Definitivo \u2013 Plano de Estudos Passo a Passo (GR\u00c1TIS) Estude para o concurso dos seus sonhos com a\u00a0Assinatura Completa da [&hellip;]<\/p>\n","protected":false},"author":54671,"featured_media":155863,"comment_status":"closed","ping_status":"closed","sticky":false,"template":"","format":"standard","meta":{"_acf_changed":false,"footnotes":"","_wp_rev_ctl_limit":""},"categories":[228],"tags":[],"class_list":["post-155861","post","type-post","status-publish","format-standard","has-post-thumbnail","hentry","category-noticias"],"acf":[],"_links":{"self":[{"href":"https:\/\/www.novaconcursos.com.br\/portal\/wp-json\/wp\/v2\/posts\/155861","targetHints":{"allow":["GET"]}}],"collection":[{"href":"https:\/\/www.novaconcursos.com.br\/portal\/wp-json\/wp\/v2\/posts"}],"about":[{"href":"https:\/\/www.novaconcursos.com.br\/portal\/wp-json\/wp\/v2\/types\/post"}],"author":[{"embeddable":true,"href":"https:\/\/www.novaconcursos.com.br\/portal\/wp-json\/wp\/v2\/users\/54671"}],"replies":[{"embeddable":true,"href":"https:\/\/www.novaconcursos.com.br\/portal\/wp-json\/wp\/v2\/comments?post=155861"}],"version-history":[{"count":6,"href":"https:\/\/www.novaconcursos.com.br\/portal\/wp-json\/wp\/v2\/posts\/155861\/revisions"}],"predecessor-version":[{"id":155939,"href":"https:\/\/www.novaconcursos.com.br\/portal\/wp-json\/wp\/v2\/posts\/155861\/revisions\/155939"}],"wp:featuredmedia":[{"embeddable":true,"href":"https:\/\/www.novaconcursos.com.br\/portal\/wp-json\/wp\/v2\/media\/155863"}],"wp:attachment":[{"href":"https:\/\/www.novaconcursos.com.br\/portal\/wp-json\/wp\/v2\/media?parent=155861"}],"wp:term":[{"taxonomy":"category","embeddable":true,"href":"https:\/\/www.novaconcursos.com.br\/portal\/wp-json\/wp\/v2\/categories?post=155861"},{"taxonomy":"post_tag","embeddable":true,"href":"https:\/\/www.novaconcursos.com.br\/portal\/wp-json\/wp\/v2\/tags?post=155861"}],"curies":[{"name":"wp","href":"https:\/\/api.w.org\/{rel}","templated":true}]}}