{"id":155880,"date":"2022-02-17T11:08:03","date_gmt":"2022-02-17T14:08:03","guid":{"rendered":"https:\/\/www.novaconcursos.com.br\/portal\/?p=155880"},"modified":"2022-02-17T16:09:46","modified_gmt":"2022-02-17T19:09:46","slug":"concurso-pm-mg-candidatos-aprovados-convocados","status":"publish","type":"post","link":"https:\/\/www.novaconcursos.com.br\/portal\/noticias\/concurso-pm-mg-candidatos-aprovados-convocados\/","title":{"rendered":"Concurso PM MG 2022: 1.497 candidatos aprovados s\u00e3o convocados. Confira!"},"content":{"rendered":"<p>Boa not\u00edcia concurseiros! O <strong>governo <\/strong>de Minas Gerais anunciou, nesta quinta-feira (17), que <strong>1.497 candidatos aprovados<\/strong> no \u00faltimo\u00a0<a href=\"https:\/\/www.novaconcursos.com.br\/portal\/concursos\/concurso-pm-mg\/\">concurso PM MG<\/a><strong>\u00a0<\/strong>foram <strong>convocados<\/strong>. Confira detalhes!<\/p>\n\n\n\n<ul class=\"wp-block-list\"><li><strong>Confira:\u00a0<\/strong><a rel=\"noreferrer noopener\" aria-label=\" (abre numa nova aba)\" href=\"https:\/\/www.novaconcursos.com.br\/eventos\/raio-x-concurso-pm-mg\/\" target=\"_blank\">Material gr\u00e1tis \u2013 Raio \u2013 X PMMG<\/a><\/li><\/ul><p><\/p>\n\n\n\n<p>Estude para o concurso dos seus sonhos com a\u00a0<a rel=\"noreferrer noopener\" aria-label=\" (abre numa nova aba)\" href=\"https:\/\/www.novaconcursos.com.br\/eventos\/assinatura\" target=\"_blank\">Assinatura Completa da Nova<\/a>. Tenha acesso a Cursos, Plataforma de Quest\u00f5es, Eventos Exclusivos para Assinantes e Muito Mais!<\/p>\n\n\n\n<h2 class=\"wp-block-heading\" id=\"concurso-pm-mg-convocaes-foram-anunciadas\">Concurso PM MG: convoca\u00e7\u00f5es foram anunciadas<\/h2>\n\n\n\n<p>O governo do estado de <a href=\"https:\/\/www.novaconcursos.com.br\/portal\/concursos-previstos\/mg\/\">Minas Gerais<\/a> anunciou que <strong>1.497 candidatos <\/strong>aprovados no \u00faltimo\u00a0<strong>concurso da Pol\u00edcia Militar\u00a0<\/strong>foram convocados.<\/p>\n\n\n\n<ul class=\"wp-block-list\"><li><strong>Adquira:<\/strong>\u00a0<a href=\"https:\/\/www.novaconcursos.com.br\/concurso\/pm-mg-policia-militar-minas-gerais\/apostila\">Apostila completa PM MG<\/a><\/li><li><strong>Adquira:<\/strong>\u00a0<a href=\"https:\/\/www.novaconcursos.com.br\/concurso\/pm-mg-policia-militar-minas-gerais\/curso-online\">Curso online completo PM MG<\/a><\/li><\/ul><p><\/p>\n\n\n\n<p>Portanto, confira a divis\u00e3o das<strong> 1.497 convoca\u00e7\u00f5es,<\/strong> que se d\u00e1 por meio da seguinte forma:<\/p>\n\n\n\n<ul class=\"wp-block-list\"><li>1.263 convocados para Curso de Forma\u00e7\u00e3o de Soldados\u00a0<\/li><li>84 convocados para o Curso de Forma\u00e7\u00e3o de Soldados Especialistas<\/li><li>120 candidatos convocados para o Curso de Forma\u00e7\u00e3o de Oficiais\u00a0<\/li><li>30 convocados para o Est\u00e1gio de Adapta\u00e7\u00e3o de Oficiais de Sa\u00fade<\/li><\/ul><p><\/p>\n\n\n\n<p>Assim, no an\u00fancio, feito nesta quinta-feira (17\/2), por meio do portal oficial, o governo fala que \u00e9<strong> parte do compromisso da atual gest\u00e3o<\/strong> em refor\u00e7ar e melhorar a seguran\u00e7a p\u00fablico do estado. <\/p>\n\n\n\n<p>Ademais, os convocados para <strong>Soldado <\/strong>v\u00e3o iniciar o Curso de Forma\u00e7\u00e3o no dia<strong> 25 de fevereiro<\/strong>, enquanto os de <strong>Oficial <\/strong>ter\u00e3o in\u00edcio no dia <strong>11 de mar\u00e7o.<\/strong><\/p>\n\n\n\n<p>Por meio de suas redes sociais, o <strong>governador Romeu Zema <\/strong>celebrou a not\u00edcia, afirmando que <a href=\"https:\/\/www.novaconcursos.com.br\/portal\/concursos-abertos\/mg\/\">Minas Gerias<\/a> ser\u00e1 <em>\u201co Estado mais seguro do pa\u00eds e com o refor\u00e7o do efetivo, seguiremos avan\u00e7ando\u201d<\/em>.<\/p>\n\n\n\n<h3 class=\"wp-block-heading\">Candidato\/vaga<\/h3>\n\n\n\n<p>Al\u00e9m disso, a lista publicada mostrou uma demanda de <strong>148 candidatos\/vaga para Soldado<\/strong>, sendo 36 candidatos\/vaga a demanda do sexo masculino e 112 candidatos\/vaga a demanda do sexo feminino.<\/p>\n\n\n\n<p>Lembrando que para a carreira \u00e9 exigido o <strong>n\u00edvel superior<\/strong>, idade m\u00ednima de 18 anos e m\u00e1xima de 30, e altura m\u00ednima de 1,60m.<\/p>\n\n\n\n<p>Por fim, a remunera\u00e7\u00e3o b\u00e1sica inicial para o<strong> Soldado de 2\u00aa Classe <\/strong>\u00e9 atualmente de <strong>R$ 3.962,23. <\/strong><\/p>\n\n\n\n<p>Entretanto, ap\u00f3s a formatura, a carga hor\u00e1ria de trabalho ser\u00e1 de <strong>40 horas por semana.<\/strong><\/p>\n\n\n\n<h3 class=\"wp-block-heading\">Autoridades cobravam convoca\u00e7\u00f5es<\/h3>\n\n\n\n<p>Como dito anteriormente, uma <strong>audi\u00eancia p\u00fablica<\/strong> foi promovida para tratar sobre a convoca\u00e7\u00e3o de excedentes no\u00a0<strong>concurso <\/strong>realizado em 2021.<\/p>\n\n\n\n<p>Al\u00e9m disso, o <strong>presidente <\/strong>da Comiss\u00e3o de Seguran\u00e7a P\u00fablica, deputado Sargento Rodrigues (PTB), a vice-presidente, deputada Delegada Sheila (PSL), os deputados Bruno Engler (PRTB), Coronel Sandro (PSL), Delegado Heli Grilo (PSL) e Jo\u00e3o Leite (PSDB) <strong>tamb\u00e9m cobravam a convoca\u00e7\u00e3o<\/strong>.<\/p>\n\n\n\n<p>Assim, o\u00a0<strong>objetivo era corrigir o d\u00e9ficit de servidores<\/strong>, que vinha aumentando cada vez mais nos \u00faltimos meses.<\/p>\n\n\n\n<p>Ademais, a Pol\u00edcia Militar de Minas Gerais registra atualmente,<strong>\u00a038.097 militares, enquanto deveria contar com 51.669.<\/strong> Agora, com as convoca\u00e7\u00f5es, o n\u00famero deve cair um pouco.<\/p>\n\n\n\n<figure class=\"wp-block-image size-large\"><a href=\"https:\/\/www.novaconcursos.com.br\/eventos\/assinatura\" target=\"_blank\" rel=\"noreferrer noopener\"><img decoding=\"async\" src=\"https:\/\/www.novaconcursos.com.br\/portal\/wp-content\/uploads\/2022\/01\/Faixa-Frete-Gr%E2%80%A0tis-portal.png\" alt=\"assinatura completa\" class=\"wp-image-153078\" loading=\"lazy\" title=\"\"><\/a><figcaption><\/figcaption><\/figure>","protected":false},"excerpt":{"rendered":"<p>Boa not\u00edcia concurseiros! O governo de Minas Gerais anunciou, nesta quinta-feira (17), que 1.497 candidatos aprovados no \u00faltimo\u00a0concurso PM MG\u00a0foram convocados. Confira detalhes! Confira:\u00a0Material gr\u00e1tis \u2013 Raio \u2013 X PMMG Estude para o concurso dos seus sonhos com a\u00a0Assinatura Completa da Nova. Tenha acesso a Cursos, Plataforma de Quest\u00f5es, Eventos Exclusivos para Assinantes e Muito [&hellip;]<\/p>\n","protected":false},"author":54671,"featured_media":155881,"comment_status":"closed","ping_status":"closed","sticky":false,"template":"","format":"standard","meta":{"_acf_changed":false,"footnotes":"","_wp_rev_ctl_limit":""},"categories":[228],"tags":[],"class_list":["post-155880","post","type-post","status-publish","format-standard","has-post-thumbnail","hentry","category-noticias"],"acf":[],"_links":{"self":[{"href":"https:\/\/www.novaconcursos.com.br\/portal\/wp-json\/wp\/v2\/posts\/155880","targetHints":{"allow":["GET"]}}],"collection":[{"href":"https:\/\/www.novaconcursos.com.br\/portal\/wp-json\/wp\/v2\/posts"}],"about":[{"href":"https:\/\/www.novaconcursos.com.br\/portal\/wp-json\/wp\/v2\/types\/post"}],"author":[{"embeddable":true,"href":"https:\/\/www.novaconcursos.com.br\/portal\/wp-json\/wp\/v2\/users\/54671"}],"replies":[{"embeddable":true,"href":"https:\/\/www.novaconcursos.com.br\/portal\/wp-json\/wp\/v2\/comments?post=155880"}],"version-history":[{"count":7,"href":"https:\/\/www.novaconcursos.com.br\/portal\/wp-json\/wp\/v2\/posts\/155880\/revisions"}],"predecessor-version":[{"id":155946,"href":"https:\/\/www.novaconcursos.com.br\/portal\/wp-json\/wp\/v2\/posts\/155880\/revisions\/155946"}],"wp:featuredmedia":[{"embeddable":true,"href":"https:\/\/www.novaconcursos.com.br\/portal\/wp-json\/wp\/v2\/media\/155881"}],"wp:attachment":[{"href":"https:\/\/www.novaconcursos.com.br\/portal\/wp-json\/wp\/v2\/media?parent=155880"}],"wp:term":[{"taxonomy":"category","embeddable":true,"href":"https:\/\/www.novaconcursos.com.br\/portal\/wp-json\/wp\/v2\/categories?post=155880"},{"taxonomy":"post_tag","embeddable":true,"href":"https:\/\/www.novaconcursos.com.br\/portal\/wp-json\/wp\/v2\/tags?post=155880"}],"curies":[{"name":"wp","href":"https:\/\/api.w.org\/{rel}","templated":true}]}}