{"id":155910,"date":"2022-07-22T13:12:28","date_gmt":"2022-07-22T16:12:28","guid":{"rendered":"https:\/\/www.novaconcursos.com.br\/portal\/?post_type=nc-public-tender&#038;p=155910"},"modified":"2024-12-16T09:50:54","modified_gmt":"2024-12-16T12:50:54","slug":"concurso-pge-rr","status":"publish","type":"post","link":"https:\/\/www.novaconcursos.com.br\/portal\/concursos\/concurso-pge-rr\/","title":{"rendered":"Concurso PGE RR: Comiss\u00e3o organizadora formada. Edital em breve!"},"content":{"rendered":"<p>Aten\u00e7\u00e3o, concurseiros! Um novo <strong>concurso PGE RR<\/strong> (Procuradoria Geral do Estado de Roraima) deve ser realizado<strong> em breve,<\/strong> visto que a comiss\u00e3o organizadora do certame <strong>foi formada.<\/strong><\/p>\n<p>Al\u00e9m disso, ser\u00e3o ofertadas oportunidades para o cargo de<strong> Procurador,<\/strong> que possui como exig\u00eancia o <strong>n\u00edvel superior<\/strong> de escolaridade. Ademais, a comiss\u00e3o possui <strong>03 meses<\/strong> para desenvolver o seu trabalho.<\/p>\n<p>Se interessa pela sele\u00e7\u00e3o? Ent\u00e3o confira <strong>maiores informa\u00e7\u00f5es<\/strong> a seguir!<\/p>\n<ul><li><a class=\"_ps2id\" href=\"#situa%C3%A7%C3%A3o\" data-ps2id-offset=\"\">Situa\u00e7\u00e3o atual<\/a>\n<ul><li><a class=\"_ps2id\" href=\"#atribui%C3%A7%C3%B5es\" data-ps2id-offset=\"\">Atribui\u00e7\u00f5es da comiss\u00e3o<\/a><\/li>\n<\/ul><\/li>\n<li><a class=\"_ps2id\" href=\"#vagas\" data-ps2id-offset=\"\">Vagas, cargos e sal\u00e1rios<\/a><\/li>\n<li><a class=\"_ps2id\" href=\"#%C3%BAltimo\" data-ps2id-offset=\"\">\u00daltimo concurso PGE RR<\/a><\/li>\n<li><a class=\"_ps2id\" href=\"#sobre\" data-ps2id-offset=\"\">Sobre a PGE RR<\/a><\/li>\n<\/ul><p>\u00a0<\/p>\n<h2 id=\"ps2id-idsituao-targetconcurso-pge-rr-situao-atual\">[ps2id id=\u2019situa\u00e7\u00e3o\u2019 target=\u201d\/]Concurso PGE RR: situa\u00e7\u00e3o atual<\/h2>\n<p>Sendo assim, antes de mais nada \u00e9 essencial recordar que um novo concurso PGE RR<strong> \u00e9 previsto desde 2021,<\/strong> quando o procurador-geral,\u00a0Cl\u00e1udio Belmino, solicitou o<strong> in\u00edcio de provid\u00eancias<\/strong> para o processo de abertura de concurso p\u00fablico.<\/p>\n<p>Al\u00e9m disso, o documento previa a realiza\u00e7\u00e3o da sele\u00e7\u00e3o no<strong> primeiro semestre de 2022,<\/strong> o que n\u00e3o aconteceu. Entretanto, um passo rumo a publica\u00e7\u00e3o do edital foi recentemente dado, sendo a forma\u00e7\u00e3o da <strong>comiss\u00e3o organizadora.<\/strong><\/p>\n<p>Nesse sentido, os <strong>nomes dos membros<\/strong> pertencentes ao grupo designado s\u00e3o:<\/p>\n<ul><li>Eduardo Daniel Lazarte Moron<\/li>\n<li>Andre Elysio Campos Barbosa<\/li>\n<li>Cl\u00e1udio Belmino Rabelo Evangelista<\/li>\n<li>Gierk Guimar\u00e3es Medeiros<\/li>\n<li>Mivanildo da Silva Matos<\/li>\n<li>Rondinelli Santos de Matos Pereira<\/li>\n<li>Maria Dizanete de Souza Matias (representante da OAB\/RR)<\/li>\n<\/ul><p>\u00a0<\/p>\n<p>Dessa forma, o grupo \u00e9 respons\u00e1vel por <strong>iniciar os preparativos<\/strong> e estudos acerca da nova sele\u00e7\u00e3o, bem como por elaborar o <strong>projeto b\u00e1sico<\/strong> do edital, que servir\u00e1 para o processo de escolha e contrata\u00e7\u00e3o de uma <strong>banca organizadora.<\/strong><\/p>\n<p>Ademais, vale lembrar que a empresa organizadora contratada ser\u00e1 a respons\u00e1vel por <strong>receber as inscri\u00e7\u00f5es<\/strong> dos candidatos e <strong>viabilizar e aplicar<\/strong> as etapas avaliativas da sele\u00e7\u00e3o, como as provas objetivas.<\/p>\n<p>Portanto, \u00e9 apenas ap\u00f3s a contrata\u00e7\u00e3o da organizadora que o edital se tornar\u00e1<strong> iminente<\/strong> e poder\u00e1 ser publicado contendo <strong>todas as informa\u00e7\u00f5es<\/strong> da nova sele\u00e7\u00e3o.<\/p>\n<p>\u00c9 igualmente importante recordar que o an\u00fancio da<strong> autoriza\u00e7\u00e3o<\/strong> do novo edital foi feito pelo pr\u00f3prio \u00f3rg\u00e3o, por meio de suas <strong>redes sociais.<\/strong><\/p>\n<p>Estude para o concurso dos seus sonhos com o <strong>M\u00e9todo<\/strong> que j\u00e1 ajudou na <strong>aprova\u00e7\u00e3o de mais de 70 mil alunos<\/strong>. <a href=\"https:\/\/aprovacao.novaconcursos.com.br\/assinatura\" target=\"_blank\" rel=\"noopener noreferrer\">Clique aqui<\/a> e saiba mais!<\/p>\n<h3>[ps2id id=\u2019atribui\u00e7\u00f5es\u2019 target=\u201d\/]Atribui\u00e7\u00f5es da comiss\u00e3o<\/h3>\n<p>Nesse sentido, \u00e9 importante mencionar que, de acordo com o documento publicado no Di\u00e1rio Oficial, as <strong>atribui\u00e7\u00f5es da comiss\u00e3o<\/strong> organizadora s\u00e3o as seguintes:<\/p>\n<ul><li>acompanhar e fiscalizar o certame;<\/li>\n<li>emitir justificativa sobre a necessidade de realizar o concurso;<\/li>\n<li>solicitar autoriza\u00e7\u00e3o do titular do \u00f3rg\u00e3o para realiza\u00e7\u00e3o do concurso p\u00fablico;<\/li>\n<li>analisar a regularidade do certame;<\/li>\n<li>comprovar a exist\u00eancia de dota\u00e7\u00e3o pr\u00e9via e suficiente para atender as despesas decorrentes das admiss\u00f5es devidamente analisadas pela Secretaria de Estado de Planejamento e Desenvolvimento \u2013 SEPLAN;<\/li>\n<li>declarar que o n\u00famero de vagas oferecidas se encontra dispon\u00edvel para preenchimento;<\/li>\n<li>publicar edital de abertura do certame no \u00f3rg\u00e3o oficial de divulga\u00e7\u00e3o;<\/li>\n<li>designar a Comiss\u00e3o setorial de concurso devidamente publicada em ve\u00edculo oficial de divulga\u00e7\u00e3o;<\/li>\n<li>solicitar informa\u00e7\u00f5es a qualquer setor da Secretaria de Estado da Fazenda e demais \u00f3rg\u00e3os da Administra\u00e7\u00e3o P\u00fablica Estadual;<\/li>\n<li>entre outros.<\/li>\n<\/ul><p>\u00a0<\/p>\n<p>Al\u00e9m disso, segundo o documento a comiss\u00e3o possui o prazo de<strong> 03 meses<\/strong> para realizar o estudo acerca da <strong>necessidade de servidores<\/strong> no \u00f3rg\u00e3o, o que definir\u00e1 o <strong>quantitativo de vagas<\/strong> a ser ofertado pelo edital.<\/p>\n<h2 id=\"ps2id-idvagas-targetvagas-cargos-e-salrios\">[ps2id id=\u2019vagas\u2019 target=\u201d\/]Vagas, cargos e sal\u00e1rios<\/h2>\n<p>Sendo assim, o novo concurso da Procuradoria Geral do Estado de <a href=\"https:\/\/www.novaconcursos.com.br\/portal\/concursos-previstos\/rr\/\">Roraima<\/a> ofertar\u00e1 oportunidades para o cargo de <strong>Procurador,<\/strong> que exigir\u00e1 dos concurseiros o <strong>n\u00edvel superior<\/strong> de escolaridade em <strong>Direito.<\/strong><\/p>\n<p>Al\u00e9m disso, para concorrer a uma das vagas tamb\u00e9m ser\u00e1 preciso que os candidatos possuam <strong>registro na Ordem dos Advogados do Brasil<\/strong> (OAB).<\/p>\n<p>Dessa forma, o quantitativo de vagas a ser ofertado pelo certame <strong>ainda n\u00e3o foi revelado,<\/strong> visto que a comiss\u00e3o organizadora ainda deve realizar as <strong>an\u00e1lises<\/strong> necess\u00e1rias para determinar esse n\u00famero.<\/p>\n<p>Ademais, os<strong> sal\u00e1rios<\/strong> a serem recebidos pelos aprovados no concurso p\u00fablico e contratados pelo \u00f3rg\u00e3o ainda <strong>n\u00e3o foram confirmados.<\/strong> Entretanto, esse valor pode variar entre <strong>R$ 11.724,12 e R$ 24.117,62.<\/strong><\/p>\n<h2 id=\"ps2id-idltimo-targetltimo-concurso-pge-rr\">[ps2id id=\u2019\u00faltimo\u2019 target=\u201d\/]\u00daltimo concurso PGE RR<\/h2>\n<p>Nesse sentido, enquanto<strong> maiores detalhes<\/strong> acerca da nova sele\u00e7\u00e3o n\u00e3o s\u00e3o revelados, \u00e9 imprescind\u00edvel que os interessados<strong> iniciem sua prepara\u00e7\u00e3o<\/strong> com base em antigos editais publicados pelo \u00f3rg\u00e3o.<\/p>\n<p>Portanto, o \u00faltimo concurso PGE RR aconteceu h\u00e1 muitos anos, <strong>em 2005,<\/strong> o que demonstra a necessidade de uma nova sele\u00e7\u00e3o. Ademais, foram ofertadas na \u00e9poca <strong>02 oportunidades<\/strong> para o cargo de <strong>Procurador,<\/strong> de n\u00edvel superior.<\/p>\n<p>Al\u00e9m disso, os aprovados no concurso da \u00e9poca contaram com <strong>remunera\u00e7\u00f5es<\/strong> no valor de<strong> R$ 5 mil,<\/strong> e a banca organizadora do certame foi a <a href=\"https:\/\/www.concursosfcc.com.br\/\" target=\"_blank\" rel=\"noopener noreferrer\">FCC<\/a> (Funda\u00e7\u00e3o Carlos Chagas).<\/p>\n<p>Dessa forma, os inscritos na sele\u00e7\u00e3o foram avaliados por meio de <strong>prova objetiva, prova discursiva e avalia\u00e7\u00e3o de t\u00edtulos,<\/strong> de forma que para a primeira etapa foram respondidas <strong>100 quest\u00f5es<\/strong> de m\u00faltipla escolha acerca das disciplinas abaixo:<\/p>\n<ul><li>Direito:\n<ul><li>Constitucional \u2013 15 quest\u00f5es<\/li>\n<li>Administrativo \u2013 15 quest\u00f5es<\/li>\n<li>Tribut\u00e1rio \u2013 10 quest\u00f5es<\/li>\n<li>Civil \u2013 10 quest\u00f5es<\/li>\n<li>Processual Civil \u2013 10 quest\u00f5es<\/li>\n<li>Penal e Processual Penal \u2013 10 quest\u00f5es<\/li>\n<li>Comercial \u2013 05 quest\u00f5es<\/li>\n<li>Financeiro \u2013 10 quest\u00f5es<\/li>\n<li>do Trabalho e Processual do Trabalho \u2013 10 quest\u00f5es<\/li>\n<li>Previdenci\u00e1rio \u2013 05 quest\u00f5es<\/li>\n<\/ul><\/li>\n<\/ul><p>\u00a0<\/p>\n<p>Por outro lado, para a <strong>prova discursiva<\/strong> os candidatos elaboraram <strong>02 quest\u00f5es e um parecer,<\/strong> de caso pr\u00e1tico, que tiveram como tema os conte\u00fados program\u00e1ticos citados anteriormente.<\/p>\n<h2 id=\"sobre-a-pge-rr\">Sobre a PGE RR<\/h2>\n<p>A previs\u00e3o da Procuradoria Geral do Estado (PGE\/RR) como institui\u00e7\u00e3o que representa o Estado de <a href=\"https:\/\/www.novaconcursos.com.br\/portal\/concursos-abertos\/rr\/\">Roraima,<\/a> judicial e extrajudicialmente, ocorreu na primeira Constitui\u00e7\u00e3o Estadual, de 31 de dezembro de 1991, em seu artigo 101.<\/p>\n<p>A PGE\/RR \u00e9 \u00f3rg\u00e3o permanente da estrutura da administra\u00e7\u00e3o p\u00fablica direta, incumbindo-lhe representar judicial e extrajucialmente o Estado de Roraima, al\u00e9m de exercer as fun\u00e7\u00f5es de consultoria jur\u00eddica da administra\u00e7\u00e3o direta do Estado e zelar pela manuten\u00e7\u00e3o do estado de direito e pela obedi\u00eancia aos ditames da CF, leis federais, Constitui\u00e7\u00e3o Estadual e leis estaduais.<\/p>\n<p>Tem por titulares o procurador geral e o adjunto, de livre nomea\u00e7\u00e3o pelo governador do Estado e \u00e9 integrada pelos procuradores do Estado, organizados em carreira, por nomea\u00e7\u00e3o dos aprovados em concurso p\u00fablico de provas e t\u00edtulos.<\/p>\n<p>No ano de 2004, a PGE\/RR realizou o primeiro concurso p\u00fablico, ocasi\u00e3o em que tomaram posse 24 procuradores. No ano de 2005, a Procuradoria realizou o segundo concurso p\u00fablico, e tomaram posse 52 procuradores. Atualmente a PGE \/RR cont, atualmente, com 41 procuradores em seu quadro.<\/p>\n<p>A estrutura organizacional da PGE\/RR compreende os \u00f3rg\u00e3os de dire\u00e7\u00e3o superior: procurador geral, procurador geral adjunto e Conselho de Procuradores; \u00f3rg\u00e3os de execu\u00e7\u00e3o: as coordenadorias; e os \u00f3rg\u00e3os auxiliares: gabinete da Procuradoria-Geral, Assessoria Especial, Centro de Estudos, Controle Interno e Corregedoria.<\/p>\n<p>A Procuradoria Geral do Estado de Roraima \u00e9 uma institui\u00e7\u00e3o que se consolida pelo n\u00edvel excelente de seus profissionais, que assumem de forma clara e com objetivismo, um compromisso incessante com a defesa dos interesses do Estado de Roraima e de sua sociedade, contribuindo para o fortalecimento de sua estrutura democr\u00e1tica, assegurando a todos os cidad\u00e3os o pleno funcionamento do Estado.<\/p>","protected":false},"excerpt":{"rendered":"<p>Aten\u00e7\u00e3o, concurseiros! Um novo concurso PGE RR (Procuradoria Geral do Estado de Roraima) deve ser realizado em breve, visto que a comiss\u00e3o organizadora do certame foi formada.<br \/>\nAl\u00e9m disso, ser\u00e3o ofertadas oportunidades para o cargo de Procurador, que possui como exig\u00eancia o n\u00edvel superior de escolaridade. Ademais, a comiss\u00e3o possui 03 meses para desenvolver o seu trabalho.<br \/>\nSe interessa pela sele\u00e7\u00e3o? Ent\u00e3o confira maiores informa\u00e7\u00f5es a seguir!<\/p>\n","protected":false},"author":54662,"featured_media":155927,"comment_status":"closed","ping_status":"closed","sticky":false,"template":"","format":"standard","meta":{"_acf_changed":false,"footnotes":"","_wp_rev_ctl_limit":""},"categories":[44999],"tags":[],"class_list":["post-155910","post","type-post","status-publish","format-standard","has-post-thumbnail","hentry","category-concursos"],"acf":[],"_links":{"self":[{"href":"https:\/\/www.novaconcursos.com.br\/portal\/wp-json\/wp\/v2\/posts\/155910","targetHints":{"allow":["GET"]}}],"collection":[{"href":"https:\/\/www.novaconcursos.com.br\/portal\/wp-json\/wp\/v2\/posts"}],"about":[{"href":"https:\/\/www.novaconcursos.com.br\/portal\/wp-json\/wp\/v2\/types\/post"}],"author":[{"embeddable":true,"href":"https:\/\/www.novaconcursos.com.br\/portal\/wp-json\/wp\/v2\/users\/54662"}],"replies":[{"embeddable":true,"href":"https:\/\/www.novaconcursos.com.br\/portal\/wp-json\/wp\/v2\/comments?post=155910"}],"version-history":[{"count":6,"href":"https:\/\/www.novaconcursos.com.br\/portal\/wp-json\/wp\/v2\/posts\/155910\/revisions"}],"predecessor-version":[{"id":166364,"href":"https:\/\/www.novaconcursos.com.br\/portal\/wp-json\/wp\/v2\/posts\/155910\/revisions\/166364"}],"wp:featuredmedia":[{"embeddable":true,"href":"https:\/\/www.novaconcursos.com.br\/portal\/wp-json\/wp\/v2\/media\/155927"}],"wp:attachment":[{"href":"https:\/\/www.novaconcursos.com.br\/portal\/wp-json\/wp\/v2\/media?parent=155910"}],"wp:term":[{"taxonomy":"category","embeddable":true,"href":"https:\/\/www.novaconcursos.com.br\/portal\/wp-json\/wp\/v2\/categories?post=155910"},{"taxonomy":"post_tag","embeddable":true,"href":"https:\/\/www.novaconcursos.com.br\/portal\/wp-json\/wp\/v2\/tags?post=155910"}],"curies":[{"name":"wp","href":"https:\/\/api.w.org\/{rel}","templated":true}]}}