{"id":155961,"date":"2022-02-18T09:41:46","date_gmt":"2022-02-18T12:41:46","guid":{"rendered":"https:\/\/www.novaconcursos.com.br\/portal\/?p=155961"},"modified":"2022-02-18T09:42:26","modified_gmt":"2022-02-18T12:42:26","slug":"concurso-receita-federal-edital-autorizado-ate-marco","status":"publish","type":"post","link":"https:\/\/www.novaconcursos.com.br\/portal\/noticias\/concurso-receita-federal-edital-autorizado-ate-marco\/","title":{"rendered":"Concurso Receita Federal: Edital autorizado at\u00e9 mar\u00e7o. Previs\u00e3o de 699 vagas!"},"content":{"rendered":"<p>\u00d3tima not\u00edcia concurseiros! O <a href=\"https:\/\/www.novaconcursos.com.br\/portal\/concursos\/concurso-receita-federal\/\">concurso Receita Federal<\/a> pode ter <strong>aval nos pr\u00f3ximos dias<\/strong> para preenchimento de 699 vagas. Segundo o Ministro Paulo Guedes, a autoriza\u00e7\u00e3o ser\u00e1 <strong>dada at\u00e9 mar\u00e7o.<\/strong><\/p>\n\n\n\n<ul class=\"wp-block-list\"><li><strong>Confira:<\/strong>\u00a0<a rel=\"noreferrer noopener\" aria-label=\" (abre numa nova aba)\" href=\"https:\/\/www.novaconcursos.com.br\/eventos\/guia-definitivo-plano-de-estudos-passo-a-passo\/\" target=\"_blank\">Material gr\u00e1tis \u2013 Guia Definitivo Plano de Estudos<\/a><\/li><\/ul><p><\/p>\n\n\n\n<p>Estude para o concurso dos seus sonhos com a\u00a0<a rel=\"noreferrer noopener\" aria-label=\" (abre numa nova aba)\" href=\"https:\/\/www.novaconcursos.com.br\/eventos\/assinatura\" target=\"_blank\">Assinatura Completa da Nova<\/a>. Tenha acesso a Cursos, Plataforma de Quest\u00f5es, Eventos Exclusivos para Assinantes e Muito Mais!<\/p>\n\n\n\n<h2 class=\"wp-block-heading\" id=\"concurso-receita-federal-aval-sair-quando\">Concurso Receita Federal: aval sair\u00e1 quando?<\/h2>\n\n\n\n<p>Quem aguarda um novo <a href=\"https:\/\/www.novaconcursos.com.br\/portal\/concursos-abertos\/nacional\">concurso <\/a>para a <strong>Receita Federal <\/strong>pode comemorar, porque o <strong>aval pode enfim sair.<\/strong><\/p>\n\n\n\n<p>De acordo com o \u00f3rg\u00e3o, a autoriza\u00e7\u00e3o para <strong>preenchimento de 699 vagas <\/strong>deve sair em mar\u00e7o. <\/p>\n\n\n\n<p>Assim, o\u00a0sinal verde\u00a0teria sido dado pelo <strong>pr\u00f3prio\u00a0ministro da Economia, <\/strong>Paulo Guedes, nesta quinta-feira (17), depois de muita espera.<\/p>\n\n\n\n<p>Isso porque o ministro se <strong>reuniu novamente com o secret\u00e1rio<\/strong> da Receita, J\u00falio Cesar Vieira Gomes, e outros representantes do \u00f3rg\u00e3o.<\/p>\n\n\n\n<p>Sendo assim, durante o encontro eles discutiram a autoriza\u00e7\u00e3o do concurso e o ministro acabou por<strong> solicitar um hist\u00f3rico do processo de autoriza\u00e7\u00e3o.<\/strong><\/p>\n\n\n\n<p>Momento em que os secret\u00e1rios o informaram que o\u00a0<strong>processo j\u00e1 se encontra pronto,<\/strong> ou seja,\u00a0tem tudo para ser autorizado o quanto antes.<\/p>\n\n\n\n<h3 class=\"wp-block-heading\">Or\u00e7amento<\/h3>\n\n\n\n<p>De acordo com o Ministro da Economia,<strong> algumas autoriza\u00e7\u00f5es<\/strong> de concursos est\u00e3o sendo revistas, devido a <strong>situa\u00e7\u00e3o or\u00e7ament\u00e1ria.<\/strong><\/p>\n\n\n\n<p>Al\u00e9m disso, ele<strong> citou as recentes e v\u00e1rias ocasi\u00f5es <\/strong>em que o secret\u00e1rio especial pediu urg\u00eancia em publicar um novo edital. <\/p>\n\n\n\n<p>Ademais, o Secret\u00e1rio de Gest\u00e3o e Desempenho de Pessoal, Leonardo Sultani afirmou que \u00e9 <strong>preciso aguardar o ateste or\u00e7ament\u00e1rio, <\/strong>a avalia\u00e7\u00e3o bimestral e as despesas prim\u00e1rias, o que acontecer\u00e1 em mar\u00e7o.<\/p>\n\n\n\n<p>Sendo assim, <strong>somente ap\u00f3s essas avalia\u00e7\u00f5es<\/strong> \u00e9 que o andamento \u00e0 aprova\u00e7\u00e3o do concurso ser\u00e1 dado.<\/p>\n\n\n\n<p>Portanto, a <strong>tend\u00eancia \u00e9 para que\u00a0at\u00e9 o final de mar\u00e7o<\/strong> a autoriza\u00e7\u00e3o seja divulgada, juntamente com o\u00a0cronograma de realiza\u00e7\u00e3o do concurso.\u00a0<\/p>\n\n\n\n<h2 class=\"wp-block-heading\" id=\"servidores-reivindicam-concurso-receita-federal-em-2022\">Servidores reivindicam concurso Receita Federal em 2022<\/h2>\n\n\n\n<p>Diversos <strong>servidores da Receita Federal<\/strong> realizaram uma assembleia em janeiro deste ano, se mostrando favor\u00e1veis a um novo <a href=\"https:\/\/www.novaconcursos.com.br\/portal\/concursos-previstos\/nacional\">concurso<\/a>.<\/p>\n\n\n\n<p>Assim, o evento aconteceu entre 12 e 14 de janeiro, quando participaram 4.669 Auditores Fiscais; portanto, <strong>76,18% foram favor\u00e1veis ao concurso. <\/strong><\/p>\n\n\n\n<p><em>\u201cAo fim, esta hist\u00f3rica Assembleia Nacional aponta para o fortalecimento desta leg\u00edtima mobiliza\u00e7\u00e3o dos Auditores-Fiscais, que devem seguir unidos e firmes no cumprimento das delibera\u00e7\u00f5es da categoria\u201d<\/em>, disse o Sindifisco.<\/p>\n\n\n\n<p>Al\u00e9m disso, o sindicato disse que esta foi a<strong> maior\u00a0assembleia<\/strong>\u00a0j\u00e1 realizada pelo \u00f3rg\u00e3o, desde 2017. <\/p>\n\n\n\n<h2 class=\"wp-block-heading\" id=\"previso-para-autorizao-de-699-\">Previs\u00e3o \u00e9 para autoriza\u00e7\u00e3o de 699 <\/h2>\n\n\n\n<p>O primeiro pedido era de 3 mil vagas, isso em 2020. Entretanto, em 2021, um of\u00edcio reajustou o <strong>pedido para 699 vagas<\/strong>, o que deve ser autorizado! <\/p>\n\n\n\n<p>Portanto, de acordo com o pedido, <strong>seriam 230 vagas para Auditor-Fiscal e 469 vagas para Analista-Tribut\u00e1rio.<\/strong><\/p>\n\n\n\n<p>Ademais, vale lembrar que o pedido foi<strong> enviado ao Minist\u00e9rio da Economia<\/strong> e desde ent\u00e3o chegou a tramitar algumas vezes, mas n\u00e3o foi autorizado. <\/p>\n\n\n\n<figure class=\"wp-block-image size-large\"><a href=\"https:\/\/www.novaconcursos.com.br\/eventos\/assinatura\" target=\"_blank\" rel=\"noreferrer noopener\"><img decoding=\"async\" src=\"https:\/\/www.novaconcursos.com.br\/portal\/wp-content\/uploads\/2022\/01\/Faixa-Frete-Gr%E2%80%A0tis-portal.png\" alt=\"assinatura completa\" class=\"wp-image-153078\" loading=\"lazy\" title=\"\"><\/a><figcaption><\/figcaption><\/figure><p><\/p>","protected":false},"excerpt":{"rendered":"<p>\u00d3tima not\u00edcia concurseiros! O concurso Receita Federal pode ter aval nos pr\u00f3ximos dias para preenchimento de 699 vagas. Segundo o Ministro Paulo Guedes, a autoriza\u00e7\u00e3o ser\u00e1 dada at\u00e9 mar\u00e7o. Confira:\u00a0Material gr\u00e1tis \u2013 Guia Definitivo Plano de Estudos Estude para o concurso dos seus sonhos com a\u00a0Assinatura Completa da Nova. Tenha acesso a Cursos, Plataforma de [&hellip;]<\/p>\n","protected":false},"author":54671,"featured_media":155964,"comment_status":"closed","ping_status":"closed","sticky":false,"template":"","format":"standard","meta":{"_acf_changed":false,"footnotes":"","_wp_rev_ctl_limit":""},"categories":[228],"tags":[],"class_list":["post-155961","post","type-post","status-publish","format-standard","has-post-thumbnail","hentry","category-noticias"],"acf":[],"_links":{"self":[{"href":"https:\/\/www.novaconcursos.com.br\/portal\/wp-json\/wp\/v2\/posts\/155961","targetHints":{"allow":["GET"]}}],"collection":[{"href":"https:\/\/www.novaconcursos.com.br\/portal\/wp-json\/wp\/v2\/posts"}],"about":[{"href":"https:\/\/www.novaconcursos.com.br\/portal\/wp-json\/wp\/v2\/types\/post"}],"author":[{"embeddable":true,"href":"https:\/\/www.novaconcursos.com.br\/portal\/wp-json\/wp\/v2\/users\/54671"}],"replies":[{"embeddable":true,"href":"https:\/\/www.novaconcursos.com.br\/portal\/wp-json\/wp\/v2\/comments?post=155961"}],"version-history":[{"count":6,"href":"https:\/\/www.novaconcursos.com.br\/portal\/wp-json\/wp\/v2\/posts\/155961\/revisions"}],"predecessor-version":[{"id":155973,"href":"https:\/\/www.novaconcursos.com.br\/portal\/wp-json\/wp\/v2\/posts\/155961\/revisions\/155973"}],"wp:featuredmedia":[{"embeddable":true,"href":"https:\/\/www.novaconcursos.com.br\/portal\/wp-json\/wp\/v2\/media\/155964"}],"wp:attachment":[{"href":"https:\/\/www.novaconcursos.com.br\/portal\/wp-json\/wp\/v2\/media?parent=155961"}],"wp:term":[{"taxonomy":"category","embeddable":true,"href":"https:\/\/www.novaconcursos.com.br\/portal\/wp-json\/wp\/v2\/categories?post=155961"},{"taxonomy":"post_tag","embeddable":true,"href":"https:\/\/www.novaconcursos.com.br\/portal\/wp-json\/wp\/v2\/tags?post=155961"}],"curies":[{"name":"wp","href":"https:\/\/api.w.org\/{rel}","templated":true}]}}