{"id":155974,"date":"2022-02-18T09:55:07","date_gmt":"2022-02-18T12:55:07","guid":{"rendered":"https:\/\/www.novaconcursos.com.br\/portal\/?p=155974"},"modified":"2025-04-09T17:15:44","modified_gmt":"2025-04-09T20:15:44","slug":"concurso-ebserh-inscricoes-segunda-feira","status":"publish","type":"post","link":"https:\/\/www.novaconcursos.com.br\/portal\/noticias\/concurso-ebserh-inscricoes-segunda-feira\/","title":{"rendered":"Concurso EBSERH: Inscri\u00e7\u00f5es at\u00e9 segunda-feira (21\/02)!"},"content":{"rendered":"<p>Aten\u00e7\u00e3o, concurseiros! As\u00a0<strong>inscri\u00e7\u00f5es\u00a0<\/strong>para o\u00a0<a href=\"https:\/\/www.novaconcursos.com.br\/portal\/concursos\/concurso-ebserh\/\">concurso Ebserh<\/a>\u00a0continuam abertas at\u00e9 segunda-feira,<strong>\u00a021 de fevereiro<\/strong>! A oferta \u00e9 de\u00a0<strong>701 vagas imediatas<\/strong>, por isso n\u00e3o perca a chance!<\/p>\n\n\n\n<h2 class=\"wp-block-heading\" id=\"concurso-ebserh-inscries-continuam-abertas\">Concurso Ebserh: inscri\u00e7\u00f5es continuam abertas<\/h2>\n\n\n\n<p>Ainda d\u00e1<strong>\u00a0tempo dos interessados reservarem uma vaga<\/strong> no <a href=\"https:\/\/www.novaconcursos.com.br\/portal\/concursos-previstos\/nacional\">concurso<\/a> da Empresa Brasileira de Servi\u00e7os Hospitalares (Ebserh).<\/p>\n\n\n\n<p><\/p>\n\n\n\n<p>Segundo o Governo, at\u00e9 dia 2 de fevereiro eram<strong> mais de 24 mil inscri\u00e7\u00f5es <\/strong>confirmadas. Assim, s\u00e3o\u00a0<strong>24.499 pessoas\u00a0<\/strong>que j\u00e1 tinham se inscrito.<\/p>\n\n\n\n<h3 class=\"wp-block-heading\">Como reservar vaga?<\/h3>\n\n\n\n<p>Quem se\u00a0<strong>interessar\u00a0<\/strong>deve entrar no\u00a0site do IBFC,\u00a0banca\u00a0<strong>organizadora\u00a0<\/strong>da sele\u00e7\u00e3o, at\u00e9 a pr\u00f3xima segunda-feira, 21 de fevereiro, \u00e0s 23h.<\/p>\n\n\n\n<p>Al\u00e9m disso,\u00a0\u00e9 preciso pagar uma taxa de R$160 (edital n\u00ba 2), R$80 ou R$119 (editais n\u00ba3 e 4). Portanto, o pagamento deve ser feito <strong>at\u00e9 dia 22<\/strong>\u00a0de fevereiro.<\/p>\n\n\n\n<h3 class=\"wp-block-heading\">Onde realizar provas?<\/h3>\n\n\n\n<p>\u00c9 importante destacar que o candidato deve, no ato das inscri\u00e7\u00f5es, escolher o cargo e a\u00a0<strong>cidade de realiza\u00e7\u00e3o das provas<\/strong> objetivas.<\/p>\n\n\n\n<p>Assim, elas <strong>ser\u00e3o aplicadas\u00a0<\/strong>em\u00a0Macap\u00e1 (AP), Bel\u00e9m (PA), Boa Vista (RR), Manaus (AM), Palmas (TO), Porto Velho (RO), Rio Branco (AC) e S\u00e3o Lu\u00eds (MA).<\/p>\n\n\n\n<p><em>\u201cRealizado em 2019, apenas na cidade de Uberl\u00e2ndia, e com convoca\u00e7\u00f5es iniciadas em 2020, o concurso para o HU-UFU j\u00e1 esgotou sua lista de cadastro nos cargos de t\u00e9cnico em enfermagem e em diversas especialidades m\u00e9dicas. Isso impede uma oferta adequada \u00e0 necessidade local, impactando nos servi\u00e7os\u201d,<\/em>\u00a0pontuou o diretor de Gest\u00e3o de Pessoas da Rede Ebserh\/MEC, Rodrigo Barbosa.<\/p>\n\n\n\n<h2 class=\"wp-block-heading\" id=\"previso-de-convocaes-foi-dada-para-julho\">Previs\u00e3o de convoca\u00e7\u00f5es foi dada para julho<\/h2>\n\n\n\n<p>Assim, a previs\u00e3o \u00e9 de que as\u00a0<strong>primeiras convoca\u00e7\u00f5es aconte\u00e7am em julho<\/strong>. Al\u00e9m disso, \u00e9 apontado que no segundo semestre, alguns servi\u00e7os passem a funcionar na unidade hospitalar.<\/p>\n\n\n\n<p>Portanto, as\u00a0<strong>701 vagas ofertadas\u00a0<\/strong>s\u00e3o para atua\u00e7\u00e3o no novo Hospital Universit\u00e1rio da Universidade Federal do Amap\u00e1 (HU-Unifap).<\/p>\n\n\n\n<p><em>\u201cTrata-se de uma nova unidade hospitalar, constru\u00edda do zero. Agora, ser\u00e1 colocada definitivamente em funcionamento, ampliando a assist\u00eancia \u00e0 sa\u00fade da popula\u00e7\u00e3o do Estado do Amap\u00e1 e da regi\u00e3o Norte, al\u00e9m de dar o apoio necess\u00e1rio como campo de pr\u00e1tica para a forma\u00e7\u00e3o de profissionais de sa\u00fade pela Unifap\u201d<\/em>, esclareceu o presidente da Rede Ebserh\/MEC, Oswaldo Ferreira.<\/p>\n\n\n\n<h2 class=\"wp-block-heading\" id=\"concurso-ebserh-provas-em-abril\">Concurso Ebserh: provas em abril<\/h2>\n\n\n\n<p>Al\u00e9m disso, os inscritos no\u00a0<a href=\"https:\/\/www.novaconcursos.com.br\/portal\/concursos-abertos\/nacional\">concurso\u00a0<\/a>Ebserh ser\u00e3o avaliados por meio de provas objetivas, marcadas para o dia\u00a0<strong>3 de abril.<\/strong><\/p>\n\n\n\n<p>Assim, os concurseiros passar\u00e3o ainda por uma\u00a0<strong>avalia\u00e7\u00e3o de t\u00edtulos<\/strong>. O edital da \u00e1rea\u00a0Administrativa prev\u00ea ainda<strong>\u00a0exames discursivos.<\/strong><\/p>\n\n\n\n<p>Portanto, as provas escritas ser\u00e3o em m\u00faltipla escolha e contar\u00e3o com<strong>\u00a060 quest\u00f5es<\/strong>\u00a0(editais n\u00ba2 e 3) e\u00a0<strong>50\u00a0<\/strong>(edital n\u00ba 4). Sendo assim, confira as\u00a0<strong>disciplinas<\/strong>:<\/p>\n\n\n\n<ul class=\"wp-block-list\"><li>L\u00edngua Portuguesa;<\/li>\n\n\n\n<li>Racioc\u00ednio L\u00f3gico;<\/li>\n\n\n\n<li>No\u00e7\u00f5es de Inform\u00e1tica;<\/li>\n\n\n\n<li>Hist\u00f3ria e Geografia do Amap\u00e1;<\/li>\n\n\n\n<li>Legisla\u00e7\u00e3o Geral;<\/li>\n\n\n\n<li>Legisla\u00e7\u00e3o Espec\u00edfica; e<\/li>\n\n\n\n<li>Conhecimentos Espec\u00edficos.<\/li>\n<\/ul><p><\/p>\n\n\n\n<p>Ademais, ap\u00f3s a conclus\u00e3o das etapas,\u00a0o\u00a0<strong>concurso ser\u00e1 homologado\u00a0<\/strong>e ficar\u00e1 v\u00e1lido por um ano, podendo ser prorrogado por igual per\u00edodo.<\/p>","protected":false},"excerpt":{"rendered":"<p>Aten\u00e7\u00e3o, concurseiros! As\u00a0inscri\u00e7\u00f5es\u00a0para o\u00a0concurso Ebserh\u00a0continuam abertas at\u00e9 segunda-feira,\u00a021 de fevereiro! A oferta \u00e9 de\u00a0701 vagas imediatas, por isso n\u00e3o perca a chance! Concurso Ebserh: inscri\u00e7\u00f5es continuam abertas Ainda d\u00e1\u00a0tempo dos interessados reservarem uma vaga no concurso da Empresa Brasileira de Servi\u00e7os Hospitalares (Ebserh). Segundo o Governo, at\u00e9 dia 2 de fevereiro eram mais de 24 [&hellip;]<\/p>\n","protected":false},"author":54671,"featured_media":155975,"comment_status":"closed","ping_status":"closed","sticky":false,"template":"","format":"standard","meta":{"_acf_changed":false,"footnotes":"","_wp_rev_ctl_limit":""},"categories":[228],"tags":[],"class_list":["post-155974","post","type-post","status-publish","format-standard","has-post-thumbnail","hentry","category-noticias"],"acf":[],"_links":{"self":[{"href":"https:\/\/www.novaconcursos.com.br\/portal\/wp-json\/wp\/v2\/posts\/155974","targetHints":{"allow":["GET"]}}],"collection":[{"href":"https:\/\/www.novaconcursos.com.br\/portal\/wp-json\/wp\/v2\/posts"}],"about":[{"href":"https:\/\/www.novaconcursos.com.br\/portal\/wp-json\/wp\/v2\/types\/post"}],"author":[{"embeddable":true,"href":"https:\/\/www.novaconcursos.com.br\/portal\/wp-json\/wp\/v2\/users\/54671"}],"replies":[{"embeddable":true,"href":"https:\/\/www.novaconcursos.com.br\/portal\/wp-json\/wp\/v2\/comments?post=155974"}],"version-history":[{"count":12,"href":"https:\/\/www.novaconcursos.com.br\/portal\/wp-json\/wp\/v2\/posts\/155974\/revisions"}],"predecessor-version":[{"id":278649,"href":"https:\/\/www.novaconcursos.com.br\/portal\/wp-json\/wp\/v2\/posts\/155974\/revisions\/278649"}],"wp:featuredmedia":[{"embeddable":true,"href":"https:\/\/www.novaconcursos.com.br\/portal\/wp-json\/wp\/v2\/media\/155975"}],"wp:attachment":[{"href":"https:\/\/www.novaconcursos.com.br\/portal\/wp-json\/wp\/v2\/media?parent=155974"}],"wp:term":[{"taxonomy":"category","embeddable":true,"href":"https:\/\/www.novaconcursos.com.br\/portal\/wp-json\/wp\/v2\/categories?post=155974"},{"taxonomy":"post_tag","embeddable":true,"href":"https:\/\/www.novaconcursos.com.br\/portal\/wp-json\/wp\/v2\/tags?post=155974"}],"curies":[{"name":"wp","href":"https:\/\/api.w.org\/{rel}","templated":true}]}}