{"id":156265,"date":"2023-09-12T15:25:00","date_gmt":"2023-09-12T18:25:00","guid":{"rendered":"https:\/\/www.novaconcursos.com.br\/portal\/?p=156265"},"modified":"2023-09-12T15:28:39","modified_gmt":"2023-09-12T18:28:39","slug":"concurso-pc-sp-qual-carreira-melhor","status":"publish","type":"post","link":"https:\/\/www.novaconcursos.com.br\/portal\/artigos\/concurso-pc-sp-qual-carreira-melhor\/","title":{"rendered":"Concurso PC SP 2023: Escriv\u00e3o ou Investigador? Qual carreira \u00e9 melhor?"},"content":{"rendered":"<p>Os editais do <a href=\"https:\/\/www.novaconcursos.com.br\/portal\/concursos\/concurso-policia-civil-sp\/?\" target=\"_blank\" rel=\"noreferrer noopener\">concurso PC SP 2023<\/a> foram publicados para o preenchimento de 3.500 vagas distribu\u00eddas entre os cargos de\u00a0Escriv\u00e3o, Investigador, Delegado, M\u00e9dico Legista e Perito Criminal. ?<\/p>\n\n\n\n<p>Quer ser o pr\u00f3ximo her\u00f3i de farda e n\u00e3o sabe qual carreira \u00e9 a melhor? Escriv\u00e3o ou Investigador? Ent\u00e3o, fica comigo para saber todos os detalhes de cada cargo.<\/p>\n\n\n\n<p>??<a href=\"https:\/\/www.novaconcursos.com.br\/eventos\/projeto-pc-sp\/?utm_source=youtube&amp;utm_medium=youtube&amp;utm_campaign=youtube-live-31-08-analise-edital-pcsp-rodrigo-heitor\" target=\"_blank\" rel=\"noreferrer noopener\">Seja aprovado estudando 3h por dia!<\/a>??<\/p>\n\n\n\n<p>Estude para o concurso dos seus sonhos com o\u00a0<strong>M\u00e9todo<\/strong>\u00a0que j\u00e1 ajudou na\u00a0<strong>aprova\u00e7\u00e3o de mais de 70 mil alunos.<\/strong>\u00a0<a href=\"https:\/\/aprovacao.novaconcursos.com.br\/assinatura?promo_creative=Clique+aqui&amp;promo_name=noticia&amp;promo_id=%2Fportal%2Fnoticias%2Fconcurso-pc-sp-2023-sairam-os-editais-com-3-500-vagas&amp;promo_position=corpo-texto\" target=\"_blank\" rel=\"noreferrer noopener\">Clique aqui<\/a>\u00a0e saiba mais!<\/p>\n\n\n\n<h2 class=\"wp-block-heading\" id=\"vagas-cargos-e-salrios\">Vagas, cargos e sal\u00e1rios<\/h2>\n\n\n\n<p>O concurso Pol\u00edcia Civil do Estado de <a href=\"https:\/\/www.novaconcursos.com.br\/portal\/concursos-abertos\/sp\/\">S\u00e3o Paulo<\/a> est\u00e1 ofertando <strong>3.500 vagas de n\u00edvel superior,<\/strong> distribu\u00eddas entre as seguintes carreiras:<\/p>\n\n\n\n<ul class=\"wp-block-list\"><li>Escriv\u00e3o de Pol\u00edcia: 1.333 vagas<\/li>\n\n\n\n<li>Investigador: 1.250 vagas<\/li>\n\n\n\n<li>Perito Criminal: 249 vagas<\/li>\n\n\n\n<li>M\u00e9dico Legista: 116 vagas<\/li>\n\n\n\n<li>Delegado: 552 vagas<\/li>\n<\/ul><p><\/p>\n\n\n\n<p>No entanto, vale destacar as carreiras de Escriv\u00e3o e Investigador, que juntas somam o quantitativo de 2.583 vagas e oferecem <strong>sal\u00e1rios iniciais de R$ 5.879,68,<\/strong> que corresponde a soma do vencimento base e da Gratifica\u00e7\u00e3o pelo Regime Especial de Trabalho Policial \u2013 RETP, podendo chegar em R$ 7.432,94 ao final da carreira.<\/p>\n\n\n\n<h2 class=\"wp-block-heading\" id=\"quais-as-atribuies-de-cada-carreira\">Quais as atribui\u00e7\u00f5es de cada carreira?<\/h2>\n\n\n\n<p>As carreiras de Escriv\u00e3o e Investigador possuem distribui\u00e7\u00e3o de vagas parecidas e o mesmo sal\u00e1rio. Mas ent\u00e3o, como escolher?<\/p>\n\n\n\n<p>A melhor maneira de escolher a melhor op\u00e7\u00e3o para voc\u00ea, \u00e9<strong> analisando as atividades<\/strong> que ser\u00e3o realizadas no dia a dia de cada cargo. Veja quais s\u00e3o:<\/p>\n\n\n\n<p><strong>Escriv\u00e3o:<\/strong><\/p>\n\n\n\n<ul class=\"wp-block-list\"><li>Secretariar a elabora\u00e7\u00e3o de boletins de ocorr\u00eancia, termos circunstanciados, autos de pris\u00e3o em flagrante, inqu\u00e9ritos policiais, processos, sindic\u00e2ncias, apura\u00e7\u00f5es e demais pe\u00e7as e documentos de pol\u00edcia judici\u00e1ria, f\u00edsicos, digitais e\/ou de sistemas de tecnologia de informa\u00e7\u00e3o, sob a presid\u00eancia do Delegado de Pol\u00edcia, al\u00e9m das fun\u00e7\u00f5es previstas na Portaria DGP-30, de 14 de novembro de 2012 e na Lei Org\u00e2nica da Pol\u00edcia do Estado de S\u00e3o Paulo (Lei Complementar n\u00ba 207\/1979);<\/li>\n\n\n\n<li>Responsabilizar-se pelo valor das fian\u00e7as recebidas e pelos objetos de apreens\u00e3o; <\/li>\n\n\n\n<li>Conduzir ve\u00edculos automotores; <\/li>\n\n\n\n<li>Cumprir medidas de seguran\u00e7a org\u00e2nica; <\/li>\n\n\n\n<li>Atuar nos procedimentos policiais de investiga\u00e7\u00e3o;<\/li>\n\n\n\n<li>Desempenhar outras atividades de natureza policial e administrativa, bem como executar<\/li>\n\n\n\n<li>outras tarefas que lhe forem atribu\u00eddas;<\/li>\n\n\n\n<li>Portar arma de fogo enquanto integrante da Pol\u00edcia Civil (Lei n\u00ba 10.826\/2003, artigo 6\u00ba, II);<\/li>\n\n\n\n<li>Atuar com possibilidade de exposi\u00e7\u00e3o a situa\u00e7\u00f5es de risco.<\/li>\n<\/ul><p><\/p>\n\n\n\n<h2 class=\"wp-block-heading\" id=\"\"><\/h2>\n\n\n\n<p><strong>Investigador:<\/strong><\/p>\n\n\n\n<ul class=\"wp-block-list\"><li>Realizar dilig\u00eancias investigat\u00f3rias e de policiamento preventivo especializado; <\/li>\n\n\n\n<li>Cumprir requisi\u00e7\u00f5es escritas ou verbais atinentes ao trabalho de pol\u00edcia judici\u00e1ria, emanadas do Delegado de Pol\u00edcia; <\/li>\n\n\n\n<li>Cumprir mandados; <\/li>\n\n\n\n<li>Elaborar boletins de ocorr\u00eancia e demais atos e documentos de pol\u00edcia judici\u00e1ria; <\/li>\n\n\n\n<li>Escoltar presos; <\/li>\n\n\n\n<li>Realizar pris\u00f5es, capturas de indiv\u00edduos e apreens\u00f5es; <\/li>\n\n\n\n<li>Manter a seguran\u00e7a de locais onde se desenvolve a atividade policial civil; <\/li>\n\n\n\n<li>Atender ao p\u00fablico interno e externo, no desempenho da atividade policial; <\/li>\n\n\n\n<li>Intervir, a qualquer tempo, em ocorr\u00eancias de natureza criminal; <\/li>\n\n\n\n<li>Conduzir viaturas policiais; <\/li>\n\n\n\n<li>Transportar pessoas e coisas vinculadas a ocorr\u00eancias policiais, conservar, manusear e empregar armas de fogo e equipamentos menos letais; <\/li>\n\n\n\n<li>Executar demais atos compat\u00edveis com a atividade de pol\u00edcia judici\u00e1ria e administrativa, sob a presid\u00eancia do Delegado de Pol\u00edcia, al\u00e9m das fun\u00e7\u00f5es previstas na Portaria DGP-30, de 14 de novembro de 2012 e na Lei Org\u00e2nica da Pol\u00edcia do Estado de S\u00e3o Paulo (Lei Complementar n\u00ba 207\/1979);<\/li>\n\n\n\n<li>Portar arma de fogo enquanto integrante da Pol\u00edcia Civil (Lei n\u00ba 10.826\/2003, art. 6\u00ba, II);<\/li>\n\n\n\n<li>Atuar com possibilidade de exposi\u00e7\u00e3o a situa\u00e7\u00f5es de risco.<\/li>\n<\/ul><p><\/p>\n\n\n\n<h2 class=\"wp-block-heading\" id=\"e-os-requisitos\">E os requisitos?<\/h2>\n\n\n\n<p>Ambas as carreiras exigem as seguintes<strong> caracter\u00edsticas e habilidades <\/strong>como perfil profissional:<\/p>\n\n\n\n<ul class=\"wp-block-list\"><li>Assertividade nas resolu\u00e7\u00f5es dos problemas;<\/li>\n\n\n\n<li>Autocr\u00edtica;<\/li>\n\n\n\n<li>Proatividade para buscar os melhores resultados e n\u00e3o o simples preenchimento da vaga dispon\u00edvel;<\/li>\n\n\n\n<li>Iniciativa, responsabilidade e sigilo profissional;<\/li>\n\n\n\n<li>Dinamismo no desenvolvimento das tarefas;<\/li>\n\n\n\n<li>Capacidade de inovar e socializar o conhecimento e a experi\u00eancia profissional;<\/li>\n\n\n\n<li>Capacidade para mediar conflitos;<br>Capacidade para lideran\u00e7a;<\/li>\n\n\n\n<li>Comunicar-se de maneira fluente, eficaz e eficiente;<\/li>\n\n\n\n<li>Capacidade de trabalhar sob press\u00e3o e possuir controle emocional;<\/li>\n\n\n\n<li>Capacidade de aten\u00e7\u00e3o concentrada, alternada e dividida;<\/li>\n\n\n\n<li>Cordialidade, clareza e solidariedade nas rela\u00e7\u00f5es interpessoais;<\/li>\n\n\n\n<li>Comprometimento: disposi\u00e7\u00e3o e engajamento nos objetivos do trabalho que realiza e capacidade de tra\u00e7ar estrat\u00e9gias para atend\u00ea-los, bem como aperfei\u00e7o\u00e1-los;<\/li>\n\n\n\n<li>Conhecimento das habilidades e compet\u00eancias exigidas para o desempenho das fun\u00e7\u00f5es, do cargo para o qual concorre; <\/li>\n\n\n\n<li>Flexibilidade em rela\u00e7\u00e3o ao novo;<\/li>\n\n\n\n<li>Ser \u00e9tico e cumprir as leis;<\/li>\n\n\n\n<li>Apto para trabalhar em equipe;<\/li>\n\n\n\n<li>Habilita\u00e7\u00e3o para condu\u00e7\u00e3o de ve\u00edculos automotores, no m\u00ednimo na categoria \u201cB\u201d.<\/li>\n<\/ul><p><\/p>\n\n\n\n<h2 class=\"wp-block-heading\" id=\"\"><\/h2>\n\n\n\n<p>Al\u00e9m disso, exigem os requisitos listados abaixo:<\/p>\n\n\n\n<ul class=\"wp-block-list\"><li>Ser brasileiro nato, naturalizado ou, em caso de nacionalidade portuguesa, estar amparado pelo Estatuto da Igualdade entre brasileiros e portugueses, com reconhecimento de gozo de direitos pol\u00edticos, nos termos do artigo 12, \u00a71\u00ba, da Constitui\u00e7\u00e3o Federal;<\/li>\n\n\n\n<li>N\u00e3o registrar antecedentes criminais e n\u00e3o ter sido condenado por ato de improbidade administrativa;<\/li>\n\n\n\n<li>Estar no gozo dos direitos civis e pol\u00edticos;<\/li>\n\n\n\n<li>Estar em dia com o servi\u00e7o militar;<\/li>\n\n\n\n<li>Gozar de boa sa\u00fade f\u00edsica e mental para o exerc\u00edcio das atribui\u00e7\u00f5es do cargo;<\/li>\n\n\n\n<li>A capacidade mental ser\u00e1 comprovada por atestado de sa\u00fade mental emitido por m\u00e9dico;<\/li>\n\n\n\n<li>Ter conduta irrepreens\u00edvel na vida p\u00fablica e privada;<\/li>\n\n\n\n<li>Possuir c\u00f3pia da \u00faltima declara\u00e7\u00e3o de Imposto de Renda entregue \u00e0 Secretaria da Receita Federal ou declara\u00e7\u00e3o p\u00fablica de bens;<\/li>\n\n\n\n<li>Ter sido aprovado no concurso, observado o n\u00famero de vagas colocadas \u00e0 disposi\u00e7\u00e3o;<\/li>\n\n\n\n<li><strong>Possuir diploma de gradua\u00e7\u00e3o, expedido por entidade de ensino oficial ou reconhecida, devidamente registrado ou, na falta deste, certificado de cola\u00e7\u00e3o de grau;<\/strong><\/li>\n\n\n\n<li>N\u00e3o haver sofrido, no exerc\u00edcio da fun\u00e7\u00e3o p\u00fablica, as penalidades de demiss\u00e3o e demiss\u00e3o a bem do servi\u00e7o p\u00fablico, durante os 5 (cinco) e 10 (dez) anos que antecederem a data da posse, respectivamente, na forma do par\u00e1grafo \u00fanico do art. 307 da Lei Estadual n\u00ba 10.261, de 28 de outubro de 1968.<\/li>\n\n\n\n<li>O(a) candidato(a) aprovado n\u00e3o poder\u00e1 acumular cargo e\/ou emprego p\u00fablico estadual, municipal ou federal com carreiras policiais civis, exceto para difus\u00e3o cultural e professor, desde que seja compat\u00edvel com o hor\u00e1rio e dist\u00e2ncia (Constitui\u00e7\u00e3o Federal, artigo 37, e Lei Complementar n\u00ba 207\/1979, artigo 44).<\/li>\n<\/ul><p><\/p>\n\n\n\n<h2 class=\"wp-block-heading\" id=\"quais-as-principais-vantagens-e-desvantagens-de-cada-carreir\">Quais as principais vantagens e desvantagens de cada carreira?<\/h2>\n\n\n\n<p><strong>Escriv\u00e3o<\/strong><\/p>\n\n\n\n<ul class=\"wp-block-list\"><li>Vantagens \u2705\n<ul class=\"wp-block-list\"><li>Estabilidade;<\/li>\n\n\n\n<li>Bom sal\u00e1rio;<\/li>\n\n\n\n<li>Hor\u00e1rios regulares;<\/li>\n\n\n\n<li>Trabalho Interno;<\/li>\n\n\n\n<li>Menos envolvimento em campo.<\/li>\n<\/ul><\/li>\n<\/ul><p><\/p>\n\n\n\n<ul class=\"wp-block-list\"><li>Desvantagens \u274c\n<ul class=\"wp-block-list\"><li>Rotina repetitiva;<\/li>\n\n\n\n<li>Menos a\u00e7\u00e3o direta;<\/li>\n\n\n\n<li>Carga de trabalho;<\/li>\n\n\n\n<li>Pouca visibilidade.<\/li>\n<\/ul><\/li>\n<\/ul><p><\/p>\n\n\n\n<p><strong>Investigador<\/strong><\/p>\n\n\n\n<ul class=\"wp-block-list\"><li>Vantagens \u2705\n<ul class=\"wp-block-list\"><li>Estabilidade;<\/li>\n\n\n\n<li>Bom sal\u00e1rio;<\/li>\n<\/ul><ul class=\"wp-block-list\"><li>A\u00e7\u00e3o e desafio;<\/li>\n\n\n\n<li>Variedade de casos;<\/li>\n\n\n\n<li>Oportunidade de avan\u00e7o;<\/li>\n\n\n\n<li>Desenvolvimento de habilidades.<\/li>\n<\/ul><\/li>\n<\/ul><p><\/p>\n\n\n\n<ul class=\"wp-block-list\"><li>Desvantagens \u274c\n<ul class=\"wp-block-list\"><li>Riscos fis\u00edcos;<\/li>\n\n\n\n<li>Hor\u00e1rios irregulares;<\/li>\n\n\n\n<li>Carga emocional;<\/li>\n\n\n\n<li>Documenta\u00e7\u00e3o e burocracia.<\/li>\n<\/ul><\/li>\n<\/ul><p> <\/p>\n\n\n\n<p>Lembrado que o objetivo do artigo n\u00e3o \u00e9 desmerecer as carreiras, mas te ajudar a identificar qual delas se encaixa melhor no seu perfil ?<\/p>\n\n\n\n<h2 class=\"wp-block-heading\" id=\"como-sero-as-provas-do-concurso-pc-sp-2023\">Como ser\u00e3o as provas do concurso PC SP 2023?<\/h2>\n\n\n\n<p>Os candidatos ser\u00e3o avaliados por meio de cinco etapas, sendo:<\/p>\n\n\n\n<ul class=\"wp-block-list\"><li>Prova Preambular (objetiva), de car\u00e1ter eliminat\u00f3rio e classificat\u00f3rio;<\/li>\n\n\n\n<li>Prova Escrita (discursiva), de car\u00e1ter eliminat\u00f3rio e classificat\u00f3rio;<\/li>\n\n\n\n<li>Comprova\u00e7\u00e3o de idoneidade e conduta escorreita, mediante investiga\u00e7\u00e3o social, de car\u00e1ter eliminat\u00f3rio;<\/li>\n\n\n\n<li>Prova Oral, de car\u00e1ter eliminat\u00f3rio e classificat\u00f3rio; e<\/li>\n\n\n\n<li>Prova de T\u00edtulos, de car\u00e1ter classificat\u00f3rio.<\/li>\n<\/ul><p><\/p>\n\n\n\n<p>A prova objetiva para o cargo de Escriv\u00e3o e Investigador ser\u00e1 aplicada no dia <strong>26 de novembro de 2023, <\/strong>no per\u00edodo da manha, nas cidades de S\u00e3o Paulo, Ara\u00e7atuba, Bauru, Campinas, Presidente Prudente, Ribeir\u00e3o Preto, Santos, S\u00e3o Jos\u00e9 do Rio Preto, S\u00e3o Jos\u00e9 dos Campos, Piracicaba e Sorocaba.<\/p>\n\n\n\n<p>Com 4 horas de dura\u00e7\u00e3o, a prova consistir\u00e1 em <strong>80 quest\u00f5es<\/strong>\u00a0de m\u00faltipla escolha, valendo de 0 (zero) a 100 (cem) pontos. Dessa forma:<\/p>\n\n\n\n<p><strong>Investigador<\/strong> ?<\/p>\n\n\n\n<ul class=\"wp-block-list\"><li>M\u00f3dulo I\n<ul class=\"wp-block-list\"><li>10 quest\u00f5es de no\u00e7\u00f5es de inform\u00e1tica<\/li>\n\n\n\n<li>6 no\u00e7\u00f5es de L\u00f3gica<\/li>\n<\/ul><\/li>\n\n\n\n<li>M\u00f3dulo II\n<ul class=\"wp-block-list\"><li>20 quest\u00f5es de L\u00edngua Portuguesa<\/li>\n<\/ul><\/li>\n\n\n\n<li>M\u00f3dulo III\n<ul class=\"wp-block-list\"><li>30 ques\u00f5es de Direito<\/li>\n\n\n\n<li>14 de no\u00e7\u00f5es de Criminologia<\/li>\n<\/ul><\/li>\n<\/ul><p><\/p>\n\n\n\n<p><strong>Escriv\u00e3o<\/strong> ?<\/p>\n\n\n\n<ul class=\"wp-block-list\"><li>M\u00f3dulo I\n<ul class=\"wp-block-list\"><li>30 quest\u00f5es de Direito<\/li>\n\n\n\n<li>14 de No\u00e7\u00f5es de Criminologia<\/li>\n<\/ul><\/li>\n\n\n\n<li>M\u00f3dulo II\n<ul class=\"wp-block-list\"><li>10 de No\u00e7\u00f5es de Inform\u00e1tica<\/li>\n\n\n\n<li>6 quest\u00f5es de L\u00f3gica<\/li>\n<\/ul><\/li>\n\n\n\n<li>M\u00f3dulo III\n<ul class=\"wp-block-list\"><li>20 quest\u00f5es de L\u00edngua Portuguesa<\/li>\n<\/ul><\/li>\n<\/ul><p><\/p>\n\n\n\n<p>Por outro lado, a prova escrita ser\u00e1 aplicada no mesmo dia, no per\u00edodo da tarde e consistir\u00e1 em quest\u00f5es discursivas acerca das seguintes disciplinas:<\/p>\n\n\n\n<ul class=\"wp-block-list\"><li><strong>Investigador: 4 quest\u00f5es<\/strong>\n<ul class=\"wp-block-list\"><li>L\u00edngua Portuguesa (1)<\/li>\n\n\n\n<li>No\u00e7\u00f5es de Direito (2)<\/li>\n\n\n\n<li>No\u00e7\u00f5es de Criminologia (1)<\/li>\n<\/ul><\/li>\n\n\n\n<li><strong>Escriv\u00e3o:<\/strong><strong>4 quest\u00f5e<\/strong>s\n<ul class=\"wp-block-list\"><li>L\u00edngua Portuguesa (1)<\/li>\n\n\n\n<li>No\u00e7\u00f5es de Direito (2)<\/li>\n\n\n\n<li>No\u00e7\u00f5es de Criminologia (1)<\/li>\n<\/ul><\/li>\n<\/ul><p><\/p>\n\n\n\n<p>Confira mais detalhes nos editais do concurso PC SP: <\/p>\n\n\n\n<p><a href=\"https:\/\/documento.vunesp.com.br\/documento\/stream\/NDgxNTA4OQ%3d%3d\" target=\"_blank\" rel=\"noreferrer noopener\">Investigador<\/a> | <a href=\"https:\/\/documento.vunesp.com.br\/documento\/stream\/NDgxNTI0OA%3d%3d\" target=\"_blank\" rel=\"noreferrer noopener\">Escriv\u00e3o<\/a><\/p>\n\n\n\n<h2 class=\"wp-block-heading\" id=\"como-realizar-a-inscrio-no-concurso-pc-sp\">Como realizar a inscri\u00e7\u00e3o no concurso PC SP?<\/h2>\n\n\n\n<p>Agora que voc\u00ea j\u00e1 sabe os principais detalhes de cada carreira, fica muito mais f\u00e1cil de escolher qual \u00e9 a melhor para o seu perfil.<\/p>\n\n\n\n<p>Uma vez definida, as inscri\u00e7\u00f5es devem ser realizadas no site da\u00a0<a href=\"https:\/\/www.vunesp.com.br\/\" target=\"_blank\" rel=\"noreferrer noopener\">Vunesp,\u00a0<\/a>banca organizadora, a partir das\u00a0<strong>10h do dia 11 de setembro at\u00e9 \u00e0s 23h59 de 10 de outubro de 2023<\/strong>, devendo o candidato preencher o formul\u00e1rio com os dados solicitados.<\/p>\n\n\n\n<p>Al\u00e9m de efetuar o pagamento da taxa de inscri\u00e7\u00e3o no valor de R$ 113,06 at\u00e9 o primeiro dia \u00fatil subsequente ao t\u00e9rmino da inscri\u00e7\u00e3o para que a candidatura seja homologada.<\/p>\n\n\n\n<p>Haver\u00e1 isen\u00e7\u00e3o e redu\u00e7\u00e3o da taxa para os candidatos que se enquadrarem nas seguintes condi\u00e7\u00f5es:<\/p>\n\n\n\n<ul class=\"wp-block-list\"><li>Isen\u00e7\u00e3o da taxa:\n<ul class=\"wp-block-list\"><li>doador de sangue;<\/li>\n<\/ul><\/li>\n\n\n\n<li>Redu\u00e7\u00e3o de 50% do valor da taxa:\n<ul class=\"wp-block-list\"><li>estudantes regularmente matriculados em curso pr\u00e9-vestibular, superior, n\u00edvel de gradua\u00e7\u00e3o ou p\u00f3s- gradua\u00e7\u00e3o; e<\/li>\n\n\n\n<li>percebam remunera\u00e7\u00e3o mensal inferior a 2 (dois) sal\u00e1rios-m\u00ednimos ou estejam desempregados.<\/li>\n<\/ul><\/li>\n<\/ul><p><\/p>\n\n\n\n<h2 class=\"wp-block-heading\" id=\"estude-para-o-concurso-pc-sp-2023\">Estude para o concurso PC SP 2023<\/h2>\n\n\n\n<p>Ficou interessado em alguma das oportunidades? Ent\u00e3o, n\u00e3o perca tempo e inicie sua prepara\u00e7\u00e3o agora mesmo!<\/p>\n\n\n\n<ul class=\"wp-block-list\"><li><strong>Confira:<\/strong><a href=\"https:\/\/www.novaconcursos.com.br\/eventos\/projeto-perito-criminal-pc-sp-pos-edital\/?promo_creative=+Projeto+Perito+Criminal+PC+SP&amp;promo_name=noticia&amp;promo_id=%2Fportal%2Fnoticias%2Fconcurso-pc-sp-2023-sairam-os-editais-com-3-500-vagas&amp;promo_position=corpo-texto\">\u00a0Projeto Perito Criminal PC SP<\/a><\/li>\n\n\n\n<li><strong>Confira:<\/strong>\u00a0<a href=\"https:\/\/www.novaconcursos.com.br\/eventos\/projeto-pc-sp\/?promo_creative=Projeto+Rumo+%C3%A0+Acadepol&amp;promo_name=noticia&amp;promo_id=%2Fportal%2Fnoticias%2Fconcurso-pc-sp-2023-sairam-os-editais-com-3-500-vagas&amp;promo_position=corpo-texto\">Projeto Rumo \u00e0 Acadepol<\/a><\/li>\n<\/ul><p><\/p>\n\n\n\n<p>Para mais dicas, d\u00e1 o play no v\u00eddeo do professor Heitor Ferreira e veja a an\u00e1lise completa do edital. Vem com a gente rumo a aprova\u00e7\u00e3o! ?<\/p>\n\n\n\n<figure class=\"wp-block-embed is-type-video is-provider-youtube wp-block-embed-youtube wp-embed-aspect-16-9 wp-has-aspect-ratio\"><div class=\"wp-block-embed__wrapper\">\n<iframe loading=\"lazy\" title=\"AN\u00c1LISE DO EDITAL PC SP 2023: INFORMA\u00c7\u00d5ES COMPLETAS\" width=\"500\" height=\"281\" src=\"https:\/\/www.youtube.com\/embed\/wd8U47gcw_I?feature=oembed\" frameborder=\"0\" allow=\"accelerometer; autoplay; clipboard-write; encrypted-media; gyroscope; picture-in-picture; web-share\" referrerpolicy=\"strict-origin-when-cross-origin\" allowfullscreen><\/iframe>\n<\/div><\/figure><p><\/p>\n\n\n\n<p><\/p>","protected":false},"excerpt":{"rendered":"<p>Os editais do concurso PC SP 2023 foram publicados para o preenchimento de 3.500 vagas distribu\u00eddas entre os cargos de\u00a0Escriv\u00e3o, Investigador, Delegado, M\u00e9dico Legista e Perito Criminal. ? Quer ser o pr\u00f3ximo her\u00f3i de farda e n\u00e3o sabe qual carreira \u00e9 a melhor? Escriv\u00e3o ou Investigador? Ent\u00e3o, fica comigo para saber todos os detalhes de [&hellip;]<\/p>\n","protected":false},"author":54679,"featured_media":155684,"comment_status":"closed","ping_status":"closed","sticky":false,"template":"","format":"standard","meta":{"_acf_changed":false,"footnotes":"","_wp_rev_ctl_limit":""},"categories":[33508],"tags":[],"class_list":["post-156265","post","type-post","status-publish","format-standard","has-post-thumbnail","hentry","category-artigos"],"acf":[],"_links":{"self":[{"href":"https:\/\/www.novaconcursos.com.br\/portal\/wp-json\/wp\/v2\/posts\/156265","targetHints":{"allow":["GET"]}}],"collection":[{"href":"https:\/\/www.novaconcursos.com.br\/portal\/wp-json\/wp\/v2\/posts"}],"about":[{"href":"https:\/\/www.novaconcursos.com.br\/portal\/wp-json\/wp\/v2\/types\/post"}],"author":[{"embeddable":true,"href":"https:\/\/www.novaconcursos.com.br\/portal\/wp-json\/wp\/v2\/users\/54679"}],"replies":[{"embeddable":true,"href":"https:\/\/www.novaconcursos.com.br\/portal\/wp-json\/wp\/v2\/comments?post=156265"}],"version-history":[{"count":10,"href":"https:\/\/www.novaconcursos.com.br\/portal\/wp-json\/wp\/v2\/posts\/156265\/revisions"}],"predecessor-version":[{"id":204849,"href":"https:\/\/www.novaconcursos.com.br\/portal\/wp-json\/wp\/v2\/posts\/156265\/revisions\/204849"}],"wp:featuredmedia":[{"embeddable":true,"href":"https:\/\/www.novaconcursos.com.br\/portal\/wp-json\/wp\/v2\/media\/155684"}],"wp:attachment":[{"href":"https:\/\/www.novaconcursos.com.br\/portal\/wp-json\/wp\/v2\/media?parent=156265"}],"wp:term":[{"taxonomy":"category","embeddable":true,"href":"https:\/\/www.novaconcursos.com.br\/portal\/wp-json\/wp\/v2\/categories?post=156265"},{"taxonomy":"post_tag","embeddable":true,"href":"https:\/\/www.novaconcursos.com.br\/portal\/wp-json\/wp\/v2\/tags?post=156265"}],"curies":[{"name":"wp","href":"https:\/\/api.w.org\/{rel}","templated":true}]}}