{"id":156861,"date":"2022-03-03T11:20:03","date_gmt":"2022-03-03T14:20:03","guid":{"rendered":"https:\/\/www.novaconcursos.com.br\/portal\/?p=156861"},"modified":"2022-03-03T11:20:10","modified_gmt":"2022-03-03T14:20:10","slug":"concursos-amapa-governador-anuncia-editais-desse-mes","status":"publish","type":"post","link":"https:\/\/www.novaconcursos.com.br\/portal\/noticias\/concursos-amapa-governador-anuncia-editais-desse-mes\/","title":{"rendered":"Concursos Amap\u00e1: Governador anuncia editais a partir desse m\u00eas. Veja quais s\u00e3o!"},"content":{"rendered":"<p>Aten\u00e7\u00e3o concurseiro do <a href=\"https:\/\/www.novaconcursos.com.br\/portal\/concursos-previstos\/ap\">Amap\u00e1<\/a>! O governador Waldez G\u00f3es anunciou novos\u00a0<strong>concursos<\/strong> para o estado, segundo ele, com <strong>editais j\u00e1 publicados <\/strong>a partir deste m\u00eas! Pois saiba quais s\u00e3o e inicie sua prepara\u00e7\u00e3o!<\/p>\n\n\n\n<ul class=\"wp-block-list\"><li><strong>Confira:<\/strong> <a rel=\"noreferrer noopener\" aria-label=\"Guia Definitivo Plano de Estudos (Gr\u00e1tis) (abre numa nova aba)\" href=\"https:\/\/www.novaconcursos.com.br\/eventos\/guia-definitivo-plano-de-estudos-passo-a-passo\/\" target=\"_blank\">Guia Definitivo Plano de Estudos (Gr\u00e1tis)<\/a><\/li><\/ul><p><\/p>\n\n\n\n<p>Estude para o concurso dos seus sonhos com a\u00a0<a rel=\"noreferrer noopener\" aria-label=\" (abre numa nova aba)\" href=\"https:\/\/www.novaconcursos.com.br\/eventos\/assinatura\" target=\"_blank\">Assinatura Completa da Nova<\/a>\u00a0\u00a0. Tenha acesso a Cursos, Plataforma de Quest\u00f5es, Eventos Exclusivos para Assinantes e Muito Mais!<\/p>\n\n\n\n<h2 class=\"wp-block-heading\" id=\"concursos-amap-o-que-disse-o-governador\">Concursos Amap\u00e1: o que disse o governador?<\/h2>\n\n\n\n<p>Editais est\u00e3o chegando no <a href=\"https:\/\/www.novaconcursos.com.br\/portal\/concursos-abertos\/ap\">estado do Amap\u00e1<\/a>! De acordo com o governador Waldez G\u00f3es, documentos de alguns \u00f3rg\u00e3os come\u00e7am j\u00e1 a ser<strong> publicados este m\u00eas de mar\u00e7o.<\/strong><\/p>\n\n\n\n<p>Assim, o an\u00fancio foi feito na \u00faltima quarta-feira (2), quando ele disse ainda que outros certames j\u00e1 ter\u00e3o <strong>comiss\u00f5es anunciadas <\/strong>tamb\u00e9m em mar\u00e7o.<\/p>\n\n\n\n<p><em>\u201cOl\u00e1, concurseiros. Estive nessa noite com minha equipe numa reuni\u00e3o muito produtiva sobre o calend\u00e1rio de concursos p\u00fablicos no Amap\u00e1. E vem not\u00edcia boa por a\u00ed: neste m\u00eas de mar\u00e7o j\u00e1 sair\u00e3o alguns editais e tamb\u00e9m vamos avan\u00e7ar na nomea\u00e7\u00e3o de novas comiss\u00f5es para dar seguimento \u00e0 realiza\u00e7\u00e3o dos certames\u201d<\/em>, afirmou ele nas redes sociais.<\/p>\n\n\n\n<p>Al\u00e9m disso, o governador confirmou que ser\u00e3o sele\u00e7\u00f5es contemplando v\u00e1rias \u00e1reas, como <strong>Educa\u00e7\u00e3o, Seguran\u00e7a P\u00fablica e Setor Econ\u00f4mico<\/strong>.<\/p>\n\n\n\n<p><em>\u201cE para o nosso servidor estadual, tamb\u00e9m iniciamos uma avalia\u00e7\u00e3o criteriosa do cen\u00e1rio fiscal com olhos na revis\u00e3o salarial de 2022. Vamos juntos, trabalhando para abrir novas oportunidades no funcionalismo p\u00fablico e tamb\u00e9m para quem j\u00e1 est\u00e1 nele\u201d,<\/em> completou a publica\u00e7\u00e3o.<\/p>\n\n\n\n<p>Ainda em 2021,\u00a0Waldez G\u00f3es\u00a0anunciou\u00a0<strong>3.110 vagas<\/strong>\u00a0em concursos para este ano, nas \u00e1reas de Seguran\u00e7a P\u00fablica, Educa\u00e7\u00e3o, Tr\u00e2nsito, entre outras.<\/p>\n\n\n\n<p>Assim, no fim do ano, os concursos para a <strong>Pol\u00edcia Militar e o Corpo de Bombeiros <\/strong>tiveram comiss\u00f5es formadas. <\/p>\n\n\n\n<p>Portanto, tudo indica que estes ser\u00e3o os primeiros que ter\u00e3o editais publicados. Entretanto, <strong>n\u00e3o h\u00e1 confirma\u00e7\u00f5es!<\/strong><\/p>\n\n\n\n<p>Mas, a previs\u00e3o \u00e9 de<strong> 825 vagas ofertadas nos dois certames,<\/strong> sendo 600 para Pol\u00edcia Militar e 225 para o Corpo de Bombeiros. <\/p>\n\n\n\n<p>Al\u00e9m disso, todas as chances ser\u00e3o para o cargo de\u00a0Soldado Combatente, cargo que exige o <strong>n\u00edvel m\u00e9dio<\/strong>.<\/p>\n\n\n\n<h2 class=\"wp-block-heading\" id=\"confira-os-demais-concursos-amap-que-esto-previstos-para-202\"><strong>Confira os demais concursos Amap\u00e1 que est\u00e3o previstos<\/strong> para 2022<\/h2>\n\n\n\n<p>Ademais, os concursos Amap\u00e1 foram anunciados <strong>em dezembro de 2021, <\/strong>para preenchimento de vagas em diversas \u00e1reas do governo. Portanto, inclui os seguintes:<\/p>\n\n\n\n<ul class=\"wp-block-list\"><li><strong>Pol\u00edcia Militar (PM AP)<\/strong> \u2013 600 para Soldados Combatentes<\/li><li><strong>Corpo de Bombeiros<\/strong> \u2013 225 para Soldados Combatentes<\/li><li><strong>Universidade do Estado do Amap\u00e1 (UEAP)<\/strong> \u2013 60 para Professor de ensino superior<\/li><li><strong>Pol\u00edcia Cient\u00edfica (Politec AP)<\/strong> \u2013 76 para os cargos de Perito Criminal (25), Perito Odontologista (3), Papiloscopista (12), T\u00e9cnico Pericial (6) e Auxiliar T\u00e9cnico Pericial (30).\u00a0<\/li><li><strong>Secretaria de Educa\u00e7\u00e3o<\/strong> \u2013 2.022 vagas, distribu\u00eddas entre os cargos de Professor Classe C (1.589), Pedagogo (150), Tradutor e Int\u00e9rprete de Libras (40), Cuidador (167), Especialista em Educa\u00e7\u00e3o (76).<\/li><li><strong>Departamento de Tr\u00e2nsito (Detran AP)<\/strong> \u2013 127 para as carreiras de Assistente Administrativo de Tr\u00e2nsito (80), Analista Jur\u00eddico de Tr\u00e2nsito (8), Analista de Contabilidade e Controle (7), Analista de Gest\u00e3o em Tr\u00e2nsito (20 vagas), Analista de Tecnologia da Informa\u00e7\u00e3o (4)\u00a0e Educador de Tr\u00e2nsito (8).<\/li><\/ul><p><\/p>\n\n\n\n<p>Al\u00e9m disso, tamb\u00e9m\u00a0est\u00e3o previstos editais para <strong>\u00e1rea de Previd\u00eancia (Amprev), para vigil\u00e2ncia em sa\u00fade e para o setor econ\u00f4mico.<\/strong><\/p>\n\n\n\n<p>Este \u00faltimo, entretanto,<strong> integrando <\/strong>o Amap\u00e1 Terras, Secretaria de Meio Ambiente, Instituto de Desenvolvimento Rura, Instituto Estadual de Pesquisa e a Secretaria de Desenvolvimento Rural. <\/p>\n\n\n\n<p>Ademais, uma sele\u00e7\u00e3o para a Secretaria da Fazenda do Estado tamb\u00e9m \u00e9 esperada.<strong> Tudo ainda ser\u00e1 anunciado pelo governo.<\/strong><\/p>\n\n\n\n<figure class=\"wp-block-image size-large\"><a href=\"https:\/\/www.novaconcursos.com.br\/eventos\/assinatura\" target=\"_blank\" rel=\"noreferrer noopener\"><img decoding=\"async\" src=\"https:\/\/www.novaconcursos.com.br\/portal\/wp-content\/uploads\/2022\/01\/Faixa-Frete-Gr%E2%80%A0tis-portal.png\" alt=\"assinatura completa\" class=\"wp-image-153078\" loading=\"lazy\" title=\"\"><\/a><figcaption><\/figcaption><\/figure>","protected":false},"excerpt":{"rendered":"<p>Aten\u00e7\u00e3o concurseiro do Amap\u00e1! O governador Waldez G\u00f3es anunciou novos\u00a0concursos para o estado, segundo ele, com editais j\u00e1 publicados a partir deste m\u00eas! Pois saiba quais s\u00e3o e inicie sua prepara\u00e7\u00e3o! Confira: Guia Definitivo Plano de Estudos (Gr\u00e1tis) Estude para o concurso dos seus sonhos com a\u00a0Assinatura Completa da Nova\u00a0\u00a0. Tenha acesso a Cursos, Plataforma [&hellip;]<\/p>\n","protected":false},"author":54671,"featured_media":156864,"comment_status":"closed","ping_status":"closed","sticky":false,"template":"","format":"standard","meta":{"_acf_changed":false,"footnotes":"","_wp_rev_ctl_limit":""},"categories":[228],"tags":[],"class_list":["post-156861","post","type-post","status-publish","format-standard","has-post-thumbnail","hentry","category-noticias"],"acf":[],"_links":{"self":[{"href":"https:\/\/www.novaconcursos.com.br\/portal\/wp-json\/wp\/v2\/posts\/156861","targetHints":{"allow":["GET"]}}],"collection":[{"href":"https:\/\/www.novaconcursos.com.br\/portal\/wp-json\/wp\/v2\/posts"}],"about":[{"href":"https:\/\/www.novaconcursos.com.br\/portal\/wp-json\/wp\/v2\/types\/post"}],"author":[{"embeddable":true,"href":"https:\/\/www.novaconcursos.com.br\/portal\/wp-json\/wp\/v2\/users\/54671"}],"replies":[{"embeddable":true,"href":"https:\/\/www.novaconcursos.com.br\/portal\/wp-json\/wp\/v2\/comments?post=156861"}],"version-history":[{"count":5,"href":"https:\/\/www.novaconcursos.com.br\/portal\/wp-json\/wp\/v2\/posts\/156861\/revisions"}],"predecessor-version":[{"id":156869,"href":"https:\/\/www.novaconcursos.com.br\/portal\/wp-json\/wp\/v2\/posts\/156861\/revisions\/156869"}],"wp:featuredmedia":[{"embeddable":true,"href":"https:\/\/www.novaconcursos.com.br\/portal\/wp-json\/wp\/v2\/media\/156864"}],"wp:attachment":[{"href":"https:\/\/www.novaconcursos.com.br\/portal\/wp-json\/wp\/v2\/media?parent=156861"}],"wp:term":[{"taxonomy":"category","embeddable":true,"href":"https:\/\/www.novaconcursos.com.br\/portal\/wp-json\/wp\/v2\/categories?post=156861"},{"taxonomy":"post_tag","embeddable":true,"href":"https:\/\/www.novaconcursos.com.br\/portal\/wp-json\/wp\/v2\/tags?post=156861"}],"curies":[{"name":"wp","href":"https:\/\/api.w.org\/{rel}","templated":true}]}}