{"id":156957,"date":"2022-03-04T11:51:50","date_gmt":"2022-03-04T14:51:50","guid":{"rendered":"https:\/\/www.novaconcursos.com.br\/portal\/?p=156957"},"modified":"2022-03-04T11:51:55","modified_gmt":"2022-03-04T14:51:55","slug":"concursos-amapa-assinado-decreto-comissao","status":"publish","type":"post","link":"https:\/\/www.novaconcursos.com.br\/portal\/noticias\/concursos-amapa-assinado-decreto-comissao\/","title":{"rendered":"Concursos Amap\u00e1: Assinado o decreto que constituiu comiss\u00e3o de 4 certames!"},"content":{"rendered":"<p>Aten\u00e7\u00e3o concurseiros! <strong>Quatro editais <\/strong>v\u00eam a\u00ed no <a href=\"https:\/\/www.novaconcursos.com.br\/portal\/concursos-previstos\/ap\">estado do Amap\u00e1<\/a>! O governador anunciou que <strong>assinou decreto<\/strong> que constituiu os grupos. Confira detalhes e <strong>saiba quais<\/strong> s\u00e3o as sele\u00e7\u00f5es!<\/p>\n\n\n\n<ul class=\"wp-block-list\"><li><strong>Confira:<\/strong>\u00a0<a rel=\"noreferrer noopener\" aria-label=\" (abre numa nova aba)\" href=\"https:\/\/www.novaconcursos.com.br\/eventos\/guia-definitivo-como-montar-um-mapa-mental\/\" target=\"_blank\">Guia como montar um mapa mental (Gr\u00e1tis)<\/a><\/li><\/ul><p><\/p>\n\n\n\n<p>Estude para o concurso dos seus sonhos com a\u00a0<a rel=\"noreferrer noopener\" aria-label=\" (abre numa nova aba)\" href=\"https:\/\/www.novaconcursos.com.br\/eventos\/assinatura\" target=\"_blank\">Assinatura Completa da Nova<\/a>\u00a0\u00a0. Tenha acesso a Cursos, Plataforma de Quest\u00f5es, Eventos Exclusivos para Assinantes e Muito Mais!<\/p>\n\n\n\n<h2 class=\"wp-block-heading\" id=\"concursos-amap-quais-so-os-rgos-com-comisso-formada\">Concursos Amap\u00e1: quais s\u00e3o os \u00f3rg\u00e3os com comiss\u00e3o formada?<\/h2>\n\n\n\n<p>Uma boa not\u00edcia para os concurseiros do <a href=\"https:\/\/www.novaconcursos.com.br\/portal\/concursos-abertos\/ap\">Estado do Amap\u00e1<\/a>. <strong>Quatro editais est\u00e3o a caminho<\/strong> e devem sair nos pr\u00f3ximos meses.<\/p>\n\n\n\n<p>Isso porque o governador Waldez G\u00f3es assinou nesta quinta-feira (3), decretos que constituem <strong>comiss\u00f5es organizadoras<\/strong> de quatro sele\u00e7\u00f5es.<\/p>\n\n\n\n<p>Assim, ele fez o an\u00fancio por meio de suas redes sociais. Portanto, os documentos devem ser publicados no <strong>Di\u00e1rio Oficial nos pr\u00f3ximos dias.<\/strong><\/p>\n\n\n\n<p>Com os decretos, o governador aprovou a cria\u00e7\u00e3o de comiss\u00f5es para o <strong>Detran; SEED (Secretaria de Educa\u00e7\u00e3o do Amap\u00e1); Sefaz; e Politec<\/strong>.<\/p>\n\n\n\n<p><em>\u201cOl\u00e1, gente. Hoje nomeamos as comiss\u00f5es dos concursos da Secretaria da Educa\u00e7\u00e3o, Secretaria da Fazenda, Detran e Pol\u00edcia Cient\u00edfica. O pr\u00f3ximo passo \u00e9 a contrata\u00e7\u00e3o das bancas realizadoras dos concursos e, em seguida, o lan\u00e7amento dos editais\u201d,<\/em> escreveu ele.<\/p>\n\n\n\n<p>Ademais, <strong>ainda n\u00e3o se sabe ao certo<\/strong> quando a escolha da banca se iniciar\u00e1, quando o edital ser\u00e1 publicado e quantas ser\u00e3o as vagas! Assim, tudo isso deve ser revelado<strong> em breve!<\/strong><\/p>\n\n\n\n<p><em>\u201cPode intensificar a prepara\u00e7\u00e3o. Estamos fazendo a nossa parte para garantir mais oportunidades no servi\u00e7o p\u00fablico e tamb\u00e9m na iniciativa privada, com o fortalecimento da nossa Nova Economia. Esse \u00e9 o ano da retomada. E o Amap\u00e1 avan\u00e7a como nunca antes\u201d<\/em>, completou o governador.<\/p>\n\n\n\n<p>Agora fica a expectativa pela <strong>divulga\u00e7\u00e3o dos nomes <\/strong>dos componentes dos respectivos grupos que ficar\u00e3o \u00e0 frente da organiza\u00e7\u00e3o dos certames.<\/p>\n\n\n\n<h3 class=\"wp-block-heading\">PM e Bombeiros<\/h3>\n\n\n\n<p>Al\u00e9m das sele\u00e7\u00f5es acima citadas, o governador ainda falou sobre os concursos para a <strong>Pol\u00edcia Militar e o Corpo de Bombeiros.<\/strong><\/p>\n\n\n\n<p><em>\u201cInclusive, j\u00e1 estamos pr\u00f3ximos da contrata\u00e7\u00e3o das bancas para os concursos da Pol\u00edcia Militar e Corpo de Bombeiros, anunciados em dezembro do ultimo ano. Com isso, os editais devem ser lan\u00e7ados em mar\u00e7o para que as provas ocorram at\u00e9 julho deste ano\u201d,<\/em> escreveu ele.<\/p>\n\n\n\n<p>Sendo assim, como mesmo disse o governador, a\u00a0<strong>banca organizadora<\/strong> ainda n\u00e3o est\u00e1 escolhida, mas deve ser anunciada\u00a0<strong>nos pr\u00f3ximos dias.<\/strong><\/p>\n\n\n\n<p>Assim, de acordo com ele, o <strong>edital sai em mar\u00e7o<\/strong> para que as provas aconte\u00e7am at\u00e9 julho.<\/p>\n\n\n\n<p>Portanto, vale destacar que o concurso da PM\u00a0<strong>foi anunciado em dezembro<\/strong>\u00a0de 2021, pelo pr\u00f3prio chefe do estado.<\/p>\n\n\n\n<figure class=\"wp-block-image size-large\"><a href=\"https:\/\/www.novaconcursos.com.br\/eventos\/assinatura\" target=\"_blank\" rel=\"noreferrer noopener\"><img decoding=\"async\" src=\"https:\/\/www.novaconcursos.com.br\/portal\/wp-content\/uploads\/2022\/01\/Faixa-Frete-Gr%E2%80%A0tis-portal.png\" alt=\"assinatura completa\" class=\"wp-image-153078\" loading=\"lazy\" title=\"\"><\/a><figcaption><\/figcaption><\/figure><p><\/p>","protected":false},"excerpt":{"rendered":"<p>Aten\u00e7\u00e3o concurseiros! Quatro editais v\u00eam a\u00ed no estado do Amap\u00e1! O governador anunciou que assinou decreto que constituiu os grupos. Confira detalhes e saiba quais s\u00e3o as sele\u00e7\u00f5es! Confira:\u00a0Guia como montar um mapa mental (Gr\u00e1tis) Estude para o concurso dos seus sonhos com a\u00a0Assinatura Completa da Nova\u00a0\u00a0. Tenha acesso a Cursos, Plataforma de Quest\u00f5es, Eventos [&hellip;]<\/p>\n","protected":false},"author":54671,"featured_media":156864,"comment_status":"closed","ping_status":"closed","sticky":false,"template":"","format":"standard","meta":{"_acf_changed":false,"footnotes":"","_wp_rev_ctl_limit":""},"categories":[228],"tags":[],"class_list":["post-156957","post","type-post","status-publish","format-standard","has-post-thumbnail","hentry","category-noticias"],"acf":[],"_links":{"self":[{"href":"https:\/\/www.novaconcursos.com.br\/portal\/wp-json\/wp\/v2\/posts\/156957","targetHints":{"allow":["GET"]}}],"collection":[{"href":"https:\/\/www.novaconcursos.com.br\/portal\/wp-json\/wp\/v2\/posts"}],"about":[{"href":"https:\/\/www.novaconcursos.com.br\/portal\/wp-json\/wp\/v2\/types\/post"}],"author":[{"embeddable":true,"href":"https:\/\/www.novaconcursos.com.br\/portal\/wp-json\/wp\/v2\/users\/54671"}],"replies":[{"embeddable":true,"href":"https:\/\/www.novaconcursos.com.br\/portal\/wp-json\/wp\/v2\/comments?post=156957"}],"version-history":[{"count":4,"href":"https:\/\/www.novaconcursos.com.br\/portal\/wp-json\/wp\/v2\/posts\/156957\/revisions"}],"predecessor-version":[{"id":156961,"href":"https:\/\/www.novaconcursos.com.br\/portal\/wp-json\/wp\/v2\/posts\/156957\/revisions\/156961"}],"wp:featuredmedia":[{"embeddable":true,"href":"https:\/\/www.novaconcursos.com.br\/portal\/wp-json\/wp\/v2\/media\/156864"}],"wp:attachment":[{"href":"https:\/\/www.novaconcursos.com.br\/portal\/wp-json\/wp\/v2\/media?parent=156957"}],"wp:term":[{"taxonomy":"category","embeddable":true,"href":"https:\/\/www.novaconcursos.com.br\/portal\/wp-json\/wp\/v2\/categories?post=156957"},{"taxonomy":"post_tag","embeddable":true,"href":"https:\/\/www.novaconcursos.com.br\/portal\/wp-json\/wp\/v2\/tags?post=156957"}],"curies":[{"name":"wp","href":"https:\/\/api.w.org\/{rel}","templated":true}]}}