{"id":157354,"date":"2022-03-11T10:50:30","date_gmt":"2022-03-11T13:50:30","guid":{"rendered":"https:\/\/www.novaconcursos.com.br\/portal\/?p=157354"},"modified":"2022-03-11T10:50:35","modified_gmt":"2022-03-11T13:50:35","slug":"concurso-tcu-mascaras-obrigatorias-locais-prova","status":"publish","type":"post","link":"https:\/\/www.novaconcursos.com.br\/portal\/noticias\/concurso-tcu-mascaras-obrigatorias-locais-prova\/","title":{"rendered":"Concurso TCU: M\u00e1scaras ser\u00e3o obrigat\u00f3rias em locais de prova. Saiba mais!"},"content":{"rendered":"<p>Aten\u00e7\u00e3o concurseiros! Quem for fazer o <a href=\"https:\/\/www.novaconcursos.com.br\/portal\/concursos\/concurso-tcu\/\">concurso TCU<\/a> dever\u00e1 usar<strong> m\u00e1scara de prote\u00e7\u00e3o facial<\/strong>, que ser\u00e1 obrigat\u00f3ria. S\u00e3o mais de\u00a0<strong>19 mil inscritos<\/strong>\u00a0que far\u00e3o os exames no pr\u00f3ximo dia 13 de mar\u00e7o, disputando <strong>20 vagas!<\/strong><\/p>\n\n\n\n<ul class=\"wp-block-list\"><li><strong>Confira:\u00a0<\/strong><a rel=\"noreferrer noopener\" aria-label=\" (abre numa nova aba)\" href=\"https:\/\/www.novaconcursos.com.br\/eventos\/guia-definitivo-como-fazer-uma-boa-revisao\/\" target=\"_blank\">Como fazer uma boa revis\u00e3o \u2013 Gr\u00e1tis<\/a><\/li><\/ul><p><\/p>\n\n\n\n<p>Estude para o concurso dos seus sonhos com a\u00a0<a href=\"https:\/\/www.novaconcursos.com.br\/eventos\/assinatura\" target=\"_blank\" rel=\"noreferrer noopener\" aria-label=\" (abre numa nova aba)\">Assinatura Completa da Nova<\/a>. Tenha acesso a Cursos, Plataforma de Quest\u00f5es, Eventos Exclusivos para Assinantes e Muito Mais!<\/p>\n\n\n\n<h2 class=\"wp-block-heading\" id=\"concurso-tcu-provas-se-aproximando-saiba-detalhes\">Concurso TCU: provas se aproximando, saiba detalhes!<\/h2>\n\n\n\n<p>As provas do\u00a0<a href=\"https:\/\/www.novaconcursos.com.br\/portal\/concursos-previstos\/nacional\">concurso\u00a0<\/a>do Tribunal de Contas da Uni\u00e3o\u00a0<strong>ser\u00e3o aplicadas neste domingo,<\/strong>\u00a0dia 13 de mar\u00e7o.<\/p>\n\n\n\n<p>Portanto, saiba\u00a0<strong>detalhes da avalia\u00e7\u00e3o\u00a0<\/strong>e consulte os locais de prova, que foram liberados nesta ter\u00e7a-feira (08\/03). <\/p>\n\n\n\n<h3 class=\"wp-block-heading\">M\u00e1scaras ser\u00e3o obrigat\u00f3rias<\/h3>\n\n\n\n<p>A banca Funda\u00e7\u00e3o Get\u00falio Vargas (FGV) <strong>orientou aos candidatos<\/strong> sobre o uso de m\u00e1scaras de prote\u00e7\u00e3o durante as provas.<\/p>\n\n\n\n<p>Assim, em documento <strong>publicado no site da organizadora<\/strong>, foi afirmado que o uso \u00e9 obrigat\u00f3rio independentemente de poss\u00edveis flexibiliza\u00e7\u00f5es das medidas sanit\u00e1rias em quaisquer cidades.<\/p>\n\n\n\n<p> <em>\u201cA Funda\u00e7\u00e3o Get\u00falio Vargas e o Tribunal de Contas da Uni\u00e3o avisam os candidatos que, independente de flexibiliza\u00e7\u00f5es de medidas sanit\u00e1rias contra a Covid-19 em quaisquer cidades em que haver\u00e1 aplica\u00e7\u00e3o de provas, a primeira etapa do concurso p\u00fablico ser\u00e1 realizada em todas as capitais do pa\u00eds obedecendo rigorosamente as mesmas regras, portanto, fica mantida a obrigatoriedade de m\u00e1scara facial, em aten\u00e7\u00e3o ao item 18.3 do edital de abertura\u201d<\/em>, diz o documento.<\/p>\n\n\n\n<p>Portanto, a prova ser\u00e1 aplicada em todas as capitais do Brasil e a <strong>medida j\u00e1 havia sido prevista em edital<\/strong>, inclusive. <\/p>\n\n\n\n<p><em>\u201c18.3 \u2013 O candidato dever\u00e1, durante todo o per\u00edodo de perman\u00eancia no local, usar m\u00e1scara de prote\u00e7\u00e3o individual, cobrindo nariz e boca simultaneamente. A recursa em utilizar a m\u00e1scara corretamente implicar\u00e1 a elimina\u00e7\u00e3o da prova e a retirada do candidato do local de prova\u201d<\/em>, afirma o edital.<\/p>\n\n\n\n<h3 class=\"wp-block-heading\" id=\"h-vacina-o\">Vacina\u00e7\u00e3o<\/h3>\n\n\n\n<p>Entretanto, o edital do concurso TCU <strong>n\u00e3o prev\u00ea a exig\u00eancia da comprova\u00e7\u00e3o de vacina <\/strong>por parte dos candidatos.<\/p>\n\n\n\n<p>Mas, \u00e9 importante lembrar que <strong>diversos estados<\/strong> seguem exigindo o Certificado Nacional de Vacina\u00e7\u00e3o, por meio de <strong>decretos<\/strong>. Ou seja, nessa parte, os decretos municipais v\u00e3o valer!<\/p>\n\n\n\n<h3 class=\"wp-block-heading\">Local de prova<\/h3>\n\n\n\n<p>Os concurseiros que ainda n\u00e3o realizaram a <strong>consulta ao local de prova<\/strong>, podem\u00a0<a href=\"https:\/\/www50.fgv.br\/ConsultaLocalProva.aspx?key=180\" target=\"_blank\" rel=\"noopener\">clicar neste link\u00a0<\/a>e conferir o seu!<\/p>\n\n\n\n<h3 class=\"wp-block-heading\">N\u00famero de inscritos<\/h3>\n\n\n\n<p>De acordo com dados da pr\u00f3pria banca organizadora, o certame\u00a0<strong>registrou 19.932 inscri\u00e7\u00f5es,\u00a0<\/strong>sendo assim, 966,60 candidatos por vaga.<\/p>\n\n\n\n<h3 class=\"wp-block-heading\">Como ser\u00e3o as provas<\/h3>\n\n\n\n<p>Assim, as provas objetivas ser\u00e3o aplicadas das\u00a0<strong>13h \u00e0s 18h<\/strong>, em\u00a0<strong>todas as capitais do pa\u00eds<\/strong>. Portanto, ser\u00e3o 100 quest\u00f5es de m\u00faltipla escolha.<\/p>\n\n\n\n<p>Entretanto, elas ser\u00e3o divididas entre\u00a0<strong>conhecimentos gerais e espec\u00edficos.<\/strong> Sendo assim, confira:<\/p>\n\n\n\n<ul class=\"wp-block-list\"><li><strong>Conhecimentos Gerais<\/strong><ul><li>L\u00edngua Portuguesa;<\/li><li>L\u00edngua Inglesa;<\/li><li>Matem\u00e1tica Financeira;<\/li><li>Controle Externo;<\/li><li>Administra\u00e7\u00e3o P\u00fablica;<\/li><li>Direitos:<ul><li>Constitucional;<\/li><li>Administrativo;<\/li><li>Civil;<\/li><li>Processual Civil<\/li><\/ul><\/li><li>Sistema Normativo Anticorrup\u00e7\u00e3o.<\/li><\/ul><\/li><li><strong>Conhecimentos Espec\u00edficos<\/strong><ul><li>Estat\u00edstica;<\/li><li>An\u00e1lise de Dados;<\/li><li>Auditoria Governamental;<\/li><li>Contabilidade do Setor P\u00fablico;<\/li><li>An\u00e1lise das Demonstra\u00e7\u00f5es Cont\u00e1beis;<\/li><li>Administra\u00e7\u00e3o Financeira e Or\u00e7ament\u00e1ria;<\/li><li>Economia do Setor P\u00fablico.<\/li><\/ul><\/li><\/ul><p><\/p>\n\n\n\n<h2 class=\"wp-block-heading\" id=\"concurso-tcu-vagas-e-salrios\">Concurso TCU: vagas e sal\u00e1rios<\/h2>\n\n\n\n<p>Vale recordar que o concurso oferta\u00a0<strong>20 vagas\u00a0<\/strong>para o cargo de Auditor Federal de Controle Externo, que exige o\u00a0<strong>n\u00edvel superior<\/strong>\u00a0de escolaridade.<\/p>\n\n\n\n<p>Ademais, 15 dessas vagas s\u00e3o para a\u00a0<strong>ampla concorr\u00eancia,<\/strong>\u00a0enquanto 01 \u00e9 reservada para\u00a0<strong>candidatos PcD<\/strong>\u00a0e 04 s\u00e3o para\u00a0<strong>candidatos negros.<\/strong><\/p>\n\n\n\n<p>J\u00e1 as<strong>\u00a0remunera\u00e7\u00f5es<\/strong>\u00a0dos aprovados no\u00a0<a href=\"https:\/\/www.novaconcursos.com.br\/portal\/concursos-abertos\/nacional\/\">concurso p\u00fablico<\/a>\u00a0possuir\u00e3o o valor de\u00a0<strong>R$ 21.947,82<\/strong>, al\u00e9m dos benef\u00edcios a seguir:<\/p>\n\n\n\n<ul class=\"wp-block-list\"><li>Aux\u00edlio Pr\u00e9-Escolar: R$ 791,58;<\/li><li>Aux\u00edlio Alimenta\u00e7\u00e3o: R$ 1.011,04;<\/li><li>Assist\u00eancia M\u00e9dica e Odontol\u00f3gica: R$ 402,14;<\/li><li>Aux\u00edlio-Transporte: R$ 26,01;<\/li><li>Exames Peri\u00f3dicos: R$ 144,07.<\/li><\/ul><p><\/p>\n\n\n\n<figure class=\"wp-block-image size-large\"><a href=\"https:\/\/www.novaconcursos.com.br\/eventos\/assinatura\" target=\"_blank\" rel=\"noreferrer noopener\"><img decoding=\"async\" src=\"https:\/\/www.novaconcursos.com.br\/portal\/wp-content\/uploads\/2022\/01\/Faixa-Frete-Gr%E2%80%A0tis-portal.png\" alt=\"assinatura completa\" class=\"wp-image-153078\" loading=\"lazy\" title=\"\"><\/a><figcaption><\/figcaption><\/figure>","protected":false},"excerpt":{"rendered":"<p>Aten\u00e7\u00e3o concurseiros! Quem for fazer o concurso TCU dever\u00e1 usar m\u00e1scara de prote\u00e7\u00e3o facial, que ser\u00e1 obrigat\u00f3ria. S\u00e3o mais de\u00a019 mil inscritos\u00a0que far\u00e3o os exames no pr\u00f3ximo dia 13 de mar\u00e7o, disputando 20 vagas! Confira:\u00a0Como fazer uma boa revis\u00e3o \u2013 Gr\u00e1tis Estude para o concurso dos seus sonhos com a\u00a0Assinatura Completa da Nova. Tenha acesso [&hellip;]<\/p>\n","protected":false},"author":54671,"featured_media":157100,"comment_status":"closed","ping_status":"closed","sticky":false,"template":"","format":"standard","meta":{"_acf_changed":false,"footnotes":"","_wp_rev_ctl_limit":""},"categories":[228],"tags":[],"class_list":["post-157354","post","type-post","status-publish","format-standard","has-post-thumbnail","hentry","category-noticias"],"acf":[],"_links":{"self":[{"href":"https:\/\/www.novaconcursos.com.br\/portal\/wp-json\/wp\/v2\/posts\/157354","targetHints":{"allow":["GET"]}}],"collection":[{"href":"https:\/\/www.novaconcursos.com.br\/portal\/wp-json\/wp\/v2\/posts"}],"about":[{"href":"https:\/\/www.novaconcursos.com.br\/portal\/wp-json\/wp\/v2\/types\/post"}],"author":[{"embeddable":true,"href":"https:\/\/www.novaconcursos.com.br\/portal\/wp-json\/wp\/v2\/users\/54671"}],"replies":[{"embeddable":true,"href":"https:\/\/www.novaconcursos.com.br\/portal\/wp-json\/wp\/v2\/comments?post=157354"}],"version-history":[{"count":4,"href":"https:\/\/www.novaconcursos.com.br\/portal\/wp-json\/wp\/v2\/posts\/157354\/revisions"}],"predecessor-version":[{"id":157358,"href":"https:\/\/www.novaconcursos.com.br\/portal\/wp-json\/wp\/v2\/posts\/157354\/revisions\/157358"}],"wp:featuredmedia":[{"embeddable":true,"href":"https:\/\/www.novaconcursos.com.br\/portal\/wp-json\/wp\/v2\/media\/157100"}],"wp:attachment":[{"href":"https:\/\/www.novaconcursos.com.br\/portal\/wp-json\/wp\/v2\/media?parent=157354"}],"wp:term":[{"taxonomy":"category","embeddable":true,"href":"https:\/\/www.novaconcursos.com.br\/portal\/wp-json\/wp\/v2\/categories?post=157354"},{"taxonomy":"post_tag","embeddable":true,"href":"https:\/\/www.novaconcursos.com.br\/portal\/wp-json\/wp\/v2\/tags?post=157354"}],"curies":[{"name":"wp","href":"https:\/\/api.w.org\/{rel}","templated":true}]}}