{"id":157359,"date":"2022-03-11T11:04:23","date_gmt":"2022-03-11T14:04:23","guid":{"rendered":"https:\/\/www.novaconcursos.com.br\/portal\/?p=157359"},"modified":"2022-03-11T11:04:27","modified_gmt":"2022-03-11T14:04:27","slug":"concurso-ufrj-editais-dia-16-03-informa-pro-reitor","status":"publish","type":"post","link":"https:\/\/www.novaconcursos.com.br\/portal\/noticias\/concurso-ufrj-editais-dia-16-03-informa-pro-reitor\/","title":{"rendered":"Concurso UFRJ: Editais publicados dia 16\/03, informa pr\u00f3-reitor!"},"content":{"rendered":"<p>Boa not\u00edcia concurseiros! O pr\u00f3-reitor de Pessoal da Universidade Federal do Rio de Janeiro, Alexandre Brasil, afirmou que\u00a0<strong>os editais\u00a0<\/strong>para o\u00a0<a href=\"https:\/\/www.novaconcursos.com.br\/portal\/concursos\/concurso-ufrj\/\">concurso UFRJ<\/a>\u00a0ser\u00e3o\u00a0<strong>publicados dia 16 de mar\u00e7o. <\/strong>Ser\u00e3o <strong>242 vagas!<\/strong><\/p>\n\n\n\n<ul class=\"wp-block-list\"><li><strong>Confira:<\/strong>\u00a0<a href=\"https:\/\/www.novaconcursos.com.br\/eventos\/guia-definitivo-plano-de-estudos-passo-a-passo\/\" target=\"_blank\" rel=\"noreferrer noopener\" aria-label=\" (abre numa nova aba)\">Material gr\u00e1tis \u2013 Guia Definitivo Plano de Estudos<\/a><\/li><\/ul><p><\/p>\n\n\n\n<p>Estude para o concurso dos seus sonhos com a\u00a0<a href=\"https:\/\/www.novaconcursos.com.br\/eventos\/assinatura\" target=\"_blank\" rel=\"noreferrer noopener\" aria-label=\" (abre numa nova aba)\">Assinatura Completa da Nova<\/a>\u00a0\u00a0. Tenha acesso a Cursos, Plataforma de Quest\u00f5es, Eventos Exclusivos para Assinantes e Muito Mais!<\/p>\n\n\n\n<h2 class=\"wp-block-heading\" id=\"concurso-ufrj-editais-mais-perto-do-que-nunca\">Concurso UFRJ: editais mais perto do que nunca<\/h2>\n\n\n\n<p>Os editais do concurso da Universidade Federal do\u00a0<a href=\"https:\/\/www.novaconcursos.com.br\/portal\/concursos-previstos\/rj\/\">Rio de Janeiro<\/a>\u00a0<strong>dever\u00e3o ser publicados<\/strong>\u00a0no dia 16 de mar\u00e7o.<\/p>\n\n\n\n<p>Assim, a informa\u00e7\u00e3o foi confirmada pelo pr\u00f3-reitor de Pessoal da Universidade. Ademais, ele ainda afirma que\u00a0<strong>as inscri\u00e7\u00f5es devem ser abertas\u00a0<\/strong>ainda neste m\u00eas.<\/p>\n\n\n\n<p>Portanto, a fala foi dada durante <strong>transmiss\u00e3o ao vivo<\/strong> nos canais da institui\u00e7\u00e3o, nesta quinta-feira (10).<\/p>\n\n\n\n<p><em>\u201cEu gostaria de informar que, na pr\u00f3xima semana, no dia 16 de mar\u00e7o, ser\u00e1 publicado o edital regulador do concurso para n\u00edvel m\u00e9dio, principalmente o cargo de assistente administrativo, da UFRJ\u201d<\/em>, disse ele.<\/p>\n\n\n\n<p>Lembrando que a\u00a0<strong>PR4 \u00e9 a banca organizadora e <\/strong>as taxas de inscri\u00e7\u00e3o devem variar entre\u00a0<strong>R$100 e R$150,<\/strong>\u00a0dependendo do cargo escolhido.<\/p>\n\n\n\n<h3 class=\"wp-block-heading\">Ser\u00e3o quantos editais?<\/h3>\n\n\n\n<p>O pr\u00f3-reitor afirmou que a corpora\u00e7\u00e3o trabalha para publicar at\u00e9\u00a0<strong>at\u00e9 tr\u00eas editais<\/strong>, mas ainda n\u00e3o h\u00e1 confirma\u00e7\u00e3o!<\/p>\n\n\n\n<p>Portanto, ser\u00e1 um para <strong>T\u00e9cnicos-Administrativos,<\/strong> de n\u00edveis m\u00e9dio e m\u00e9dio\/t\u00e9cnico, um para <strong>cargos de n\u00edvel superior <\/strong>e outro para o <strong>Magist\u00e9rio<\/strong>.<\/p>\n\n\n\n<h2 class=\"wp-block-heading\" id=\"concurso-ufrj-quando-sero-as-provas-e-as-convocaes\">Concurso UFRJ: q<strong>uando ser\u00e3o as provas e as convoca\u00e7\u00f5es?<\/strong><\/h2>\n\n\n\n<p>Caso os editais sejam publicados mesmo esse m\u00eas, as\u00a0<strong>provas\u00a0ser\u00e3o aplicadas em maio<\/strong>, ou seja, dois meses depois.<\/p>\n\n\n\n<p>Assim, a previs\u00e3o tem rela\u00e7\u00e3o com a\u00a0<strong>necessidade da universidade\u00a0<\/strong>de contar com novos servidores o mais r\u00e1pido poss\u00edvel,<strong>\u00a0devido ao d\u00e9ficit.<\/strong><\/p>\n\n\n\n<p>Al\u00e9m disso, 2022 \u00e9 ano eleitoral, sendo assim o concurso<strong>\u00a0precisa ser homologado at\u00e9 2 de julho<\/strong>\u00a0para que haja convoca\u00e7\u00e3o ainda este ano!<\/p>\n\n\n\n<p><em>\u201cQueremos iniciar a convoca\u00e7\u00e3o dos aprovados ainda este ano\u201d<\/em>, disse Alexandre Brasil.<em>\u00a0\u201cN\u00e3o sei se convocaremos todos, mas a ideia \u00e9 chamar o m\u00e1ximo poss\u00edvel durante o prazo de validade, que ser\u00e1 de um ano, podendo dobrar\u201d,\u00a0<\/em>completou.<\/p>\n\n\n\n<h2 class=\"wp-block-heading\" id=\"sero-quantas-vagas-efetivas-no-concurso-ufrj\"><strong>Ser\u00e3o quantas vagas efetivas<\/strong>\u00a0no concurso UFRJ?<\/h2>\n\n\n\n<p>O concurso da Universidade Federal do\u00a0<a href=\"https:\/\/www.novaconcursos.com.br\/portal\/concursos-abertos\/rj\/\">Rio de Janeiro<\/a>\u00a0ofertar\u00e1 um total de\u00a0<strong>242 vagas<\/strong>.<\/p>\n\n\n\n<p>Assim, <strong>ser\u00e3o oportunidades distribu\u00eddas pelos campi\u00a0<\/strong>do Rio de Janeiro, Maca\u00e9 e Duque de Caxias. Portanto, confira a divis\u00e3o:<\/p>\n\n\n\n<ul class=\"wp-block-list\"><li><strong>N\u00edveis\u00a0m\u00e9dio e t\u00e9cnico \u2013 102 vagas<\/strong><ul><li>Assistente em Administra\u00e7\u00e3o \u2013 82 vagas, sendo 62 na ampla concorr\u00eancia<\/li><li>T\u00e9cnico<ul><li>de Laborat\u00f3rio \u2013 8 vagas<ul><li>An\u00e1lises Cl\u00ednicas<\/li><li>Biologia<\/li><li>Cole\u00e7\u00f5es Geopalenteol\u00f3gicas e Zool\u00f3gicas<\/li><li>Patolologia Cl\u00ednica<\/li><li>Qu\u00edmica;<\/li><\/ul><\/li><li>de TI \u2013 3 vagas<ul><li>Desenvolvimento<\/li><li>Suporte a Seguran\u00e7a<\/li><li>Redes e\u00a0Suporte ao Usu\u00e1rio<\/li><\/ul><\/li><li>em contabilidade \u2013 11 vagas<\/li><\/ul><\/li><\/ul><\/li><li><strong>N\u00edvel superior \u2013 91 vagas<\/strong><ul><li>Analista de TI (01);<\/li><li>Arquiteto e Urbanista (01);<\/li><li>Arquivista (01);<\/li><li>Assistente social (01);<\/li><li>Auditor (05);<\/li><li>Bibliotec\u00e1rio-documentalista (04);<\/li><li>Bi\u00f3logo (02);<\/li><li>Contador (01);<\/li><li>Enfermeiro (25);<\/li><li>Engenheiro (05);<\/li><li>Estat\u00edstico (01);<\/li><li>Farmac\u00eautico (02);<\/li><li>Farmac\u00eautico Bioqu\u00edmico (01);<\/li><li>M\u00e9dico (24);<\/li><li>M\u00fasico (03);<\/li><li>Nutricionista (02);<\/li><li>Odont\u00f3logo (05);<\/li><li>Pedagogo (01);<\/li><li>Psic\u00f3logo (01);<\/li><li>Qu\u00edmico (01);<\/li><li>T\u00e9cnico em Assuntos Educacionais (03); e<\/li><li>T\u00e9cnico Desportivo (01).<\/li><\/ul><\/li><li><strong>Magist\u00e9rio superior \u2013\u00a049 vagas<\/strong><ul><li>Professor Adjunto A<\/li><\/ul><\/li><\/ul><p><\/p>\n\n\n\n<p><em>\u201cN\u00e3o sei se convocaremos todos, mas a ideia \u00e9 chamar o m\u00e1ximo poss\u00edvel durante o prazo de validade, que ser\u00e1 de um ano, podendo dobrar\u201d<\/em>,\u00a0explicou o pr\u00f3-reitor.<\/p>\n\n\n\n<p>Sendo assim, os <strong>aprovados na carreira de Assistente em Administra\u00e7\u00e3o<\/strong> costumam contar com os seguintes ganhos:<\/p>\n\n\n\n<ul class=\"wp-block-list\"><li><strong>vencimentos iniciais R$2.904,96<\/strong><\/li><li>aux\u00edlio-alimenta\u00e7\u00e3o de R$458 (j\u00e1 somado na remunera\u00e7\u00e3o);<\/li><li>aux\u00edlio-creche (R$321 para quem tem dependentes de at\u00e9 cinco\u00a0anos);<\/li><li>promo\u00e7\u00f5es a cada 18 meses (ap\u00f3s avalia\u00e7\u00e3o, com reajuste salarial); e<\/li><li>gratifica\u00e7\u00e3o por qualifica\u00e7\u00e3o profissional.<\/li><\/ul><p><\/p>\n\n\n\n<p>Entretanto, um candidato que j\u00e1 tenha\u00a0<strong>curso superior,\u00a0<\/strong>por exemplo, pode ter uma\u00a0remunera\u00e7\u00e3o de<strong>\u00a0R$3.516,70<\/strong>. Ademais, isso j\u00e1 que receber\u00e1 o\u00a0reajuste\u00a0de 25%\u00a0sobre o vencimento (R$611,74).<\/p>\n\n\n\n<p><\/p>\n\n\n\n<figure class=\"wp-block-image size-large\"><a href=\"https:\/\/www.novaconcursos.com.br\/eventos\/assinatura\" target=\"_blank\" rel=\"noreferrer noopener\"><img decoding=\"async\" src=\"https:\/\/www.novaconcursos.com.br\/portal\/wp-content\/uploads\/2022\/01\/Faixa-Frete-Gr%E2%80%A0tis-portal.png\" alt=\"assinatura completa\" class=\"wp-image-153078\" loading=\"lazy\" title=\"\"><\/a><figcaption><\/figcaption><\/figure>","protected":false},"excerpt":{"rendered":"<p>Boa not\u00edcia concurseiros! O pr\u00f3-reitor de Pessoal da Universidade Federal do Rio de Janeiro, Alexandre Brasil, afirmou que\u00a0os editais\u00a0para o\u00a0concurso UFRJ\u00a0ser\u00e3o\u00a0publicados dia 16 de mar\u00e7o. Ser\u00e3o 242 vagas! Confira:\u00a0Material gr\u00e1tis \u2013 Guia Definitivo Plano de Estudos Estude para o concurso dos seus sonhos com a\u00a0Assinatura Completa da Nova\u00a0\u00a0. Tenha acesso a Cursos, Plataforma de Quest\u00f5es, [&hellip;]<\/p>\n","protected":false},"author":54671,"featured_media":156169,"comment_status":"closed","ping_status":"closed","sticky":false,"template":"","format":"standard","meta":{"_acf_changed":false,"footnotes":"","_wp_rev_ctl_limit":""},"categories":[228],"tags":[],"class_list":["post-157359","post","type-post","status-publish","format-standard","has-post-thumbnail","hentry","category-noticias"],"acf":[],"_links":{"self":[{"href":"https:\/\/www.novaconcursos.com.br\/portal\/wp-json\/wp\/v2\/posts\/157359","targetHints":{"allow":["GET"]}}],"collection":[{"href":"https:\/\/www.novaconcursos.com.br\/portal\/wp-json\/wp\/v2\/posts"}],"about":[{"href":"https:\/\/www.novaconcursos.com.br\/portal\/wp-json\/wp\/v2\/types\/post"}],"author":[{"embeddable":true,"href":"https:\/\/www.novaconcursos.com.br\/portal\/wp-json\/wp\/v2\/users\/54671"}],"replies":[{"embeddable":true,"href":"https:\/\/www.novaconcursos.com.br\/portal\/wp-json\/wp\/v2\/comments?post=157359"}],"version-history":[{"count":4,"href":"https:\/\/www.novaconcursos.com.br\/portal\/wp-json\/wp\/v2\/posts\/157359\/revisions"}],"predecessor-version":[{"id":157365,"href":"https:\/\/www.novaconcursos.com.br\/portal\/wp-json\/wp\/v2\/posts\/157359\/revisions\/157365"}],"wp:featuredmedia":[{"embeddable":true,"href":"https:\/\/www.novaconcursos.com.br\/portal\/wp-json\/wp\/v2\/media\/156169"}],"wp:attachment":[{"href":"https:\/\/www.novaconcursos.com.br\/portal\/wp-json\/wp\/v2\/media?parent=157359"}],"wp:term":[{"taxonomy":"category","embeddable":true,"href":"https:\/\/www.novaconcursos.com.br\/portal\/wp-json\/wp\/v2\/categories?post=157359"},{"taxonomy":"post_tag","embeddable":true,"href":"https:\/\/www.novaconcursos.com.br\/portal\/wp-json\/wp\/v2\/tags?post=157359"}],"curies":[{"name":"wp","href":"https:\/\/api.w.org\/{rel}","templated":true}]}}